{"id":41255,"date":"2021-03-17T18:23:20","date_gmt":"2021-03-17T21:23:20","guid":{"rendered":"https:\/\/sindenfermeiro.com.br\/?p=41255"},"modified":"2026-04-26T20:14:16","modified_gmt":"2026-04-26T23:14:16","slug":"acao-conjunta-covid-19-visita-hrbz-para-averiguar-condicoes-de-trabalho-dos-servidores-e-de-atendimento-aos-pacientes","status":"publish","type":"post","link":"https:\/\/sindenfermeiro.com.br\/index.php\/2021\/03\/17\/acao-conjunta-covid-19-visita-hrbz-para-averiguar-condicoes-de-trabalho-dos-servidores-e-de-atendimento-aos-pacientes\/","title":{"rendered":"A\u00e7\u00e3o Conjunta Covid-19 visita HRBz para averiguar condi\u00e7\u00f5es de trabalho dos servidores e de atendimento aos pacientes"},"content":{"rendered":"<p>A A\u00e7\u00e3o Conjunta Covid-19 esteve hoje (17) no Hospital Regional de Brazl\u00e2ndia (HRBz), para averiguar de perto as condi\u00e7\u00f5es oferecidas pela unidade para o atendimento \u00e0 popula\u00e7\u00e3o, bem como a disponibilidade de leitos, insumos para os profissionais e organiza\u00e7\u00e3o dos fluxos de atendimento.<\/p>\n<p>Participaram da visita a presidente do SindEnfermeiro, Dayse Amar\u00edlio, e o secret\u00e1rio-geral Jorge Henrique, al\u00e9m de representantes da OAB-DF, CLDF e outras entidades. A fiscaliza\u00e7\u00e3o visitou diversas alas do hospital, especialmente as \u00e1reas destinadas aos pacientes contaminados pelo coronav\u00edrus, al\u00e9m de observar a disponibilidade de insumos necess\u00e1rios ao trabalho dos servidores.<\/p>\n<p>Durante a visita, a situa\u00e7\u00e3o encontrada na unidade foi considerada surpreendente pela for\u00e7a-tarefa. O hospital n\u00e3o possui pacientes aguardando pelos corredores, h\u00e1 insumos para os trabalhadores e inclusive novos equipamentos foram entregues para a unidade.<\/p>\n<p>No entanto, ap\u00f3s conversas informais com trabalhadores, foi relatado que a situa\u00e7\u00e3o \u00e9 bem diferente da encontrada na semana passada \u2013 onde o hospital encontrava-se saturado, e que as mudan\u00e7as come\u00e7aram a ser realizadas \u00e0s pressas na \u00faltima segunda-feira. Coincidentemente, na mesma data, a A\u00e7\u00e3o Conjunta Covid-19 enviou of\u00edcio \u00e0 C\u00e2mara Legislativa do DF solicitando a presen\u00e7a do presidente da casa, Rafael Prudente (MDB) na visita de hoje.<\/p>\n<p>Nem a suposta tentativa de mascarar os problemas da unidade foram o suficiente para esconder graves irregularidades. De acordo com a presidente do SindEnfermeiro, Dayse Amar\u00edlio, o dimensionamento da unidade \u00e9 prec\u00e1rio, e existem situa\u00e7\u00f5es como a mesma equipe ter que realizar o atendimento aos pacientes contaminados graves no pronto-socorro e tamb\u00e9m fazer a classifica\u00e7\u00e3o de risco dos pacientes sintom\u00e1ticos.<\/p>\n<p><strong>Risco sanit\u00e1rio<\/strong><\/p>\n<p>Ainda na emerg\u00eancia, h\u00e1 apenas um banheiro, que \u00e9 utilizado tanto pelos pacientes contaminados, pacientes com suspeita e tamb\u00e9m os servidores, e fica localizado no hall de entrada do pronto-socorro \u2013 gerando grande risco sanit\u00e1rio de propaga\u00e7\u00e3o do v\u00edrus.<\/p>\n<p>Al\u00e9m disso, na ala de interna\u00e7\u00e3o para os pacientes contaminados \u2013 composta por cl\u00ednica m\u00e9dica, cir\u00fargica, pediatria e a \u00e1rea de coorte, todos os pacientes est\u00e3o sendo assistidos pela mesma equipe utilizando, inclusive, a mesma paramenta\u00e7\u00e3o e equipamentos.<\/p>\n<p>\u201cTemos enfermarias que est\u00e3o sendo atendidas pelos mesmos profissionais, usando inclusive as mesmas paramenta\u00e7\u00f5es porque n\u00e3o h\u00e1 um lugar para que eles possam realizar a troca. Os verificadores de press\u00e3o e ox\u00edmetros, por exemplo, recebem apenas uma higieniza\u00e7\u00e3o r\u00e1pida e s\u00e3o utilizados por diferentes pacientes \u2013 inclusive n\u00e3o contaminados\u201d, afirmou.<\/p>\n<p><strong>Escalas suspeitas<\/strong><\/p>\n<p>A unidade costuma ter dois m\u00e9dicos para atender a todos os setores do hospital. Por\u00e9m, estranhamente, o plant\u00e3o de hoje est\u00e1 escalado com tr\u00eas m\u00e9dicos-cirurgi\u00f5es, mas o HRBz n\u00e3o \u00e9 uma unidade refer\u00eancia para a realiza\u00e7\u00e3o de cirurgias de urg\u00eancia, n\u00e3o est\u00e1 atendendo de portas abertas para a demanda espont\u00e2nea, e nem realizando interven\u00e7\u00f5es eletivas.<\/p>\n<p><strong>Pediatria n\u00e3o separa contaminados de outras patologias<\/strong><\/p>\n<p>Segundo Dayse, \u201cno pronto-socorro da pediatria, as crian\u00e7as que est\u00e3o internadas com coronav\u00edrus est\u00e3o separadas das crian\u00e7as com outras patologias apenas por um \u201cbiombo\u201d, por\u00e9m convivendo no mesmo ambiente, e sendo atendidas pela mesma equipe\u201d.<\/p>\n<p><strong>Casos confirmados e em an\u00e1lise na mesma ala<\/strong><\/p>\n<p>A for\u00e7a-tarefa tamb\u00e9m constatou outro problema extremamente grave: os pacientes que est\u00e3o com suspeita de contamina\u00e7\u00e3o pelo coronav\u00edrus dividem a mesma ala daqueles que j\u00e1 est\u00e3o com a confirma\u00e7\u00e3o da infec\u00e7\u00e3o.<\/p>\n<p>De acordo com Dayse, h\u00e1 inclusive casos de pessoas com suspeita de contamina\u00e7\u00e3o que permaneceram por dias na ala, tiveram resultado negativo para o coronav\u00edrus e agora v\u00e3o seguir para a enfermaria geral.<\/p>\n<p>\u201cA paciente ficou cinco dias aguardando o resultado do PCR (teste) convivendo na mesma ala que os pacientes contaminados, e agora vai ser transferida. Se antes ela n\u00e3o estava contaminada, existe a possibilidade de que depois desse per\u00edodo a contamina\u00e7\u00e3o tenha acontecido, e uma pessoa que carrega o v\u00edrus vai ser levada para uma enfermaria com pessoas n\u00e3o contaminadas\u201d, apontou.<\/p>\n<p><strong>Triste coincid\u00eancia<\/strong><\/p>\n<p>Uma situa\u00e7\u00e3o muito triste marcou o fim da visita de hoje no HRBz. Uma paciente de 41 anos, moradora da cidade, procurava atendimento pela rede desde a \u00faltima segunda-feira \u2013 passando inclusive pelo hospital, e s\u00f3 hoje conseguiu vaga em uma Unidade B\u00e1sica de Sa\u00fade (UBS). No entanto, a paciente est\u00e1 com 70% dos pulm\u00f5es comprometidos e em estado grave.<\/p>\n<p>Ao fim de cada visita, a A\u00e7\u00e3o Conjunta Covid-19 far\u00e1 um relat\u00f3rio detalhando a situa\u00e7\u00e3o encontrada em cada unidade, encaminhando para os \u00f3rg\u00e3os competentes e apontando as recomenda\u00e7\u00f5es que devem ser seguidas pela institui\u00e7\u00e3o.<\/p>\n","protected":false},"excerpt":{"rendered":"<p>A A\u00e7\u00e3o Conjunta Covid-19 esteve hoje (17) no Hospital Regional de Brazl\u00e2ndia (HRBz), para averiguar de perto as condi\u00e7\u00f5es oferecidas pela unidade para o atendimento \u00e0 popula\u00e7\u00e3o, bem como a disponibilidade de leitos, insumos para os profissionais e organiza\u00e7\u00e3o dos fluxos de atendimento. Participaram da visita a presidente do SindEnfermeiro, Dayse Amar\u00edlio, e o secret\u00e1rio-geral [&hellip;]<\/p>\n","protected":false},"author":6,"featured_media":41256,"comment_status":"open","ping_status":"open","sticky":false,"template":"","format":"standard","meta":{"footnotes":""},"categories":[6,13,5],"tags":[502,222,256,532,685],"class_list":["post-41255","post","type-post","status-publish","format-standard","has-post-thumbnail","hentry","category-noticias","category-rede-privada","category-rede-publica","tag-acao-conjunta","tag-dayse-amarilio","tag-hrbz","tag-jorge-henrique","tag-sindicato-dos-enferemiros"],"_links":{"self":[{"href":"https:\/\/sindenfermeiro.com.br\/index.php\/wp-json\/wp\/v2\/posts\/41255","targetHints":{"allow":["GET"]}}],"collection":[{"href":"https:\/\/sindenfermeiro.com.br\/index.php\/wp-json\/wp\/v2\/posts"}],"about":[{"href":"https:\/\/sindenfermeiro.com.br\/index.php\/wp-json\/wp\/v2\/types\/post"}],"author":[{"embeddable":true,"href":"https:\/\/sindenfermeiro.com.br\/index.php\/wp-json\/wp\/v2\/users\/6"}],"replies":[{"embeddable":true,"href":"https:\/\/sindenfermeiro.com.br\/index.php\/wp-json\/wp\/v2\/comments?post=41255"}],"version-history":[{"count":1,"href":"https:\/\/sindenfermeiro.com.br\/index.php\/wp-json\/wp\/v2\/posts\/41255\/revisions"}],"predecessor-version":[{"id":41257,"href":"https:\/\/sindenfermeiro.com.br\/index.php\/wp-json\/wp\/v2\/posts\/41255\/revisions\/41257"}],"wp:featuredmedia":[{"embeddable":true,"href":"https:\/\/sindenfermeiro.com.br\/index.php\/wp-json\/wp\/v2\/media\/41256"}],"wp:attachment":[{"href":"https:\/\/sindenfermeiro.com.br\/index.php\/wp-json\/wp\/v2\/media?parent=41255"}],"wp:term":[{"taxonomy":"category","embeddable":true,"href":"https:\/\/sindenfermeiro.com.br\/index.php\/wp-json\/wp\/v2\/categories?post=41255"},{"taxonomy":"post_tag","embeddable":true,"href":"https:\/\/sindenfermeiro.com.br\/index.php\/wp-json\/wp\/v2\/tags?post=41255"}],"curies":[{"name":"wp","href":"https:\/\/api.w.org\/{rel}","templated":true}]}}