{"id":41248,"date":"2021-03-17T09:58:21","date_gmt":"2021-03-17T12:58:21","guid":{"rendered":"https:\/\/sindenfermeiro.com.br\/?p=41248"},"modified":"2026-04-26T20:11:25","modified_gmt":"2026-04-26T23:11:25","slug":"nota-de-apoio-racismo-em-ubs-do-paranoa","status":"publish","type":"post","link":"https:\/\/sindenfermeiro.com.br\/index.php\/2021\/03\/17\/nota-de-apoio-racismo-em-ubs-do-paranoa\/","title":{"rendered":"Nota de Apoio \u2013 Racismo em UBS do Parano\u00e1"},"content":{"rendered":"<p><img loading=\"lazy\" decoding=\"async\" class=\"size-medium wp-image-41249 aligncenter\" src=\"https:\/\/sindenfermeiro.com.br\/wp-content\/uploads\/2021\/03\/WhatsApp-Image-2021-03-16-at-16.01.26-300x300.jpeg\" alt=\"\" width=\"300\" height=\"300\" srcset=\"https:\/\/sindenfermeiro.com.br\/wp-content\/uploads\/2021\/03\/WhatsApp-Image-2021-03-16-at-16.01.26-300x300.jpeg 300w, https:\/\/sindenfermeiro.com.br\/wp-content\/uploads\/2021\/03\/WhatsApp-Image-2021-03-16-at-16.01.26-1024x1024.jpeg 1024w, https:\/\/sindenfermeiro.com.br\/wp-content\/uploads\/2021\/03\/WhatsApp-Image-2021-03-16-at-16.01.26-150x150.jpeg 150w, https:\/\/sindenfermeiro.com.br\/wp-content\/uploads\/2021\/03\/WhatsApp-Image-2021-03-16-at-16.01.26-768x768.jpeg 768w, https:\/\/sindenfermeiro.com.br\/wp-content\/uploads\/2021\/03\/WhatsApp-Image-2021-03-16-at-16.01.26.jpeg 1080w\" sizes=\"auto, (max-width: 300px) 100vw, 300px\" \/><\/p>\n<p style=\"text-align: justify\">O Sindicato dos Enfermeiros do Distrito Federal (SindEnfermeiro-DF) vem por meio dessa nota prestar seu apoio \u00e0 enfermeira Ana Carla Esp\u00edrito Santo que foi v\u00edtima do crime de inj\u00faria racial no seu ambiente de trabalhado.<\/p>\n<p style=\"text-align: justify\">Ana Carla, que atua no Parano\u00e1, sofreu ataques racistas na tarde da \u00faltima segunda-feira, (15), de acompanhante de paciente diante de diversas testemunhas. Num momento de not\u00f3ria sobrecarga dos servidores da sa\u00fade, essa atitude, al\u00e9m de criminosa, causa verdadeira ojeriza! Enfermeira h\u00e1 26 anos, Ana Carla destaca que, mesmo nesse momento t\u00e3o dif\u00edcil e com trabalho intenso, mant\u00e9m a calma por entender o drama de pacientes e familiares diante da pandemia. Mas a agressora insistia em ofender mesmo ap\u00f3s orienta\u00e7\u00e3o e, inclusive, direcionou ataques tamb\u00e9m a outros pacientes que aguardavam atendimento.<\/p>\n<p style=\"text-align: justify\">A viol\u00eancia sofrida por Ana Carla reflete duas tristes realidades: das negras e negros brasileiros que ainda colhem os amargos frutos do passado escravocrata. E dos trabalhadores da enfermagem que enfrentam desvaloriza\u00e7\u00e3o, falta de condi\u00e7\u00f5es de trabalho e uma s\u00e9rie de outras neglig\u00eancias hist\u00f3ricas. N\u00e3o vamos aceitar mais viol\u00eancias calados! O SindEnfermeiro est\u00e1 aqui para apoiar a categoria! Para Ana Carla, est\u00e3o sendo prestados apoio e assist\u00eancia jur\u00eddica. E para qualquer enfermeira ou enfermeiro que sofra algum tipo de viol\u00eancia, estamos aqui para ajudar.<\/p>\n<p style=\"text-align: justify\">\u00c9 importante lembrar para v\u00edtimas diante uma situa\u00e7\u00e3o de viol\u00eancia, a den\u00fancia parece dif\u00edcil ou desnecess\u00e1ria, mas \u00e9 essencial para que se iniba novas agress\u00f5es! Ressaltamos tamb\u00e9m que \u00e9 vital que toda a sociedade adote uma postura antirracista. Parafraseando a fil\u00f3sofa americana, Angela Devis, \u201cn\u00e3o basta n\u00e3o ser racista, \u00e9 necess\u00e1rio ser antirracista!\u201d.<\/p>\n","protected":false},"excerpt":{"rendered":"<p>O Sindicato dos Enfermeiros do Distrito Federal (SindEnfermeiro-DF) vem por meio dessa nota prestar seu apoio \u00e0 enfermeira Ana Carla Esp\u00edrito Santo que foi v\u00edtima do crime de inj\u00faria racial no seu ambiente de trabalhado. Ana Carla, que atua no Parano\u00e1, sofreu ataques racistas na tarde da \u00faltima segunda-feira, (15), de acompanhante de paciente diante [&hellip;]<\/p>\n","protected":false},"author":6,"featured_media":41249,"comment_status":"open","ping_status":"open","sticky":false,"template":"","format":"standard","meta":{"footnotes":""},"categories":[6,13,5],"tags":[684,7,585,275,683,56,356],"class_list":["post-41248","post","type-post","status-publish","format-standard","has-post-thumbnail","hentry","category-noticias","category-rede-privada","category-rede-publica","tag-antirracismo","tag-enfermagem","tag-enfermeira","tag-enfermeiro","tag-sindenfermeira","tag-sindicato","tag-ubs"],"_links":{"self":[{"href":"https:\/\/sindenfermeiro.com.br\/index.php\/wp-json\/wp\/v2\/posts\/41248","targetHints":{"allow":["GET"]}}],"collection":[{"href":"https:\/\/sindenfermeiro.com.br\/index.php\/wp-json\/wp\/v2\/posts"}],"about":[{"href":"https:\/\/sindenfermeiro.com.br\/index.php\/wp-json\/wp\/v2\/types\/post"}],"author":[{"embeddable":true,"href":"https:\/\/sindenfermeiro.com.br\/index.php\/wp-json\/wp\/v2\/users\/6"}],"replies":[{"embeddable":true,"href":"https:\/\/sindenfermeiro.com.br\/index.php\/wp-json\/wp\/v2\/comments?post=41248"}],"version-history":[{"count":3,"href":"https:\/\/sindenfermeiro.com.br\/index.php\/wp-json\/wp\/v2\/posts\/41248\/revisions"}],"predecessor-version":[{"id":41252,"href":"https:\/\/sindenfermeiro.com.br\/index.php\/wp-json\/wp\/v2\/posts\/41248\/revisions\/41252"}],"wp:featuredmedia":[{"embeddable":true,"href":"https:\/\/sindenfermeiro.com.br\/index.php\/wp-json\/wp\/v2\/media\/41249"}],"wp:attachment":[{"href":"https:\/\/sindenfermeiro.com.br\/index.php\/wp-json\/wp\/v2\/media?parent=41248"}],"wp:term":[{"taxonomy":"category","embeddable":true,"href":"https:\/\/sindenfermeiro.com.br\/index.php\/wp-json\/wp\/v2\/categories?post=41248"},{"taxonomy":"post_tag","embeddable":true,"href":"https:\/\/sindenfermeiro.com.br\/index.php\/wp-json\/wp\/v2\/tags?post=41248"}],"curies":[{"name":"wp","href":"https:\/\/api.w.org\/{rel}","templated":true}]}}