{"id":41240,"date":"2021-03-16T18:10:46","date_gmt":"2021-03-16T21:10:46","guid":{"rendered":"https:\/\/sindenfermeiro.com.br\/?p=41240"},"modified":"2026-04-27T00:22:16","modified_gmt":"2026-04-27T03:22:16","slug":"acao-conjunta-covid-19-vai-ao-hrsm-averiguar-denuncias-e-as-condicoes-de-trabalho-dos-servidores","status":"publish","type":"post","link":"https:\/\/sindenfermeiro.com.br\/index.php\/2021\/03\/16\/acao-conjunta-covid-19-vai-ao-hrsm-averiguar-denuncias-e-as-condicoes-de-trabalho-dos-servidores\/","title":{"rendered":"A\u00e7\u00e3o Conjunta Covid-19 vai ao HRSM averiguar den\u00fancias e as condi\u00e7\u00f5es de trabalho dos servidores"},"content":{"rendered":"<p><img loading=\"lazy\" decoding=\"async\" class=\"aligncenter wp-image-41246 \" src=\"https:\/\/sindenfermeiro.com.br\/wp-content\/uploads\/2021\/03\/WhatsApp-Image-2021-03-16-at-13.02.38-1024x766.jpeg\" alt=\"\" width=\"577\" height=\"431\" srcset=\"https:\/\/sindenfermeiro.com.br\/wp-content\/uploads\/2021\/03\/WhatsApp-Image-2021-03-16-at-13.02.38-1024x766.jpeg 1024w, https:\/\/sindenfermeiro.com.br\/wp-content\/uploads\/2021\/03\/WhatsApp-Image-2021-03-16-at-13.02.38-300x225.jpeg 300w, https:\/\/sindenfermeiro.com.br\/wp-content\/uploads\/2021\/03\/WhatsApp-Image-2021-03-16-at-13.02.38-768x575.jpeg 768w, https:\/\/sindenfermeiro.com.br\/wp-content\/uploads\/2021\/03\/WhatsApp-Image-2021-03-16-at-13.02.38.jpeg 1280w\" sizes=\"auto, (max-width: 577px) 100vw, 577px\" \/><\/p>\n<p>A A\u00e7\u00e3o Conjunta Covid-19 esteve hoje (16) no Hospital Regional de Santa Maria (HRSM), para averiguar de perto as condi\u00e7\u00f5es oferecidas pela unidade para o atendimento \u00e0 popula\u00e7\u00e3o, bem como a disponibilidade de leitos, insumos para os profissionais e organiza\u00e7\u00e3o dos fluxos de atendimento.<\/p>\n<p>Participaram da visita o diretor executivo do SindEnfermeiro-DF, Tarc\u00edsio Faria, al\u00e9m de representantes da OAB-DF, CLDF e outras entidades. A fiscaliza\u00e7\u00e3o visitou diversas alas do hospital, especialmente as \u00e1reas destinadas aos pacientes contaminados pelo coronav\u00edrus, al\u00e9m de observar a disponibilidade de insumos necess\u00e1rios ao trabalho dos servidores.<\/p>\n<p>A for\u00e7a-tarefa se deslocou para a unidade ap\u00f3s o recebimento de den\u00fancias apontando para a falta de equipamentos para a prote\u00e7\u00e3o dos profissionais, como luvas e capotes \u2013 o que p\u00f4de ser constatado durante a visita, pois a quantidade desses materiais n\u00e3o atende a todos os servidores que necessitam.<\/p>\n<p>Outro ponto que chamou aten\u00e7\u00e3o diz respeito \u00e0 localiza\u00e7\u00e3o do \u201ccovid\u00e1rio\u201d \u2013 local destinado a abrigar os pacientes contaminados pelo coronav\u00edrus, e que divide o terceiro andar do hospital com o centro cir\u00fargico e a ala destinada \u00e0 ortopedia. De acordo com Tarc\u00edsio, \u201ca proximidade [dos pacientes cir\u00fargicos] com os pacientes \u201ccovid\u201d gera um grande risco de contamina\u00e7\u00e3o cruzada dentro da unidade\u201d.<\/p>\n<p>No pronto-socorro, diversos pacientes contaminados dividiam o mesmo ponto de oxig\u00eanio, e a m\u00e9dia de idade dessas pessoas \u00e9 cada vez menor \u2013 sendo que, segundo o representante do SindEnfermeiro, \u201cs\u00f3 no momento em que paramos em frente \u00e0 UTI, vimos quatro pacientes contaminados sendo conduzidos \u2013 todos com menos de 40 anos e em estado grave\u201d.<\/p>\n<p>A for\u00e7a-tarefa tamb\u00e9m questionou a gerente de enfermagem da unidade a respeito da atua\u00e7\u00e3o de enfermeiros na distribui\u00e7\u00e3o da dieta dos pacientes, que havia sido relatado em den\u00fancias e constatado durante a visita \u2013 o que deve ser feito por um profissional nutricionista ou um t\u00e9cnico de nutri\u00e7\u00e3o.<\/p>\n<p>Por fim, a superintend\u00eancia da Regi\u00e3o Sul tamb\u00e9m foi notificada a realizar a separa\u00e7\u00e3o dos pacientes contaminados com o v\u00edrus e as alas cir\u00fargica e de ortopedia.<\/p>\n","protected":false},"excerpt":{"rendered":"<p>A A\u00e7\u00e3o Conjunta Covid-19 esteve hoje (16) no Hospital Regional de Santa Maria (HRSM), para averiguar de perto as condi\u00e7\u00f5es oferecidas pela unidade para o atendimento \u00e0 popula\u00e7\u00e3o, bem como a disponibilidade de leitos, insumos para os profissionais e organiza\u00e7\u00e3o dos fluxos de atendimento. Participaram da visita o diretor executivo do SindEnfermeiro-DF, Tarc\u00edsio Faria, al\u00e9m [&hellip;]<\/p>\n","protected":false},"author":6,"featured_media":41246,"comment_status":"open","ping_status":"open","sticky":false,"template":"","format":"standard","meta":{"footnotes":""},"categories":[6,5],"tags":[502,454,521,56],"class_list":["post-41240","post","type-post","status-publish","format-standard","has-post-thumbnail","hentry","category-noticias","category-rede-publica","tag-acao-conjunta","tag-covid-19","tag-santa-maria","tag-sindicato"],"_links":{"self":[{"href":"https:\/\/sindenfermeiro.com.br\/index.php\/wp-json\/wp\/v2\/posts\/41240","targetHints":{"allow":["GET"]}}],"collection":[{"href":"https:\/\/sindenfermeiro.com.br\/index.php\/wp-json\/wp\/v2\/posts"}],"about":[{"href":"https:\/\/sindenfermeiro.com.br\/index.php\/wp-json\/wp\/v2\/types\/post"}],"author":[{"embeddable":true,"href":"https:\/\/sindenfermeiro.com.br\/index.php\/wp-json\/wp\/v2\/users\/6"}],"replies":[{"embeddable":true,"href":"https:\/\/sindenfermeiro.com.br\/index.php\/wp-json\/wp\/v2\/comments?post=41240"}],"version-history":[{"count":1,"href":"https:\/\/sindenfermeiro.com.br\/index.php\/wp-json\/wp\/v2\/posts\/41240\/revisions"}],"predecessor-version":[{"id":41247,"href":"https:\/\/sindenfermeiro.com.br\/index.php\/wp-json\/wp\/v2\/posts\/41240\/revisions\/41247"}],"wp:featuredmedia":[{"embeddable":true,"href":"https:\/\/sindenfermeiro.com.br\/index.php\/wp-json\/wp\/v2\/media\/41246"}],"wp:attachment":[{"href":"https:\/\/sindenfermeiro.com.br\/index.php\/wp-json\/wp\/v2\/media?parent=41240"}],"wp:term":[{"taxonomy":"category","embeddable":true,"href":"https:\/\/sindenfermeiro.com.br\/index.php\/wp-json\/wp\/v2\/categories?post=41240"},{"taxonomy":"post_tag","embeddable":true,"href":"https:\/\/sindenfermeiro.com.br\/index.php\/wp-json\/wp\/v2\/tags?post=41240"}],"curies":[{"name":"wp","href":"https:\/\/api.w.org\/{rel}","templated":true}]}}