{"id":41233,"date":"2021-03-15T15:46:09","date_gmt":"2021-03-15T18:46:09","guid":{"rendered":"https:\/\/sindenfermeiro.com.br\/?p=41233"},"modified":"2026-04-26T20:12:12","modified_gmt":"2026-04-26T23:12:12","slug":"presidente-do-sindenfermeiro-participa-do-programa-todos-pelo-df-na-atividade-fm","status":"publish","type":"post","link":"https:\/\/sindenfermeiro.com.br\/index.php\/2021\/03\/15\/presidente-do-sindenfermeiro-participa-do-programa-todos-pelo-df-na-atividade-fm\/","title":{"rendered":"Presidente do SindEnfermeiro participa do programa &#8220;Todos Pelo DF&#8221;, na Atividade FM"},"content":{"rendered":"<p><img loading=\"lazy\" decoding=\"async\" class=\"aligncenter wp-image-41234 \" src=\"https:\/\/sindenfermeiro.com.br\/wp-content\/uploads\/2021\/03\/WhatsApp-Image-2021-03-15-at-15.18.30-773x1024.jpeg\" alt=\"\" width=\"466\" height=\"618\" \/><\/p>\n<p>Na manh\u00e3 de ontem (14), a presidente do SindEnfermeiro-DF, Dayse Amar\u00edlio, participou do programa \u201cTodos Pelo DF\u201d, da R\u00e1dio Atividade FM, para debater sobre as medidas de isolamento tomadas pelo governo do DF, o colapso na sa\u00fade e o aumento expressivo dos casos de Covid-19 nos \u00faltimos dias.<\/p>\n<p>A edi\u00e7\u00e3o, apresentada por Izalci Lucas (PSDB-DF) \u2013 que tamb\u00e9m \u00e9 senador da Rep\u00fablica, contou ainda com a participa\u00e7\u00e3o do presidente do SindM\u00e9dico-DF, Dr. Gutemberg Fialho, e o Major Michello Bueno, assessor de imprensa da Pol\u00edcia Militar do DF.<\/p>\n<p>Durante o programa, Dayse apontou a falta de iniciativa do GDF em tomar as medidas necess\u00e1rias para resguardar a vida da popula\u00e7\u00e3o, e que s\u00f3 o fez quando a situa\u00e7\u00e3o nas unidades de sa\u00fade se tornou quase insustent\u00e1vel.<\/p>\n<p>\u201cInfelizmente as coisas est\u00e3o piores que na primeira onda. O que est\u00e1 acontecendo \u00e9 preocupante e muito grave, e a quest\u00e3o vai al\u00e9m da incompet\u00eancia. \u00c9 ter a consci\u00eancia de que as medidas poderiam ter sido tomadas com mais anteced\u00eancia e planejamento, e isso n\u00e3o foi feito. Agora, quem paga o pre\u00e7o s\u00e3o os trabalhadores da sa\u00fade e a popula\u00e7\u00e3o do DF\u201d, disse.<\/p>\n<p>Ela lembrou ainda que nos \u00faltimos anos, o Brasil j\u00e1 vem sofrendo com o subfinanciamento da sa\u00fade, e que o caos provocado pela pandemia tornou esse problema ainda mais vis\u00edvel aos olhos da sociedade.<\/p>\n<p>\u201cO que temos no momento \u00e9 um reflexo de todas as a\u00e7\u00f5es que n\u00e3o foram tomadas l\u00e1 atr\u00e1s, e a quest\u00e3o da pandemia s\u00f3 evidenciou um cen\u00e1rio que j\u00e1 vem de muito tempo, porque os hospitais j\u00e1 sofrem com a falta de leitos e o sucateamento h\u00e1 anos\u201d, afirmou.<\/p>\n<p><strong>Recado para a popula\u00e7\u00e3o<\/strong><\/p>\n<p>Dayse fez um alerta para a popula\u00e7\u00e3o do DF, no sentido de que muitas pessoas ainda desconhecem a gravidade do problema, e que a onda de informa\u00e7\u00f5es desencontradas tem dificultado ainda mais o combate ao v\u00edrus.<\/p>\n<p>\u201c\u00c9 preciso quebrar alguns mitos junto \u00e0 popula\u00e7\u00e3o, porque as informa\u00e7\u00f5es n\u00e3o chegam para elas como deveriam. Aqui no DF, o que d\u00e1 pra perceber \u00e9 que muitas pessoas ainda negam a gravidade da situa\u00e7\u00e3o, at\u00e9 por desconhecimento. Mas temos quatro novas cepas do v\u00edrus que j\u00e1 est\u00e3o circulando em todo o pa\u00eds, e a reinfec\u00e7\u00e3o j\u00e1 \u00e9 uma realidade comprovada\u201d.<\/p>\n<p>Ela lembrou ainda que as novas variantes est\u00e3o vitimando \u2013 inclusive com sequelas \u2013 pessoas cada vez mais jovens, e sem comorbidades \u2013 e que ainda n\u00e3o h\u00e1 como saber como os problemas decorrentes da infec\u00e7\u00e3o podem ser agravantes em longo prazo.<\/p>\n<p>Al\u00e9m disso, \u201cainda existe a demanda de pessoas n\u00e3o infectadas que procuram atendimento emergencial por motivos considerados comuns, o que sobrecarrega ainda mais a j\u00e1 saturada rede de sa\u00fade\u201d, apontou Dayse.<\/p>\n<p><strong>Desabafo<\/strong><\/p>\n<p>A presidente do SindEnfermeiro fez um apelo para o chamamento de mais profissionais, lembrando que mesmo com as \u00faltimas nomea\u00e7\u00f5es, o d\u00e9ficit ainda \u00e9 muito grande.<\/p>\n<p>\u201cSecretaria de Sa\u00fade, chamem os concursados. Apesar dos \u00faltimos 64 profissionais que foram admitidos, ainda \u00e9 muito aqu\u00e9m do que a gente precisa, o nosso dimensionamento est\u00e1 muito ruim. Ent\u00e3o, que venha essa for\u00e7a de trabalho o quanto antes, por que n\u00f3s precisamos de socorro e de novos combatentes\u201d, afirmou.<\/p>\n<p>E por fim, Dayse lembrou, em tom emocionado, as dificuldades hist\u00f3ricas que a enfermagem j\u00e1 sofria antes da pandemia e as in\u00fameras pautas em prol da categoria que se encontram paradas h\u00e1 d\u00e9cadas.<\/p>\n<p>\u201cEu tenho muita vontade de abra\u00e7ar cada enfermeiro, porque eu sei o quanto est\u00e1 sendo dif\u00edcil. Queria falar sobre o quanto a enfermagem \u00e9 negligenciada, e sobre as dificuldades que enfrentamos para aprovar nossas pautas no Congresso. N\u00e3o queria estar aqui falando sobre quest\u00f5es trabalhistas, pois somos a ci\u00eancia do cuidar e fazemos isso com todo o comprometimento. N\u00f3s temos que brigar pelas 30 horas, que est\u00e1 parada h\u00e1 vinte anos, brigar at\u00e9 por um piso digno. Tem enfermeiro ganhando dois mil reais, t\u00e9cnico ganhando um sal\u00e1rio m\u00ednimo, trabalhando 24 horas com pacientes, dando nossas vidas e abandonando nossas fam\u00edlias [&#8230;] A enfermagem n\u00e3o tem lugar nem pra dormir! N\u00e3o sei o que acontece no Distrito Federal, mas as nossas pautas n\u00e3o andam, fizemos a\u00e7\u00f5es como a regulamenta\u00e7\u00e3o da insalubridade m\u00e1xima, que virou lei e at\u00e9 hoje n\u00e3o conseguimos receber at\u00e9 hoje esses valores. \u00c9 dif\u00edcil falar nisso agora, mas \u00e9 um momento em que a gente precisa de muito mais que palmas, precisamos ser valorizados\u201d, finalizou.<\/p>\n<p><strong>CONFIRA A \u00cdNTEGRA DO PROGRAMA:\u00a0<\/strong><\/p>\n<p>&nbsp;<\/p>\n<blockquote class=\"instagram-media\" style=\"background: #FFF;border: 0;border-radius: 3px;margin: 1px;max-width: 540px;min-width: 326px;padding: 0\" data-instgrm-captioned=\"\" data-instgrm-permalink=\"https:\/\/www.instagram.com\/tv\/CMZe-dCFirG\/?utm_source=ig_embed&amp;utm_campaign=loading\" data-instgrm-version=\"13\">\n<div style=\"padding: 16px\">\n<div style=\"flex-direction: row;align-items: center\">\n<div style=\"background-color: #f4f4f4;border-radius: 50%;flex-grow: 0;height: 40px;margin-right: 14px;width: 40px\"><\/div>\n<div style=\"flex-direction: column;flex-grow: 1;justify-content: center\">\n<div style=\"background-color: #f4f4f4;border-radius: 4px;flex-grow: 0;height: 14px;margin-bottom: 6px;width: 100px\"><\/div>\n<div style=\"background-color: #f4f4f4;border-radius: 4px;flex-grow: 0;height: 14px;width: 60px\"><\/div>\n<\/div>\n<\/div>\n<div style=\"padding: 19% 0\"><\/div>\n<div style=\"height: 50px;margin: 0 auto 12px;width: 50px\"><\/div>\n<div style=\"padding-top: 8px\">\n<div style=\"color: #3897f0;font-family: Arial,sans-serif;font-size: 14px;font-style: normal;font-weight: 550;line-height: 18px\">Ver essa foto no Instagram<\/div>\n<\/div>\n<div style=\"padding: 12.5% 0\"><\/div>\n<div style=\"flex-direction: row;margin-bottom: 14px;align-items: center\">\n<div>\n<div style=\"background-color: #f4f4f4;border-radius: 50%;height: 12.5px;width: 12.5px\"><\/div>\n<div style=\"background-color: #f4f4f4;height: 12.5px;width: 12.5px;flex-grow: 0;margin-right: 14px;margin-left: 2px\"><\/div>\n<div style=\"background-color: #f4f4f4;border-radius: 50%;height: 12.5px;width: 12.5px\"><\/div>\n<\/div>\n<div style=\"margin-left: 8px\">\n<div style=\"background-color: #f4f4f4;border-radius: 50%;flex-grow: 0;height: 20px;width: 20px\"><\/div>\n<div style=\"width: 0;height: 0;border-top: 2px solid transparent;border-left: 6px solid #f4f4f4;border-bottom: 2px solid transparent\"><\/div>\n<\/div>\n<div style=\"margin-left: auto\">\n<div style=\"width: 0px;border-top: 8px solid #F4F4F4;border-right: 8px solid transparent\"><\/div>\n<div style=\"background-color: #f4f4f4;flex-grow: 0;height: 12px;width: 16px\"><\/div>\n<div style=\"width: 0;height: 0;border-top: 8px solid #F4F4F4;border-left: 8px solid transparent\"><\/div>\n<\/div>\n<\/div>\n<div style=\"flex-direction: column;flex-grow: 1;justify-content: center;margin-bottom: 24px\">\n<div style=\"background-color: #f4f4f4;border-radius: 4px;flex-grow: 0;height: 14px;margin-bottom: 6px;width: 224px\"><\/div>\n<div style=\"background-color: #f4f4f4;border-radius: 4px;flex-grow: 0;height: 14px;width: 144px\"><\/div>\n<\/div>\n<p style=\"color: #c9c8cd;font-family: Arial,sans-serif;font-size: 14px;line-height: 17px;margin-bottom: 0;margin-top: 8px;overflow: hidden;padding: 8px 0 7px;text-align: center\"><a style=\"color: #c9c8cd;font-family: Arial,sans-serif;font-size: 14px;font-style: normal;font-weight: normal;line-height: 17px;text-decoration: none\" href=\"https:\/\/www.instagram.com\/tv\/CMZe-dCFirG\/?utm_source=ig_embed&amp;utm_campaign=loading\" target=\"_blank\" rel=\"noopener\">Uma publica\u00e7\u00e3o compartilhada por Todos pelo DF (@todospelodf)<\/a><\/p>\n<\/div>\n<\/blockquote>\n","protected":false},"excerpt":{"rendered":"<p>Na manh\u00e3 de ontem (14), a presidente do SindEnfermeiro-DF, Dayse Amar\u00edlio, participou do programa \u201cTodos Pelo DF\u201d, da R\u00e1dio Atividade FM, para debater sobre as medidas de isolamento tomadas pelo governo do DF, o colapso na sa\u00fade e o aumento expressivo dos casos de Covid-19 nos \u00faltimos dias. A edi\u00e7\u00e3o, apresentada por Izalci Lucas (PSDB-DF) [&hellip;]<\/p>\n","protected":false},"author":6,"featured_media":41234,"comment_status":"open","ping_status":"open","sticky":false,"template":"","format":"standard","meta":{"footnotes":""},"categories":[6,13,5],"tags":[681,484,682,680,670,21],"class_list":["post-41233","post","type-post","status-publish","format-standard","has-post-thumbnail","hentry","category-noticias","category-rede-privada","category-rede-publica","tag-atividade-fm","tag-covid","tag-dayse","tag-entrevista","tag-lockdown","tag-sindenfermeiro"],"_links":{"self":[{"href":"https:\/\/sindenfermeiro.com.br\/index.php\/wp-json\/wp\/v2\/posts\/41233","targetHints":{"allow":["GET"]}}],"collection":[{"href":"https:\/\/sindenfermeiro.com.br\/index.php\/wp-json\/wp\/v2\/posts"}],"about":[{"href":"https:\/\/sindenfermeiro.com.br\/index.php\/wp-json\/wp\/v2\/types\/post"}],"author":[{"embeddable":true,"href":"https:\/\/sindenfermeiro.com.br\/index.php\/wp-json\/wp\/v2\/users\/6"}],"replies":[{"embeddable":true,"href":"https:\/\/sindenfermeiro.com.br\/index.php\/wp-json\/wp\/v2\/comments?post=41233"}],"version-history":[{"count":4,"href":"https:\/\/sindenfermeiro.com.br\/index.php\/wp-json\/wp\/v2\/posts\/41233\/revisions"}],"predecessor-version":[{"id":41238,"href":"https:\/\/sindenfermeiro.com.br\/index.php\/wp-json\/wp\/v2\/posts\/41233\/revisions\/41238"}],"wp:featuredmedia":[{"embeddable":true,"href":"https:\/\/sindenfermeiro.com.br\/index.php\/wp-json\/wp\/v2\/media\/41234"}],"wp:attachment":[{"href":"https:\/\/sindenfermeiro.com.br\/index.php\/wp-json\/wp\/v2\/media?parent=41233"}],"wp:term":[{"taxonomy":"category","embeddable":true,"href":"https:\/\/sindenfermeiro.com.br\/index.php\/wp-json\/wp\/v2\/categories?post=41233"},{"taxonomy":"post_tag","embeddable":true,"href":"https:\/\/sindenfermeiro.com.br\/index.php\/wp-json\/wp\/v2\/tags?post=41233"}],"curies":[{"name":"wp","href":"https:\/\/api.w.org\/{rel}","templated":true}]}}