{"id":41230,"date":"2021-03-11T15:43:59","date_gmt":"2021-03-11T18:43:59","guid":{"rendered":"https:\/\/sindenfermeiro.com.br\/?p=41230"},"modified":"2026-04-26T20:14:12","modified_gmt":"2026-04-26T23:14:12","slug":"acao-conjunta-covid-19-visita-hrc-para-fiscalizar-condicoes-de-trabalho-e-de-atendimento-aos-pacientes","status":"publish","type":"post","link":"https:\/\/sindenfermeiro.com.br\/index.php\/2021\/03\/11\/acao-conjunta-covid-19-visita-hrc-para-fiscalizar-condicoes-de-trabalho-e-de-atendimento-aos-pacientes\/","title":{"rendered":"A\u00e7\u00e3o Conjunta Covid-19 visita HRC para fiscalizar condi\u00e7\u00f5es de trabalho e de atendimento aos pacientes"},"content":{"rendered":"<p><img loading=\"lazy\" decoding=\"async\" class=\"aligncenter wp-image-41231 \" src=\"https:\/\/sindenfermeiro.com.br\/wp-content\/uploads\/2021\/03\/WhatsApp-Image-2021-03-11-at-14.09.43-766x1024.jpeg\" alt=\"\" width=\"548\" height=\"733\" \/><\/p>\n<p>Na manh\u00e3 de hoje (11), a A\u00e7\u00e3o Conjunta Covid-19 esteve no Hospital Regional de Ceil\u00e2ndia (HRC), para averiguar de perto as condi\u00e7\u00f5es oferecidas pela unidade para o atendimento \u00e0 popula\u00e7\u00e3o, bem como a disponibilidade de leitos, insumos para os profissionais e organiza\u00e7\u00e3o dos fluxos de atendimento.<\/p>\n<p>Participaram da visita o secret\u00e1rio-geral do SindEnfermeiro-DF, Jorge Henrique, al\u00e9m de representantes da OAB-DF, CLDF e outras entidades. A fiscaliza\u00e7\u00e3o visitou diversas alas do hospital, especialmente as \u00e1reas destinadas aos pacientes contaminados pelo coronav\u00edrus, al\u00e9m de observar a disponibilidade de insumos necess\u00e1rios ao trabalho dos servidores.<\/p>\n<p>A situa\u00e7\u00e3o encontrada na unidade n\u00e3o difere da maioria dos hospitais e unidades de pronto atendimento do DF nesse momento de colapso: faltam leitos de UTI, e com isso, pacientes se aglomeram em corredores e at\u00e9 mesmo no banheiro da unidade, recebendo ali mesmo a oxigenoterapia.<\/p>\n<p>Apesar dos esfor\u00e7os dos servidores em prestar o atendimento, a todo o momento chegam mais ambul\u00e2ncias trazendo pacientes graves, e n\u00e3o h\u00e1 mais local para alocar essas pessoas. Para Jorge, \u00e9 necess\u00e1rio que a popula\u00e7\u00e3o compreenda o grave momento que o DF enfrenta, e cumpra de fato as medidas de isolamento social.<\/p>\n<p>No entanto, ele ressalta que o GDF precisa garantir alternativas para que as pessoas fiquem em casa, como o pagamento de um aux\u00edlio emergencial \u00e0s fam\u00edlias de baixa renda, bem como ao setor produtivo.<\/p>\n<p>\u201cO governo precisa garantir uma renda m\u00ednima \u00e0s fam\u00edlias em situa\u00e7\u00e3o prec\u00e1ria, para que elas possam ficar em casa e respeitar o isolamento social \u2013 al\u00e9m dos micro e pequenos empres\u00e1rios, que precisam enfrentar essa situa\u00e7\u00e3o (de fechamento das lojas e impacto na economia)\u201d, apontou.<\/p>\n<p>Por fim, o representante do SindEnfermeiro ressalta a exaust\u00e3o dos servidores durante o trabalho, lembrando que muitos est\u00e3o afastados, seja por terem sido contaminados, ou por estresse decorrente do desgaste di\u00e1rio, e resume em tr\u00eas palavras o que deve ser o objetivo principal do governo no momento: \u201cVacina para todos\u201d.<\/p>\n","protected":false},"excerpt":{"rendered":"<p>Na manh\u00e3 de hoje (11), a A\u00e7\u00e3o Conjunta Covid-19 esteve no Hospital Regional de Ceil\u00e2ndia (HRC), para averiguar de perto as condi\u00e7\u00f5es oferecidas pela unidade para o atendimento \u00e0 popula\u00e7\u00e3o, bem como a disponibilidade de leitos, insumos para os profissionais e organiza\u00e7\u00e3o dos fluxos de atendimento. Participaram da visita o secret\u00e1rio-geral do SindEnfermeiro-DF, Jorge Henrique, [&hellip;]<\/p>\n","protected":false},"author":6,"featured_media":41231,"comment_status":"open","ping_status":"open","sticky":false,"template":"","format":"standard","meta":{"footnotes":""},"categories":[6,13,5],"tags":[502,454,89,540],"class_list":["post-41230","post","type-post","status-publish","format-standard","has-post-thumbnail","hentry","category-noticias","category-rede-privada","category-rede-publica","tag-acao-conjunta","tag-covid-19","tag-hrc","tag-visita"],"_links":{"self":[{"href":"https:\/\/sindenfermeiro.com.br\/index.php\/wp-json\/wp\/v2\/posts\/41230","targetHints":{"allow":["GET"]}}],"collection":[{"href":"https:\/\/sindenfermeiro.com.br\/index.php\/wp-json\/wp\/v2\/posts"}],"about":[{"href":"https:\/\/sindenfermeiro.com.br\/index.php\/wp-json\/wp\/v2\/types\/post"}],"author":[{"embeddable":true,"href":"https:\/\/sindenfermeiro.com.br\/index.php\/wp-json\/wp\/v2\/users\/6"}],"replies":[{"embeddable":true,"href":"https:\/\/sindenfermeiro.com.br\/index.php\/wp-json\/wp\/v2\/comments?post=41230"}],"version-history":[{"count":1,"href":"https:\/\/sindenfermeiro.com.br\/index.php\/wp-json\/wp\/v2\/posts\/41230\/revisions"}],"predecessor-version":[{"id":41232,"href":"https:\/\/sindenfermeiro.com.br\/index.php\/wp-json\/wp\/v2\/posts\/41230\/revisions\/41232"}],"wp:featuredmedia":[{"embeddable":true,"href":"https:\/\/sindenfermeiro.com.br\/index.php\/wp-json\/wp\/v2\/media\/41231"}],"wp:attachment":[{"href":"https:\/\/sindenfermeiro.com.br\/index.php\/wp-json\/wp\/v2\/media?parent=41230"}],"wp:term":[{"taxonomy":"category","embeddable":true,"href":"https:\/\/sindenfermeiro.com.br\/index.php\/wp-json\/wp\/v2\/categories?post=41230"},{"taxonomy":"post_tag","embeddable":true,"href":"https:\/\/sindenfermeiro.com.br\/index.php\/wp-json\/wp\/v2\/tags?post=41230"}],"curies":[{"name":"wp","href":"https:\/\/api.w.org\/{rel}","templated":true}]}}