{"id":41226,"date":"2021-03-09T16:09:30","date_gmt":"2021-03-09T19:09:30","guid":{"rendered":"https:\/\/sindenfermeiro.com.br\/?p=41226"},"modified":"2026-04-26T20:12:59","modified_gmt":"2026-04-26T23:12:59","slug":"acao-conjunta-covid-19-vai-ao-hran-fiscalizar-condicoes-de-trabalho-e-de-atendimento-aos-pacientes","status":"publish","type":"post","link":"https:\/\/sindenfermeiro.com.br\/index.php\/2021\/03\/09\/acao-conjunta-covid-19-vai-ao-hran-fiscalizar-condicoes-de-trabalho-e-de-atendimento-aos-pacientes\/","title":{"rendered":"A\u00e7\u00e3o Conjunta Covid-19 vai ao HRAN fiscalizar condi\u00e7\u00f5es de trabalho e de atendimento aos pacientes"},"content":{"rendered":"<p>A A\u00e7\u00e3o Conjunta Covid-19 esteve hoje (09) no Hospital Regional da Asa Norte (HRAN), para averiguar de perto as condi\u00e7\u00f5es oferecidas pela unidade para o atendimento \u00e0 popula\u00e7\u00e3o, bem como a disponibilidade de leitos, insumos para os profissionais e organiza\u00e7\u00e3o dos fluxos de atendimento.<\/p>\n<p>Participaram da visita a presidente do SindEnfermeiro, Dayse Amar\u00edlio, o secret\u00e1rio-geral Jorge Henrique, al\u00e9m de representantes da OAB-DF, CLDF e outras entidades. A fiscaliza\u00e7\u00e3o esteve em diversas alas do hospital, especialmente as \u00e1reas destinadas aos pacientes contaminados pelo coronav\u00edrus.<\/p>\n<p>Foi constatado que a unidade est\u00e1 enfrentando um grave problema no que diz respeito \u00e0 separa\u00e7\u00e3o entre pacientes de ambulat\u00f3rio e aqueles que apresentam sintomas do coronav\u00edrus \u2013 o que pode gerar uma explos\u00e3o no n\u00famero de casos dentro da unidade, inclusive entre servidores que n\u00e3o t\u00eam contato direto com o v\u00edrus.<\/p>\n<p>Outro ponto destacado durante a visita foi o dimensionamento dos profissionais, visto que a unidade n\u00e3o possui servidores suficientes para cobrir a alta demanda por atendimento. De acordo com Dayse, \u201cs\u00f3 na emerg\u00eancia vimos 81 pacientes, sendo que seis deles est\u00e3o entubados e sob o cuidado de apenas dois enfermeiros, 11 t\u00e9cnicos e dois m\u00e9dicos\u201d, afirmou.<\/p>\n<p>A presidente do SindEnfermeiro aponta ainda que as medidas de isolamento precisam ser seguidas \u00e0 risca nesse momento de calamidade, e que o governo local fiscalize de fato o cumprimento das medidas \u2013 como \u00fanica forma de reduzir o avan\u00e7o do v\u00edrus.<\/p>\n<p>\u201cN\u00f3s n\u00e3o vemos outra alternativa no momento que n\u00e3o seja a ado\u00e7\u00e3o de um lockdown de fato associado a planejamento respons\u00e1vel e medidas como vacina\u00e7\u00e3o, rastreamento, isolamento dos casos confirmados, testagem em massa, aumento da frota no transporte p\u00fablico, auxilio emergencial para a popula\u00e7\u00e3o carente, acessibilidade de empr\u00e9stimo para pequenas e m\u00e9dias empresas, estabilidade no emprego e coibir de fato aglomera\u00e7\u00f5es e atividades desnecess\u00e1rias&#8221;, completou.<\/p>\n<p>Dayse tamb\u00e9m destacou a dificuldade que apresentada pela Secretaria de Sa\u00fade no que diz respeito \u00e0 autonomia da Pasta. &#8220;A SES n\u00e3o tem autonomia para estabelecimentos de fluxos e compras de insumos. Estamos em estado de emerg\u00eancia, diante disso, \u00e9 preciso que o governador fa\u00e7a alguma coisa&#8221;, finalizou.<\/p>\n<p><strong>Falta de infraestrutura e insumos<\/strong><\/p>\n<p>Durante a visita, tamb\u00e9m foi constatado que o hospital est\u00e1 com os contratos referentes \u00e0 manuten\u00e7\u00e3o dos aparelhos de ar condicionado atrasados em seis meses, a compra de insumos como luvas est\u00e3o paradas, e as m\u00e1scaras do tipo N95 fornecidas aos trabalhadores n\u00e3o possuem a qualidade e seguran\u00e7a necess\u00e1rias ao seu uso dentro da unidade.<\/p>\n<p>Muitos pacientes foram vistos sentados em corredores, realizando o procedimento de oxigenoterapia ali mesmo, de acordo com o secret\u00e1rio-geral do sindicato, Jorge Henrique. Segundo ele, \u201ca situa\u00e7\u00e3o pressiona ainda mais os trabalhadores para que sejam disponibilizados mais leitos de UTI, o que nem sempre \u00e9 poss\u00edvel\u201d, apontou.<\/p>\n<p>Por fim, Jorge relembra que, no in\u00edcio da pandemia, o HRAN foi considerado pela gest\u00e3o hospital refer\u00eancia no tratamento contra o coronav\u00edrus, e assim perdurou durante todo o ano de 2020. No entanto, com a redu\u00e7\u00e3o dos leitos de UTI, a unidade n\u00e3o tem mais atuado com esse papel.<\/p>\n<p>\u201cN\u00f3s pedimos para a atual gest\u00e3o que olhe para o HRAN como hospital refer\u00eancia no tratamento contra a Covid, assim como foi no ano passado, para que ele possa ter condi\u00e7\u00f5es de garantir uma boa assist\u00eancia para a popula\u00e7\u00e3o\u201d, finalizou.<\/p>\n","protected":false},"excerpt":{"rendered":"<p>A A\u00e7\u00e3o Conjunta Covid-19 esteve hoje (09) no Hospital Regional da Asa Norte (HRAN), para averiguar de perto as condi\u00e7\u00f5es oferecidas pela unidade para o atendimento \u00e0 popula\u00e7\u00e3o, bem como a disponibilidade de leitos, insumos para os profissionais e organiza\u00e7\u00e3o dos fluxos de atendimento. Participaram da visita a presidente do SindEnfermeiro, Dayse Amar\u00edlio, o secret\u00e1rio-geral [&hellip;]<\/p>\n","protected":false},"author":6,"featured_media":41229,"comment_status":"open","ping_status":"open","sticky":false,"template":"","format":"standard","meta":{"footnotes":""},"categories":[6,13],"tags":[502,424,454,222,84,258,21],"class_list":["post-41226","post","type-post","status-publish","format-standard","has-post-thumbnail","hentry","category-noticias","category-rede-privada","tag-acao-conjunta","tag-coronavirus","tag-covid-19","tag-dayse-amarilio","tag-df","tag-hran","tag-sindenfermeiro"],"_links":{"self":[{"href":"https:\/\/sindenfermeiro.com.br\/index.php\/wp-json\/wp\/v2\/posts\/41226","targetHints":{"allow":["GET"]}}],"collection":[{"href":"https:\/\/sindenfermeiro.com.br\/index.php\/wp-json\/wp\/v2\/posts"}],"about":[{"href":"https:\/\/sindenfermeiro.com.br\/index.php\/wp-json\/wp\/v2\/types\/post"}],"author":[{"embeddable":true,"href":"https:\/\/sindenfermeiro.com.br\/index.php\/wp-json\/wp\/v2\/users\/6"}],"replies":[{"embeddable":true,"href":"https:\/\/sindenfermeiro.com.br\/index.php\/wp-json\/wp\/v2\/comments?post=41226"}],"version-history":[{"count":1,"href":"https:\/\/sindenfermeiro.com.br\/index.php\/wp-json\/wp\/v2\/posts\/41226\/revisions"}],"predecessor-version":[{"id":41227,"href":"https:\/\/sindenfermeiro.com.br\/index.php\/wp-json\/wp\/v2\/posts\/41226\/revisions\/41227"}],"wp:featuredmedia":[{"embeddable":true,"href":"https:\/\/sindenfermeiro.com.br\/index.php\/wp-json\/wp\/v2\/media\/41229"}],"wp:attachment":[{"href":"https:\/\/sindenfermeiro.com.br\/index.php\/wp-json\/wp\/v2\/media?parent=41226"}],"wp:term":[{"taxonomy":"category","embeddable":true,"href":"https:\/\/sindenfermeiro.com.br\/index.php\/wp-json\/wp\/v2\/categories?post=41226"},{"taxonomy":"post_tag","embeddable":true,"href":"https:\/\/sindenfermeiro.com.br\/index.php\/wp-json\/wp\/v2\/tags?post=41226"}],"curies":[{"name":"wp","href":"https:\/\/api.w.org\/{rel}","templated":true}]}}