{"id":41219,"date":"2021-03-08T14:08:03","date_gmt":"2021-03-08T17:08:03","guid":{"rendered":"https:\/\/sindenfermeiro.com.br\/?p=41219"},"modified":"2026-04-26T20:12:14","modified_gmt":"2026-04-26T23:12:14","slug":"retorno-as-aulas-em-meio-ao-lockdown-uma-medida-que-pode-custar-vidas","status":"publish","type":"post","link":"https:\/\/sindenfermeiro.com.br\/index.php\/2021\/03\/08\/retorno-as-aulas-em-meio-ao-lockdown-uma-medida-que-pode-custar-vidas\/","title":{"rendered":"Retorno \u00e0s aulas em meio ao lockdown: uma medida que pode custar vidas"},"content":{"rendered":"<p><img loading=\"lazy\" decoding=\"async\" class=\"aligncenter wp-image-41220 \" src=\"https:\/\/sindenfermeiro.com.br\/wp-content\/uploads\/2021\/03\/gm231117014-16774917-1024x683.jpg\" alt=\"\" width=\"847\" height=\"565\" srcset=\"https:\/\/sindenfermeiro.com.br\/wp-content\/uploads\/2021\/03\/gm231117014-16774917-1024x683.jpg 1024w, https:\/\/sindenfermeiro.com.br\/wp-content\/uploads\/2021\/03\/gm231117014-16774917-300x200.jpg 300w, https:\/\/sindenfermeiro.com.br\/wp-content\/uploads\/2021\/03\/gm231117014-16774917-768x512.jpg 768w, https:\/\/sindenfermeiro.com.br\/wp-content\/uploads\/2021\/03\/gm231117014-16774917.jpg 1224w\" sizes=\"auto, (max-width: 847px) 100vw, 847px\" \/><\/p>\n<p><span style=\"font-size: 10pt\">Foto: reprodu\u00e7\u00e3o da internet\/Google imagens<\/span><\/p>\n<p>O SindEnfermeiro-DF vem por meio desta nota emitir seu posicionamento sobre o \u201clockdown\u201d adotado pelo Governo do Distrito Federal (GDF), que apesar de ter o objetivo de reduzir a circula\u00e7\u00e3o de pessoas nas ruas, manteve boa parte dos servi\u00e7os funcionando em meio ao momento mais cr\u00edtico desde o in\u00edcio da pandemia.<\/p>\n<p>Estamos diante de um caos, em que o Distrito Federal j\u00e1 perdeu mais de 100 vidas apenas na \u00faltima semana. Mesmo assim, o n\u00famero de atividades permitidas s\u00f3 aumenta \u2013 agora, as escolas particulares e as academias est\u00e3o autorizadas a abrir, mesmo sendo considerados locais com alto risco de cont\u00e1gio.<\/p>\n<p>O SindEnfermeiro \u00e9 contr\u00e1rio \u00e0 libera\u00e7\u00e3o pois acredita que o \u201cabre e fecha\u201d das escolas prejudica n\u00e3o apenas o bom rendimento dos alunos, mas afeta tamb\u00e9m a sa\u00fade mental \u2013 basta observar o aumento nos casos de depress\u00e3o em jovens na idade escolar.<\/p>\n<p>Al\u00e9m disso, h\u00e1 certa incoer\u00eancia em permitir que apenas escolas particulares reabram suas portas, refor\u00e7ando ainda mais a dist\u00e2ncia em termos de conte\u00fado entre os alunos de escolas p\u00fablicas \u2013 dando a impress\u00e3o de que educa\u00e7\u00e3o \u00e9 um privil\u00e9gio para quem pode pagar.<\/p>\n<p>Outro ponto que precisa ser levado em conta \u00e9 que, com as novas varia\u00e7\u00f5es do v\u00edrus \u2013 mais contagiosas e letais, o n\u00famero de crian\u00e7as e adolescentes infectados em estado grave nas UTIs aumentou de forma alarmante em rela\u00e7\u00e3o ao in\u00edcio da pandemia, h\u00e1 um ano.<\/p>\n<p>Mas \u00e9 importante salientar que no momento, nem mesmo a ado\u00e7\u00e3o de um lockdown mais abrangente seria sozinho capaz de reverter a situa\u00e7\u00e3o em curto prazo. \u00c9 necess\u00e1rio que os processos para a aquisi\u00e7\u00e3o de vacinas sejam mais r\u00e1pidos, as medidas de conscientiza\u00e7\u00e3o sejam refor\u00e7adas junto \u00e0 popula\u00e7\u00e3o, e que a fiscaliza\u00e7\u00e3o seja de fato efetiva.<\/p>\n<p>O fechamento de leitos de UTI tamb\u00e9m contribuiu para a situa\u00e7\u00e3o catastr\u00f3fica que estamos enfrentando, pois quando o sistema de sa\u00fade entra em colapso, falta leito, atendimento e medicamento para o beb\u00ea prematuro, para o hipertenso, para o diab\u00e9tico, para quem sofrer um acidente de carro ou at\u00e9 mesmo para quem simplesmente tiver uma apendicite.<\/p>\n<p>O lockdown s\u00f3 ser\u00e1 efetivo com uma s\u00e9rie de medidas em conjunto. E o que temos no momento \u00e9 somente uma restri\u00e7\u00e3o seletiva de atividades que mais prejudica do que protege a popula\u00e7\u00e3o.<\/p>\n","protected":false},"excerpt":{"rendered":"<p>Foto: reprodu\u00e7\u00e3o da internet\/Google imagens O SindEnfermeiro-DF vem por meio desta nota emitir seu posicionamento sobre o \u201clockdown\u201d adotado pelo Governo do Distrito Federal (GDF), que apesar de ter o objetivo de reduzir a circula\u00e7\u00e3o de pessoas nas ruas, manteve boa parte dos servi\u00e7os funcionando em meio ao momento mais cr\u00edtico desde o in\u00edcio da [&hellip;]<\/p>\n","protected":false},"author":6,"featured_media":41220,"comment_status":"open","ping_status":"open","sticky":false,"template":"","format":"standard","meta":{"footnotes":""},"categories":[6,13,5],"tags":[670,679,584],"class_list":["post-41219","post","type-post","status-publish","format-standard","has-post-thumbnail","hentry","category-noticias","category-rede-privada","category-rede-publica","tag-lockdown","tag-retorno-as-aulas","tag-vacina"],"_links":{"self":[{"href":"https:\/\/sindenfermeiro.com.br\/index.php\/wp-json\/wp\/v2\/posts\/41219","targetHints":{"allow":["GET"]}}],"collection":[{"href":"https:\/\/sindenfermeiro.com.br\/index.php\/wp-json\/wp\/v2\/posts"}],"about":[{"href":"https:\/\/sindenfermeiro.com.br\/index.php\/wp-json\/wp\/v2\/types\/post"}],"author":[{"embeddable":true,"href":"https:\/\/sindenfermeiro.com.br\/index.php\/wp-json\/wp\/v2\/users\/6"}],"replies":[{"embeddable":true,"href":"https:\/\/sindenfermeiro.com.br\/index.php\/wp-json\/wp\/v2\/comments?post=41219"}],"version-history":[{"count":4,"href":"https:\/\/sindenfermeiro.com.br\/index.php\/wp-json\/wp\/v2\/posts\/41219\/revisions"}],"predecessor-version":[{"id":41547,"href":"https:\/\/sindenfermeiro.com.br\/index.php\/wp-json\/wp\/v2\/posts\/41219\/revisions\/41547"}],"wp:featuredmedia":[{"embeddable":true,"href":"https:\/\/sindenfermeiro.com.br\/index.php\/wp-json\/wp\/v2\/media\/41220"}],"wp:attachment":[{"href":"https:\/\/sindenfermeiro.com.br\/index.php\/wp-json\/wp\/v2\/media?parent=41219"}],"wp:term":[{"taxonomy":"category","embeddable":true,"href":"https:\/\/sindenfermeiro.com.br\/index.php\/wp-json\/wp\/v2\/categories?post=41219"},{"taxonomy":"post_tag","embeddable":true,"href":"https:\/\/sindenfermeiro.com.br\/index.php\/wp-json\/wp\/v2\/tags?post=41219"}],"curies":[{"name":"wp","href":"https:\/\/api.w.org\/{rel}","templated":true}]}}