{"id":41211,"date":"2021-03-05T14:39:50","date_gmt":"2021-03-05T17:39:50","guid":{"rendered":"https:\/\/sindenfermeiro.com.br\/?p=41211"},"modified":"2026-04-26T21:33:52","modified_gmt":"2026-04-27T00:33:52","slug":"vitoria-contra-igesdf-sugep-cancela-devolucao-de-servidores-cedidos-ao-instituto","status":"publish","type":"post","link":"https:\/\/sindenfermeiro.com.br\/index.php\/2021\/03\/05\/vitoria-contra-igesdf-sugep-cancela-devolucao-de-servidores-cedidos-ao-instituto\/","title":{"rendered":"Vit\u00f3ria contra IGESDF: SUGEP cancela devolu\u00e7\u00e3o de servidores cedidos ao instituto"},"content":{"rendered":"<p style=\"text-align: justify\"><span style=\"font-size: 10pt\">Foto: reprodu\u00e7\u00e3o da internet\/Google imagens<\/span><\/p>\n<p style=\"text-align: justify\">Na noite da \u00faltima quinta-feira (05), a Subsecretaria de Gest\u00e3o de Pessoas (SUGEP) divulgou uma circular em que revoga o cadastro de devolu\u00e7\u00e3o dos servidores da Secretaria de Sa\u00fade (SESDF) cedidos ao Instituto de Gest\u00e3o Estrat\u00e9gica de Sa\u00fade do Distrito Federal (IGESDF).<\/p>\n<p style=\"text-align: justify\">De acordo com o documento, a devolu\u00e7\u00e3o foi suspensa porqu\u00ea o IGESDF n\u00e3o divulgou informou o quantitativo, especialidades e nomes dos servidores que pretendia retornar \u00e0 SES. Diante disso, os cadastros preenchidos na plataforma para a indica\u00e7\u00e3o de prefer\u00eancia de lota\u00e7\u00e3o n\u00e3o ser\u00e3o utilizados. A Pasta reitera na circular que continuar\u00e1 tramitando apenas os processos iniciados pelos servidores, que por iniciava pr\u00f3pria queiram retornar para a Secretaria de Sa\u00fade.<\/p>\n<p style=\"text-align: justify\">Para a presidente do SindEnfermeiro, Dayse Amar\u00edlio, a circular trouxe exatamente os crit\u00e9rios apontados na notifica\u00e7\u00e3o judicial feita pelo sindicato ao IGESDF. \u201cN\u00f3s quer\u00edamos que fossem apresentados par\u00e2metros para essas devolu\u00e7\u00f5es. Como por exemplo\u00a0 qual a motiva\u00e7\u00e3o para a devolu\u00e7\u00e3o dos servidores? Quando ser\u00e3o iniciadas remo\u00e7\u00f5es? Quais ser\u00e3o os crit\u00e9rios para a lota\u00e7\u00e3o dos servidores nas unidades da SES? Como ser\u00e1 feito o processo seletivo pra preencher as vagas que ser\u00e3o desocupadas pelos cedidos?\u201d, pontuou Dayse.<\/p>\n<p style=\"text-align: justify\">De acordo com Dayse, o IGES precisa prestar contas do or\u00e7amento destinado ao instituto. \u201cMuita coisa precisa ser explicada. Como \u00e9 gasto o or\u00e7amento? Por que o instituto est\u00e1 com o nono aditivo nas contas? Onde est\u00e1 a presta\u00e7\u00e3o de contas? \u00c9 preciso que seja divulgado quantos contratos est\u00e3o atrasados? Qual o repasse total da Secretaria para o IGES? S\u00e3o muitas perguntas que precisam ser respondidas antes que atitudes como essa \u2013 de devolver o servidores\u201d, finalizou Dayse.<\/p>\n","protected":false},"excerpt":{"rendered":"<p>Foto: reprodu\u00e7\u00e3o da internet\/Google imagens Na noite da \u00faltima quinta-feira (05), a Subsecretaria de Gest\u00e3o de Pessoas (SUGEP) divulgou uma circular em que revoga o cadastro de devolu\u00e7\u00e3o dos servidores da Secretaria de Sa\u00fade (SESDF) cedidos ao Instituto de Gest\u00e3o Estrat\u00e9gica de Sa\u00fade do Distrito Federal (IGESDF). De acordo com o documento, a devolu\u00e7\u00e3o foi [&hellip;]<\/p>\n","protected":false},"author":6,"featured_media":41212,"comment_status":"open","ping_status":"open","sticky":false,"template":"","format":"standard","meta":{"footnotes":""},"categories":[6,13,5],"tags":[222,474,313,21],"class_list":["post-41211","post","type-post","status-publish","format-standard","has-post-thumbnail","hentry","category-noticias","category-rede-privada","category-rede-publica","tag-dayse-amarilio","tag-enfermegem","tag-igesdf","tag-sindenfermeiro"],"_links":{"self":[{"href":"https:\/\/sindenfermeiro.com.br\/index.php\/wp-json\/wp\/v2\/posts\/41211","targetHints":{"allow":["GET"]}}],"collection":[{"href":"https:\/\/sindenfermeiro.com.br\/index.php\/wp-json\/wp\/v2\/posts"}],"about":[{"href":"https:\/\/sindenfermeiro.com.br\/index.php\/wp-json\/wp\/v2\/types\/post"}],"author":[{"embeddable":true,"href":"https:\/\/sindenfermeiro.com.br\/index.php\/wp-json\/wp\/v2\/users\/6"}],"replies":[{"embeddable":true,"href":"https:\/\/sindenfermeiro.com.br\/index.php\/wp-json\/wp\/v2\/comments?post=41211"}],"version-history":[{"count":5,"href":"https:\/\/sindenfermeiro.com.br\/index.php\/wp-json\/wp\/v2\/posts\/41211\/revisions"}],"predecessor-version":[{"id":41524,"href":"https:\/\/sindenfermeiro.com.br\/index.php\/wp-json\/wp\/v2\/posts\/41211\/revisions\/41524"}],"wp:featuredmedia":[{"embeddable":true,"href":"https:\/\/sindenfermeiro.com.br\/index.php\/wp-json\/wp\/v2\/media\/41212"}],"wp:attachment":[{"href":"https:\/\/sindenfermeiro.com.br\/index.php\/wp-json\/wp\/v2\/media?parent=41211"}],"wp:term":[{"taxonomy":"category","embeddable":true,"href":"https:\/\/sindenfermeiro.com.br\/index.php\/wp-json\/wp\/v2\/categories?post=41211"},{"taxonomy":"post_tag","embeddable":true,"href":"https:\/\/sindenfermeiro.com.br\/index.php\/wp-json\/wp\/v2\/tags?post=41211"}],"curies":[{"name":"wp","href":"https:\/\/api.w.org\/{rel}","templated":true}]}}