{"id":4121,"date":"2018-09-14T20:39:01","date_gmt":"2018-09-14T20:39:01","guid":{"rendered":"http:\/\/www.sindenfermeiro.com.br\/?p=4121"},"modified":"2026-04-26T14:58:10","modified_gmt":"2026-04-26T17:58:10","slug":"venha-lutar-pela-isonomia","status":"publish","type":"post","link":"https:\/\/sindenfermeiro.com.br\/index.php\/2018\/09\/14\/venha-lutar-pela-isonomia\/","title":{"rendered":"Venha lutar pela isonomia\u00a0!"},"content":{"rendered":"<p>Venha lutar pela isonomia\u00a0<span class=\"_5mfr _47e3\"><img loading=\"lazy\" decoding=\"async\" class=\"img\" role=\"presentation\" src=\"https:\/\/static.xx.fbcdn.net\/images\/emoji.php\/v9\/f1d\/1\/16\/270a_1f3fe.png\" alt=\"\" width=\"16\" height=\"16\" \/><\/span><\/p>\n<p>N\u00f3s SindEnfermeiro-DF convocamos todos os enfermeiros para estarem presentes na pr\u00f3xima ter\u00e7a-feira (18), na C\u00e2mara Legislativa do DF (CLDF), \u00e0 pressionar e acompanhar a sess\u00e3o que poder\u00e1 derrubar o veto do governador \u00e0 emenda do projeto da LDO que garante verba para a nossa t\u00e3o sonhada isonomia salarial.<\/p>\n<p>O SindEnfermeiro est\u00e1 fazendo a sua parte. Fomos em todos os gabinetes e ligamos para cada um dos deputados cobrando a presen\u00e7a deles no pl<span class=\"text_exposed_show\">en\u00e1rio da CLDF. \u00c9 preciso que voc\u00ea tamb\u00e9m fa\u00e7a a sua parte! Vista seu jaleco e esteja nesta ter\u00e7a-feira (18), \u00e0s 14 hrs, na CLDF e vamos juntos conseguir a nossa t\u00e3o merecida e sonhada isonomia salarial!<\/span><\/p>\n<div class=\"text_exposed_show\">\n<p><strong>Quando? Ter\u00e7a-feira (18\/09), \u00e0s 14hrs, na CLDF<\/strong><\/p>\n<p><img loading=\"lazy\" decoding=\"async\" class=\" wp-image-4122 aligncenter\" src=\"http:\/\/www.sindenfermeiro.com.br\/wp-content\/uploads\/2018\/09\/c0f93510-1ec8-428a-ad59-a5b19732f3b4-636x900.jpg\" alt=\"\" width=\"357\" height=\"504\" \/><\/p>\n<\/div>\n","protected":false},"excerpt":{"rendered":"<p>Venha lutar pela isonomia\u00a0 N\u00f3s SindEnfermeiro-DF convocamos todos os enfermeiros para estarem presentes na pr\u00f3xima ter\u00e7a-feira (18), na C\u00e2mara Legislativa do DF (CLDF), \u00e0 pressionar e acompanhar a sess\u00e3o que poder\u00e1 derrubar o veto do governador \u00e0 emenda do projeto da LDO que garante verba para a nossa t\u00e3o sonhada isonomia salarial. O SindEnfermeiro est\u00e1 [&hellip;]<\/p>\n","protected":false},"author":6,"featured_media":4122,"comment_status":"closed","ping_status":"closed","sticky":false,"template":"","format":"standard","meta":{"footnotes":""},"categories":[5,2],"tags":[],"class_list":["post-4121","post","type-post","status-publish","format-standard","has-post-thumbnail","hentry","category-rede-publica","category-teste"],"_links":{"self":[{"href":"https:\/\/sindenfermeiro.com.br\/index.php\/wp-json\/wp\/v2\/posts\/4121","targetHints":{"allow":["GET"]}}],"collection":[{"href":"https:\/\/sindenfermeiro.com.br\/index.php\/wp-json\/wp\/v2\/posts"}],"about":[{"href":"https:\/\/sindenfermeiro.com.br\/index.php\/wp-json\/wp\/v2\/types\/post"}],"author":[{"embeddable":true,"href":"https:\/\/sindenfermeiro.com.br\/index.php\/wp-json\/wp\/v2\/users\/6"}],"replies":[{"embeddable":true,"href":"https:\/\/sindenfermeiro.com.br\/index.php\/wp-json\/wp\/v2\/comments?post=4121"}],"version-history":[{"count":1,"href":"https:\/\/sindenfermeiro.com.br\/index.php\/wp-json\/wp\/v2\/posts\/4121\/revisions"}],"predecessor-version":[{"id":36969,"href":"https:\/\/sindenfermeiro.com.br\/index.php\/wp-json\/wp\/v2\/posts\/4121\/revisions\/36969"}],"wp:featuredmedia":[{"embeddable":true,"href":"https:\/\/sindenfermeiro.com.br\/index.php\/wp-json\/"}],"wp:attachment":[{"href":"https:\/\/sindenfermeiro.com.br\/index.php\/wp-json\/wp\/v2\/media?parent=4121"}],"wp:term":[{"taxonomy":"category","embeddable":true,"href":"https:\/\/sindenfermeiro.com.br\/index.php\/wp-json\/wp\/v2\/categories?post=4121"},{"taxonomy":"post_tag","embeddable":true,"href":"https:\/\/sindenfermeiro.com.br\/index.php\/wp-json\/wp\/v2\/tags?post=4121"}],"curies":[{"name":"wp","href":"https:\/\/api.w.org\/{rel}","templated":true}]}}