{"id":41199,"date":"2021-03-04T16:03:47","date_gmt":"2021-03-04T19:03:47","guid":{"rendered":"https:\/\/sindenfermeiro.com.br\/?p=41199"},"modified":"2026-04-26T21:32:25","modified_gmt":"2026-04-27T00:32:25","slug":"perfil-ursula-nepomoceno-a-representacao-das-enfermeiras-no-brasil","status":"publish","type":"post","link":"https:\/\/sindenfermeiro.com.br\/index.php\/2021\/03\/04\/perfil-ursula-nepomoceno-a-representacao-das-enfermeiras-no-brasil\/","title":{"rendered":"[PERFIL] Ursula Nepomoceno: a representa\u00e7\u00e3o das enfermeiras no Brasil"},"content":{"rendered":"<p><img loading=\"lazy\" decoding=\"async\" class=\" wp-image-41200 aligncenter\" src=\"https:\/\/sindenfermeiro.com.br\/wp-content\/uploads\/2021\/03\/MG_7629-200x300.jpg\" alt=\"\" width=\"251\" height=\"377\" srcset=\"https:\/\/sindenfermeiro.com.br\/wp-content\/uploads\/2021\/03\/MG_7629-200x300.jpg 200w, https:\/\/sindenfermeiro.com.br\/wp-content\/uploads\/2021\/03\/MG_7629-683x1024.jpg 683w, https:\/\/sindenfermeiro.com.br\/wp-content\/uploads\/2021\/03\/MG_7629-768x1152.jpg 768w, https:\/\/sindenfermeiro.com.br\/wp-content\/uploads\/2021\/03\/MG_7629-1024x1536.jpg 1024w, https:\/\/sindenfermeiro.com.br\/wp-content\/uploads\/2021\/03\/MG_7629-1365x2048.jpg 1365w, https:\/\/sindenfermeiro.com.br\/wp-content\/uploads\/2021\/03\/MG_7629-scaled.jpg 1707w\" sizes=\"auto, (max-width: 251px) 100vw, 251px\" \/><\/p>\n<p style=\"text-align: justify\">\u201cSou muito comunicativa e gosto de cuidar das pessoas. Entendi que era isso que eu queria uma profiss\u00e3o em que eu pudesse fazer aquilo que eu gosto\u201d, essa \u00e9 a resposta dada por Ursula Nepomoceno quando perguntada o porqu\u00ea escolheu ser enfermeira. Formada h\u00e1 21 anos, pela Universidade de Bras\u00edlia, Ursula tem um curr\u00edculo de dar inveja. Al\u00e9m de m\u00e3e, esposa, especialista em enfermagem oncol\u00f3gica, professora, diretora do SindEnfermeiro-DF e possui experi\u00eancias em unidade de terapia intensiva, cl\u00ednicas m\u00e9dica e cir\u00fargica, sa\u00fade p\u00fablica, pediatria, obstetr\u00edcia, gest\u00e3o hospitalar e atualmente trabalha com depend\u00eancia qu\u00edmica e pessoas em situa\u00e7\u00e3o de rua.<\/p>\n<p style=\"text-align: justify\">Enfermeira da Secretaria de Sa\u00fade (SES) desde 2002, j\u00e1 atuou na rede privada onde teve seu primeiro contato com pacientes com depend\u00eancia qu\u00edmica. Na SES, Ursula desenvolve atualmente um trabalho com a popula\u00e7\u00e3o em situa\u00e7\u00e3o de rua e drogadi\u00e7\u00e3o no Consult\u00f3rio Na RUA. O Consult\u00f3rio Na Rua (CNAR) \u00e9 modalidade de presta\u00e7\u00e3o de servi\u00e7os com o foco na sa\u00fade integral de pessoas que se encontram nessas condi\u00e7\u00f5es. Formado por uma equipe multiprofissional, no Distrito Federal existem tr\u00eas equipes de CNAR. Elas atuam nas regi\u00f5es de Ceil\u00e2ndia, Taguatinga e Plano Piloto.<\/p>\n<p style=\"text-align: justify\"><strong>O desafio de atender pessoas em vulnerabilidade<\/strong><\/p>\n<p>\u201cTrabalhar com pessoas em situa\u00e7\u00e3o de rua \u00e9 um grande desafio\u201d, destaca Ursula. Ela conta que a maioria das pessoas nessas condi\u00e7\u00f5es s\u00e3o homens jovens e usu\u00e1rios de \u00e1lcool e outras drogas (principalmente o crack). \u201cN\u00f3s fazemos um papel de formiguinha todos os dias. Primeiro criamos v\u00ednculos, tentamos fazer com que eles confiem na equipe, depois fazer com que eles entendam a import\u00e2ncia do autocuidado. \u00c9 um trabalho di\u00e1rio\u201d, afirma Ursula.<\/p>\n<p style=\"text-align: justify\">Ela aponta que outra dificuldade encontrada pelo CNAR \u00e9 o fato da equipe n\u00e3o possuir um odontologista. \u201cQuase todos os pacientes t\u00eam problemas graves em rela\u00e7\u00e3o \u00e0 higiene bucal. E a maioria dos profissionais das UBSs acham que esses pacientes, por n\u00e3o \u201cpossu\u00edrem um territ\u00f3rio\u201d, n\u00e3o devem ser atendidos por eles\u201d. De acordo com Ursula, \u201ctoda pessoa em situa\u00e7\u00e3o de rua e que precisa de atendimento odontol\u00f3gico deve ser atendido pela UBS de onde ele est\u00e1 situado\u201d.<\/p>\n<p style=\"text-align: justify\"><strong>Enfermagem e milit\u00e2ncia<\/strong><\/p>\n<p style=\"text-align: justify\">\u201cDayse e eu somos amigas h\u00e1 muitos anos. Entramos na universidade juntas, em 1996, e sempre tivemos essa luta pela mulher, tanto da enfermagem quanto na pol\u00edtica\u201d, relembra Ursula. Para ela, o sindicato veio para somar \u00e0 luta que ela tem por uma sociedade melhor, onde a enfermagem seja respeitada. \u201cNossa profiss\u00e3o \u00e9 majoritariamente feminina, mas ainda sofremos muito preconceito dentro das unidades de sa\u00fade, no entanto, estudar e mostrar o poder que n\u00f3s temos e a quantidade de coisas que desenvolvemos dentro da nossa profiss\u00e3o, faz com que as outras categorias tenham respeito por n\u00f3s\u201d, destaca Ursula.<\/p>\n<p style=\"text-align: justify\">De acordo com a profissional, o trabalho que ela desenvolve como diretora do sindicato tem ajudado no desenvolvimento de uma consci\u00eancia pol\u00edtica e social muito maior. \u201cHoje eu fa\u00e7o parte do Conselho de Sa\u00fade de Taguatinga, onde observo a luta pela melhoria na sa\u00fade da popula\u00e7\u00e3o do DF. Isso me faz perceber o quanto \u00e9 importante as mulheres ocuparem espa\u00e7os de poder. O SindEnfermeiro tem ajudado a entender esse movimento pol\u00edtico que temos passado nesses \u00faltimos tempos\u201d, pontua Ursula.<\/p>\n<p style=\"text-align: justify\"><strong>Aprendizado&#8230;<\/strong><\/p>\n<p style=\"text-align: justify\">Ursula \u00e9 direta sobre o que aprendeu nesse per\u00edodo trabalhando com pessoas em vulnerabilidade \u201catender pessoas em situa\u00e7\u00e3o de rua tem me mostrado que n\u00f3s conseguimos viver com o nada, conseguimos ser felizes \u2013 apesar de todo o sofrimento e dificuldades que essas pessoas passam -, mas eles me mostraram o tanto que n\u00f3s precisamos mudar enquanto seres humanos\u201d.<\/p>\n<p style=\"text-align: justify\">\u201cSou muito feliz por ser enfermeira, estou muito feliz em ser diretora do sindicato e lutar pela enfermagem. Agrade\u00e7o demais por todas oportunidades, locais que eu trabalhei e todas as portas que foram abertas, principalmente por ter a honra de atender as pessoas em situa\u00e7\u00e3o de rua, porque \u00e9 um aprendizado di\u00e1rio\u201d, finaliza Ursula.<\/p>\n","protected":false},"excerpt":{"rendered":"<p>\u201cSou muito comunicativa e gosto de cuidar das pessoas. Entendi que era isso que eu queria uma profiss\u00e3o em que eu pudesse fazer aquilo que eu gosto\u201d, essa \u00e9 a resposta dada por Ursula Nepomoceno quando perguntada o porqu\u00ea escolheu ser enfermeira. Formada h\u00e1 21 anos, pela Universidade de Bras\u00edlia, Ursula tem um curr\u00edculo de [&hellip;]<\/p>\n","protected":false},"author":6,"featured_media":41200,"comment_status":"open","ping_status":"open","sticky":false,"template":"","format":"standard","meta":{"footnotes":""},"categories":[6,13,5],"tags":[7,676,10,81,21,677],"class_list":["post-41199","post","type-post","status-publish","format-standard","has-post-thumbnail","hentry","category-noticias","category-rede-privada","category-rede-publica","tag-enfermagem","tag-mes-da-mulher","tag-secretaria-de-saude","tag-ses-df","tag-sindenfermeiro","tag-ursula"],"_links":{"self":[{"href":"https:\/\/sindenfermeiro.com.br\/index.php\/wp-json\/wp\/v2\/posts\/41199","targetHints":{"allow":["GET"]}}],"collection":[{"href":"https:\/\/sindenfermeiro.com.br\/index.php\/wp-json\/wp\/v2\/posts"}],"about":[{"href":"https:\/\/sindenfermeiro.com.br\/index.php\/wp-json\/wp\/v2\/types\/post"}],"author":[{"embeddable":true,"href":"https:\/\/sindenfermeiro.com.br\/index.php\/wp-json\/wp\/v2\/users\/6"}],"replies":[{"embeddable":true,"href":"https:\/\/sindenfermeiro.com.br\/index.php\/wp-json\/wp\/v2\/comments?post=41199"}],"version-history":[{"count":8,"href":"https:\/\/sindenfermeiro.com.br\/index.php\/wp-json\/wp\/v2\/posts\/41199\/revisions"}],"predecessor-version":[{"id":41210,"href":"https:\/\/sindenfermeiro.com.br\/index.php\/wp-json\/wp\/v2\/posts\/41199\/revisions\/41210"}],"wp:featuredmedia":[{"embeddable":true,"href":"https:\/\/sindenfermeiro.com.br\/index.php\/wp-json\/wp\/v2\/media\/41200"}],"wp:attachment":[{"href":"https:\/\/sindenfermeiro.com.br\/index.php\/wp-json\/wp\/v2\/media?parent=41199"}],"wp:term":[{"taxonomy":"category","embeddable":true,"href":"https:\/\/sindenfermeiro.com.br\/index.php\/wp-json\/wp\/v2\/categories?post=41199"},{"taxonomy":"post_tag","embeddable":true,"href":"https:\/\/sindenfermeiro.com.br\/index.php\/wp-json\/wp\/v2\/tags?post=41199"}],"curies":[{"name":"wp","href":"https:\/\/api.w.org\/{rel}","templated":true}]}}