{"id":41174,"date":"2021-03-01T19:00:56","date_gmt":"2021-03-01T22:00:56","guid":{"rendered":"https:\/\/sindenfermeiro.com.br\/?p=41174"},"modified":"2026-04-26T21:32:31","modified_gmt":"2026-04-27T00:32:31","slug":"nota-conjunta-das-entidades-da-enfermagem-sobre-o-lockdown-no-df","status":"publish","type":"post","link":"https:\/\/sindenfermeiro.com.br\/index.php\/2021\/03\/01\/nota-conjunta-das-entidades-da-enfermagem-sobre-o-lockdown-no-df\/","title":{"rendered":"Nota conjunta das entidades da enfermagem sobre o Lockdown no DF"},"content":{"rendered":"<p style=\"text-align: justify\">A Frente \u00danica da Enfermagem (FUEnf) vem por meio desta nota declarar seu apoio ao lockdown decretado pelo Governo do Distrito Federal (GDF) neste momento, por entender que a medida \u00e9 extremamente necess\u00e1ria pois o sistema de sa\u00fade do DF est\u00e1 em colapso.<\/p>\n<p style=\"text-align: justify\">O lockdown neste momento \u00e9 extremamente necess\u00e1rio, mas sozinho n\u00e3o ser\u00e1 efetivo, deixando a popula\u00e7\u00e3o ref\u00e9m dessa a\u00e7\u00e3o t\u00e3o radical. \u00c9 necess\u00e1rio planejamento respons\u00e1vel e medidas como vacina\u00e7\u00e3o, rastreamento, isolamento dos casos confirmados, testagem em massa, aumento da frota no transporte p\u00fablico, auxilio emergencial para a popula\u00e7\u00e3o carente, acessibilidade de empr\u00e9stimo para pequenas e m\u00e9dias empresas, estabilidade no emprego e coibir de fato aglomera\u00e7\u00f5es e atividades desnecess\u00e1rias.<\/p>\n<p style=\"text-align: justify\">\nReiteramos assim que, o lockdown s\u00f3 ser\u00e1 eficaz se somado com as a\u00e7\u00f5es listadas acima e assim frearemos um n\u00famero ainda maior de mortes, impediremos um caos funer\u00e1rio e impediremos que a situa\u00e7\u00e3o vivida pela popula\u00e7\u00e3o do Amazonas aconte\u00e7a em plena capital do pa\u00eds.<\/p>\n<p style=\"text-align: justify\">\nApoiar o lockdown n\u00e3o nos impede de criticar a falta de planejamento do GDF. Depois de um ano de pandemia, deixar que o sistema de sa\u00fade p\u00fablica chegue \u00e0 beira do colapso \u00e9 algo inadmiss\u00edvel. Falta gest\u00e3o, compromisso e estrat\u00e9gia no combate \u00e0 pandemia e quem paga o preju\u00edzo pelas falhas dos nossos governantes \u00e9 a popula\u00e7\u00e3o, mais uma vez obrigada a se submeter a medidas t\u00e3o radicais.<\/p>\n<p style=\"text-align: justify\">\nInfelizmente, as unidades de sa\u00fade est\u00e3o superlotadas de pacientes com sintomas respirat\u00f3rios, as Unidades de Terapia Intensiva (UTIs) est\u00e3o com taxa de ocupa\u00e7\u00e3o pr\u00f3xima a 100% e os profissionais da linha de frente est\u00e3o no limite tamb\u00e9m. A enfermagem e outras categorias j\u00e1 acumulam centenas de mortes, al\u00e9m das sequelas f\u00edsicas e psicol\u00f3gicas deixadas na sa\u00fade desses trabalhadores.<\/p>\n<p style=\"text-align: justify\">\nA alega\u00e7\u00e3o de que o lockdown n\u00e3o funciona \u00e9 falsa. Em todos os lugares que foi feito da maneira correta, onde a popula\u00e7\u00e3o se corresponsabilizou, a medida achatou a curva de contamina\u00e7\u00e3o e permitiu ao sistema de sa\u00fade se adaptar e absorver a demanda de pacientes. Pa\u00edses que adotaram essa estrat\u00e9gia, como a Nova Zel\u00e2ndia e Austr\u00e1lia, j\u00e1 voltaram \u00e0 vida normal, com preju\u00edzos econ\u00f4micos menores do que o que estamos enfrentando no Brasil.<\/p>\n<p style=\"text-align: justify\">\nN\u00e3o estamos falando apenas dos pacientes com Covid-19. Quando o sistema de sa\u00fade entra em colapso, falta leito, atendimento e medicamento para o beb\u00ea prematuro, para o hipertenso, para o diab\u00e9tico, para quem sofrer um acidente de carro ou at\u00e9 mesmo para quem simplesmente tiver uma apendicite. Por isso, o lockdown s\u00f3 ser\u00e1 efetivo se estiver atrelado \u00e0s medidas listadas no in\u00edcio da nota.<\/p>\n<p style=\"text-align: justify\">\n","protected":false},"excerpt":{"rendered":"<p>A Frente \u00danica da Enfermagem (FUEnf) vem por meio desta nota declarar seu apoio ao lockdown decretado pelo Governo do Distrito Federal (GDF) neste momento, por entender que a medida \u00e9 extremamente necess\u00e1ria pois o sistema de sa\u00fade do DF est\u00e1 em colapso. O lockdown neste momento \u00e9 extremamente necess\u00e1rio, mas sozinho n\u00e3o ser\u00e1 efetivo, [&hellip;]<\/p>\n","protected":false},"author":6,"featured_media":41176,"comment_status":"open","ping_status":"open","sticky":false,"template":"","format":"standard","meta":{"footnotes":""},"categories":[6,13,5],"tags":[222,7,275,427,27,120,670,236,22],"class_list":["post-41174","post","type-post","status-publish","format-standard","has-post-thumbnail","hentry","category-noticias","category-rede-privada","category-rede-publica","tag-dayse-amarilio","tag-enfermagem","tag-enfermeiro","tag-frente-unica-da-enfermagem","tag-fuenf","tag-gdf","tag-lockdown","tag-ses","tag-sindicato-dos-enfermeiros"],"_links":{"self":[{"href":"https:\/\/sindenfermeiro.com.br\/index.php\/wp-json\/wp\/v2\/posts\/41174","targetHints":{"allow":["GET"]}}],"collection":[{"href":"https:\/\/sindenfermeiro.com.br\/index.php\/wp-json\/wp\/v2\/posts"}],"about":[{"href":"https:\/\/sindenfermeiro.com.br\/index.php\/wp-json\/wp\/v2\/types\/post"}],"author":[{"embeddable":true,"href":"https:\/\/sindenfermeiro.com.br\/index.php\/wp-json\/wp\/v2\/users\/6"}],"replies":[{"embeddable":true,"href":"https:\/\/sindenfermeiro.com.br\/index.php\/wp-json\/wp\/v2\/comments?post=41174"}],"version-history":[{"count":4,"href":"https:\/\/sindenfermeiro.com.br\/index.php\/wp-json\/wp\/v2\/posts\/41174\/revisions"}],"predecessor-version":[{"id":41180,"href":"https:\/\/sindenfermeiro.com.br\/index.php\/wp-json\/wp\/v2\/posts\/41174\/revisions\/41180"}],"wp:featuredmedia":[{"embeddable":true,"href":"https:\/\/sindenfermeiro.com.br\/index.php\/wp-json\/wp\/v2\/media\/41176"}],"wp:attachment":[{"href":"https:\/\/sindenfermeiro.com.br\/index.php\/wp-json\/wp\/v2\/media?parent=41174"}],"wp:term":[{"taxonomy":"category","embeddable":true,"href":"https:\/\/sindenfermeiro.com.br\/index.php\/wp-json\/wp\/v2\/categories?post=41174"},{"taxonomy":"post_tag","embeddable":true,"href":"https:\/\/sindenfermeiro.com.br\/index.php\/wp-json\/wp\/v2\/tags?post=41174"}],"curies":[{"name":"wp","href":"https:\/\/api.w.org\/{rel}","templated":true}]}}