{"id":41169,"date":"2021-02-26T11:35:14","date_gmt":"2021-02-26T14:35:14","guid":{"rendered":"https:\/\/sindenfermeiro.com.br\/?p=41169"},"modified":"2026-04-27T02:50:19","modified_gmt":"2026-04-27T05:50:19","slug":"pec-emergencial-uma-maldade-que-nao-vamos-aceitar","status":"publish","type":"post","link":"https:\/\/sindenfermeiro.com.br\/index.php\/2021\/02\/26\/pec-emergencial-uma-maldade-que-nao-vamos-aceitar\/","title":{"rendered":"PEC Emergencial: uma maldade que n\u00e3o vamos aceitar"},"content":{"rendered":"<div id=\"attachment_41172\" style=\"width: 562px\" class=\"wp-caption aligncenter\"><img loading=\"lazy\" decoding=\"async\" aria-describedby=\"caption-attachment-41172\" class=\"wp-image-41172 \" src=\"https:\/\/sindenfermeiro.com.br\/wp-content\/uploads\/2021\/02\/arrombados-1024x683.jpg\" alt=\"\" width=\"552\" height=\"368\" srcset=\"https:\/\/sindenfermeiro.com.br\/wp-content\/uploads\/2021\/02\/arrombados-1024x683.jpg 1024w, https:\/\/sindenfermeiro.com.br\/wp-content\/uploads\/2021\/02\/arrombados-300x200.jpg 300w, https:\/\/sindenfermeiro.com.br\/wp-content\/uploads\/2021\/02\/arrombados-768x512.jpg 768w, https:\/\/sindenfermeiro.com.br\/wp-content\/uploads\/2021\/02\/arrombados-1536x1024.jpg 1536w, https:\/\/sindenfermeiro.com.br\/wp-content\/uploads\/2021\/02\/arrombados-2048x1365.jpg 2048w\" sizes=\"auto, (max-width: 552px) 100vw, 552px\" \/><p id=\"caption-attachment-41172\" class=\"wp-caption-text\">Foto: S\u00e9rgio Lima\/Poder360<\/p><\/div>\n<p>O Governo Bolsonaro articulou junto ao Senado para unir as PECs Emergencial (186\/19) e do Pacto Federativo (188\/19) \u2013 que prev\u00ea, entre outros pontos, o fim do piso m\u00ednimo constitucional para a sa\u00fade e educa\u00e7\u00e3o, setores que j\u00e1 est\u00e3o sofrendo com o subfinanciamento h\u00e1 d\u00e9cadas. Em troca, R$ 200 por tr\u00eas meses para a popula\u00e7\u00e3o desempregada.<\/p>\n<p>N\u00e3o bastou a EC 95, que congelou os gastos com sa\u00fade e educa\u00e7\u00e3o por 30 anos, e vai gerar uma perda de R$ 30 bilh\u00f5es s\u00f3 em 2021. Com a aprova\u00e7\u00e3o da PEC 186, os estados e munic\u00edpios n\u00e3o v\u00e3o mais ser obrigados a destinar uma receita m\u00ednima para a sa\u00fade, como determina a Constitui\u00e7\u00e3o.<\/p>\n<p>Em meio a uma pandemia que j\u00e1 soma mais de 250 mil mortos, o Brasil sequer tem vacinas para imunizar sua popula\u00e7\u00e3o \u2013 e ainda assim discute cortes de gastos na sa\u00fade.<\/p>\n<p><strong>A dignidade dos brasileiros n\u00e3o pode virar moeda de troca. Pressione os senadores do DF a n\u00e3o aprovar mais essa maldade contra o povo! Diga N\u00c3O \u00e0 PEC Emergencial!<\/strong><\/p>\n","protected":false},"excerpt":{"rendered":"<p>O Governo Bolsonaro articulou junto ao Senado para unir as PECs Emergencial (186\/19) e do Pacto Federativo (188\/19) \u2013 que prev\u00ea, entre outros pontos, o fim do piso m\u00ednimo constitucional para a sa\u00fade e educa\u00e7\u00e3o, setores que j\u00e1 est\u00e3o sofrendo com o subfinanciamento h\u00e1 d\u00e9cadas. Em troca, R$ 200 por tr\u00eas meses para a popula\u00e7\u00e3o [&hellip;]<\/p>\n","protected":false},"author":6,"featured_media":41172,"comment_status":"open","ping_status":"open","sticky":false,"template":"","format":"standard","meta":{"footnotes":""},"categories":[6,5],"tags":[668,606,669,165],"class_list":["post-41169","post","type-post","status-publish","format-standard","has-post-thumbnail","hentry","category-noticias","category-rede-publica","tag-corte-de-verbas","tag-pandemia","tag-pec-186","tag-sus"],"_links":{"self":[{"href":"https:\/\/sindenfermeiro.com.br\/index.php\/wp-json\/wp\/v2\/posts\/41169","targetHints":{"allow":["GET"]}}],"collection":[{"href":"https:\/\/sindenfermeiro.com.br\/index.php\/wp-json\/wp\/v2\/posts"}],"about":[{"href":"https:\/\/sindenfermeiro.com.br\/index.php\/wp-json\/wp\/v2\/types\/post"}],"author":[{"embeddable":true,"href":"https:\/\/sindenfermeiro.com.br\/index.php\/wp-json\/wp\/v2\/users\/6"}],"replies":[{"embeddable":true,"href":"https:\/\/sindenfermeiro.com.br\/index.php\/wp-json\/wp\/v2\/comments?post=41169"}],"version-history":[{"count":2,"href":"https:\/\/sindenfermeiro.com.br\/index.php\/wp-json\/wp\/v2\/posts\/41169\/revisions"}],"predecessor-version":[{"id":41173,"href":"https:\/\/sindenfermeiro.com.br\/index.php\/wp-json\/wp\/v2\/posts\/41169\/revisions\/41173"}],"wp:featuredmedia":[{"embeddable":true,"href":"https:\/\/sindenfermeiro.com.br\/index.php\/wp-json\/wp\/v2\/media\/41172"}],"wp:attachment":[{"href":"https:\/\/sindenfermeiro.com.br\/index.php\/wp-json\/wp\/v2\/media?parent=41169"}],"wp:term":[{"taxonomy":"category","embeddable":true,"href":"https:\/\/sindenfermeiro.com.br\/index.php\/wp-json\/wp\/v2\/categories?post=41169"},{"taxonomy":"post_tag","embeddable":true,"href":"https:\/\/sindenfermeiro.com.br\/index.php\/wp-json\/wp\/v2\/tags?post=41169"}],"curies":[{"name":"wp","href":"https:\/\/api.w.org\/{rel}","templated":true}]}}