{"id":41166,"date":"2021-02-24T14:02:56","date_gmt":"2021-02-24T17:02:56","guid":{"rendered":"https:\/\/sindenfermeiro.com.br\/?p=41166"},"modified":"2026-04-27T02:50:12","modified_gmt":"2026-04-27T05:50:12","slug":"distritais-pedem-abertura-de-cpi-para-investigar-irregularidades-no-igesdf","status":"publish","type":"post","link":"https:\/\/sindenfermeiro.com.br\/index.php\/2021\/02\/24\/distritais-pedem-abertura-de-cpi-para-investigar-irregularidades-no-igesdf\/","title":{"rendered":"Distritais pedem abertura de CPI para investigar irregularidades no IGESDF"},"content":{"rendered":"<div id=\"attachment_41167\" style=\"width: 934px\" class=\"wp-caption aligncenter\"><img loading=\"lazy\" decoding=\"async\" aria-describedby=\"caption-attachment-41167\" class=\"wp-image-41167 \" src=\"https:\/\/sindenfermeiro.com.br\/wp-content\/uploads\/2021\/02\/230719-RS-Fachadas-em-Brasi\u0301lia58-1024x684.jpg\" alt=\"\" width=\"924\" height=\"617\" srcset=\"https:\/\/sindenfermeiro.com.br\/wp-content\/uploads\/2021\/02\/230719-RS-Fachadas-em-Brasi\u0301lia58-1024x684.jpg 1024w, https:\/\/sindenfermeiro.com.br\/wp-content\/uploads\/2021\/02\/230719-RS-Fachadas-em-Brasi\u0301lia58-300x200.jpg 300w, https:\/\/sindenfermeiro.com.br\/wp-content\/uploads\/2021\/02\/230719-RS-Fachadas-em-Brasi\u0301lia58-768x513.jpg 768w, https:\/\/sindenfermeiro.com.br\/wp-content\/uploads\/2021\/02\/230719-RS-Fachadas-em-Brasi\u0301lia58.jpg 1200w\" sizes=\"auto, (max-width: 924px) 100vw, 924px\" \/><p id=\"caption-attachment-41167\" class=\"wp-caption-text\">Foto: Raimundo Sampaio\/Metr\u00f3poles<\/p><\/div>\n<p>No \u00faltimo dia 19 de fevereiro, os deputados distritais que representam o bloco de oposi\u00e7\u00e3o ao governo do DF protocolaram pedido na C\u00e2mara Legislativa (CLDF) para a abertura de uma Comiss\u00e3o de Inqu\u00e9rito Parlamentar (CPI), com o objetivo de apurar poss\u00edveis irregularidades no Instituto de Gest\u00e3o Estrat\u00e9gica de Sa\u00fade (IGESDF).<\/p>\n<p>O pedido, assinado pelos distritais Arlete Sampaio (PT), Chico Vigilante (PT), F\u00e1bio Felix (Psol), Leandro Grass (REDE) e Reginaldo Veras (PDT), necessita de, no m\u00ednimo, mais oito assinaturas para que a discuss\u00e3o siga em frente e a CPI seja aberta. No documento, os parlamentares argumentam que o instituto n\u00e3o vem cumprindo a sua fun\u00e7\u00e3o de melhorar a gest\u00e3o da sa\u00fade p\u00fablica no DF, e que \u201c\u00e9 inadmiss\u00edvel assistir sem rea\u00e7\u00e3o \u00e0s frequentes e crescentes den\u00fancias acerca da gest\u00e3o do IGES-DF\u201d.<\/p>\n<p>Os ind\u00edcios de irregularidades no pagamento dos sal\u00e1rios, direcionamento em licita\u00e7\u00f5es para a compra de testes e outros insumos, uso irregular de cart\u00f5es corporativos, nomea\u00e7\u00f5es irregulares, al\u00e9m de contratos considerados lesivos \u00e0 administra\u00e7\u00e3o p\u00fablica s\u00e3o recorrentes desde a cria\u00e7\u00e3o do antigo Instituto Hospital de Base (IHBDF), ainda no governo anterior. Com a amplia\u00e7\u00e3o do IHB que criou o IGES, os problemas com a transpar\u00eancia s\u00f3 aumentaram.<\/p>\n<p><strong>CLDF descartou CPIs da Sa\u00fade em 2020<\/strong><\/p>\n<p>Esta n\u00e3o \u00e9 a primeira tentativa de investigar os problemas que acompanham a sa\u00fade p\u00fablica do DF nos \u00faltimos anos. Em agosto do ano passado, a CPI da Pandemia chegou a reunir o n\u00famero m\u00ednimo de assinaturas para ser aberta, mas ficou emperrada devido a uma manobra de deputados da base aliada, que atrasaram a aprecia\u00e7\u00e3o da pauta e retiraram assinaturas sob o argumento de apoiar uma CPI mais ampla \u2013 a da Sa\u00fade, que tamb\u00e9m foi rejeitada pela casa posteriormente.<\/p>\n<p><strong>Transpar\u00eancia: dever de gestores e parlamentares<\/strong><\/p>\n<p>A presidente do SindEnfermeiro, Dayse Amar\u00edlio, aponta para a import\u00e2ncia da abertura da CPI do IGES, fazendo um paralelo com uma a\u00e7\u00e3o realizada pela prefeitura de Mogi das Cruzes, em S\u00e3o Paulo, que identificou diversas compras superfaturadas realizadas em gest\u00f5es anteriores \u2013 entre elas, livros infantis que custaram at\u00e9 R$ 250,00 por unidade.<\/p>\n<p>\u201cEm Mogi (das Cruzes), o meu amigo e prefeito da cidade, Caio Cunha, visitou diversos galp\u00f5es da prefeitura e constatou muitas irregularidades nas compras realizadas \u2013 e sabemos que situa\u00e7\u00f5es como essa est\u00e3o espalhadas em todo o Brasil. Se em uma cidade relativamente pequena isso ocorre, j\u00e1 imaginou como \u00e9 aqui na capital do pa\u00eds, onde o IGES n\u00e3o presta contas h\u00e1 anos?\u201d, afirma.<\/p>\n<p>Dayse relembra ainda que n\u00e3o s\u00f3 os gestores, mas tamb\u00e9m os parlamentares devem cumprir o seu dever institucional de fiscalizar e fazer cumprir os princ\u00edpios \u00e9ticos que regem a Administra\u00e7\u00e3o P\u00fablica.<\/p>\n<p>\u201c\u00c9 preciso que se tenha compromisso em a sociedade e com o dinheiro p\u00fablico, e s\u00f3 assim (com a abertura da CPI) n\u00f3s vamos poder saber qual \u00e9 a verdade a respeito do IGES. E esse compromisso tem que vir tanto dos gestores quanto dos parlamentares, at\u00e9 pelo seu papel de respeitar e defender as boas pr\u00e1ticas no servi\u00e7o p\u00fablico, sendo uma delas a transpar\u00eancia\u201d, finaliza.<\/p>\n","protected":false},"excerpt":{"rendered":"<p>No \u00faltimo dia 19 de fevereiro, os deputados distritais que representam o bloco de oposi\u00e7\u00e3o ao governo do DF protocolaram pedido na C\u00e2mara Legislativa (CLDF) para a abertura de uma Comiss\u00e3o de Inqu\u00e9rito Parlamentar (CPI), com o objetivo de apurar poss\u00edveis irregularidades no Instituto de Gest\u00e3o Estrat\u00e9gica de Sa\u00fade (IGESDF). O pedido, assinado pelos distritais [&hellip;]<\/p>\n","protected":false},"author":6,"featured_media":41167,"comment_status":"open","ping_status":"open","sticky":false,"template":"","format":"standard","meta":{"footnotes":""},"categories":[6,5],"tags":[545,34,605,667,313,58],"class_list":["post-41166","post","type-post","status-publish","format-standard","has-post-thumbnail","hentry","category-noticias","category-rede-publica","tag-camara","tag-cldf","tag-cpi","tag-distritais","tag-igesdf","tag-ihbdf"],"_links":{"self":[{"href":"https:\/\/sindenfermeiro.com.br\/index.php\/wp-json\/wp\/v2\/posts\/41166","targetHints":{"allow":["GET"]}}],"collection":[{"href":"https:\/\/sindenfermeiro.com.br\/index.php\/wp-json\/wp\/v2\/posts"}],"about":[{"href":"https:\/\/sindenfermeiro.com.br\/index.php\/wp-json\/wp\/v2\/types\/post"}],"author":[{"embeddable":true,"href":"https:\/\/sindenfermeiro.com.br\/index.php\/wp-json\/wp\/v2\/users\/6"}],"replies":[{"embeddable":true,"href":"https:\/\/sindenfermeiro.com.br\/index.php\/wp-json\/wp\/v2\/comments?post=41166"}],"version-history":[{"count":1,"href":"https:\/\/sindenfermeiro.com.br\/index.php\/wp-json\/wp\/v2\/posts\/41166\/revisions"}],"predecessor-version":[{"id":41168,"href":"https:\/\/sindenfermeiro.com.br\/index.php\/wp-json\/wp\/v2\/posts\/41166\/revisions\/41168"}],"wp:featuredmedia":[{"embeddable":true,"href":"https:\/\/sindenfermeiro.com.br\/index.php\/wp-json\/wp\/v2\/media\/41167"}],"wp:attachment":[{"href":"https:\/\/sindenfermeiro.com.br\/index.php\/wp-json\/wp\/v2\/media?parent=41166"}],"wp:term":[{"taxonomy":"category","embeddable":true,"href":"https:\/\/sindenfermeiro.com.br\/index.php\/wp-json\/wp\/v2\/categories?post=41166"},{"taxonomy":"post_tag","embeddable":true,"href":"https:\/\/sindenfermeiro.com.br\/index.php\/wp-json\/wp\/v2\/tags?post=41166"}],"curies":[{"name":"wp","href":"https:\/\/api.w.org\/{rel}","templated":true}]}}