{"id":41156,"date":"2021-02-24T11:18:15","date_gmt":"2021-02-24T14:18:15","guid":{"rendered":"https:\/\/sindenfermeiro.com.br\/?p=41156"},"modified":"2026-04-26T22:39:42","modified_gmt":"2026-04-27T01:39:42","slug":"nota-de-esclarecimento-devolucao-dos-servidores-do-igesdf","status":"publish","type":"post","link":"https:\/\/sindenfermeiro.com.br\/index.php\/2021\/02\/24\/nota-de-esclarecimento-devolucao-dos-servidores-do-igesdf\/","title":{"rendered":"Nota de Esclarecimento devolu\u00e7\u00e3o dos servidores do IGESDF"},"content":{"rendered":"<p style=\"text-align: justify\">O Sindicato dos Enfermeiros do Distrito Federal (SindEnfermeiro-DF) vem por meio desta nota prestar esclarecimento aos enfermeiros da Secretaria de Sa\u00fade do Distrito Federal (SESDF) que foram cedidos ao Instituto de Gest\u00e3o Estrat\u00e9gica em Sa\u00fade do Distrito Federal (IGESDF).<\/p>\n<p style=\"text-align: justify\">Em primeiro lugar, o SindEnfermeiro questiona a motiva\u00e7\u00e3o do IGESDF ao tomar essa atitude sem dialogar com o sindicato &#8211; pois a Lei 840\/2021, prev\u00ea que os sindicatos participem desse processo de movimenta\u00e7\u00e3o de servidores -, com o Conselho de Sa\u00fade do DF, com a SESDF ou qualquer entidade ou \u00f3rg\u00e3o de controle social. Diante disso, o SindEnfermeiro procurou o instituto, mas at\u00e9 o momento n\u00e3o obteve respostas.<\/p>\n<p style=\"text-align: justify\">A presidente do SindEnfermeiro, Dayse Amar\u00edlio, foi recebida na manh\u00e3 da \u00faltima ter\u00e7a-feira (23), pela subsecret\u00e1ria de gest\u00e3o de pessoas da SES-DF, Silene Almeida, que expos a situa\u00e7\u00e3o. O primeiro ponto exposto pela subsecret\u00e1ria \u00e9 que a \u201cdevolu\u00e7\u00e3o\u201d dos servidores foi uma solicita\u00e7\u00e3o do IGESDF. Diante desse cen\u00e1rio, a Subsecretaria de Gest\u00e3o de Pessoas (SUGEP) precisou se mobilizar e fazer um planejamento estrat\u00e9gico emergencial para acolher os seus servidores. De acordo com Silene, a SUGEP \u201cprocurou garantir uma realoca\u00e7\u00e3o mais ison\u00f4mica e transparente poss\u00edvel a esses trabalhadores\u201d.<\/p>\n<p style=\"text-align: justify\">A subsecret\u00e1ria tamb\u00e9m afirmou que a reintegra\u00e7\u00e3o ser\u00e1 de maneira gradual, com listagem de at\u00e9 80 servidores e todo o processo deve levar entre oito e nove meses para ser finalizado. Ela tamb\u00e9m refor\u00e7ou a import\u00e2ncia do preenchimento da plataforma lan\u00e7ada pela SUGEP, para que a secretaria consiga fazer o levantamento de todos os servidores e qual o local de realoca\u00e7\u00e3o desejado por eles. Cada servidor poder\u00e1 indicar at\u00e9 dois locais.<\/p>\n<p style=\"text-align: justify\">O SindEnfermeiro reitera que continua nas tratativas de contato com o IGESDF \u2013 que segue sem presid\u00eancia. O sindicato tem se mobilizado para buscar apoio na C\u00e2mara Legislativa para apura\u00e7\u00e3o detalhada dos fatos. Na quinta-feira acontecer\u00e1 uma reuni\u00e3o com os servidores para tomar as decis\u00f5es necess\u00e1rias, decidir os pr\u00f3ximos passos e a\u00e7\u00f5es que ser\u00e3o tomadas para que os trabalhadores n\u00e3o sejam prejudicados.<\/p>\n","protected":false},"excerpt":{"rendered":"<p>O Sindicato dos Enfermeiros do Distrito Federal (SindEnfermeiro-DF) vem por meio desta nota prestar esclarecimento aos enfermeiros da Secretaria de Sa\u00fade do Distrito Federal (SESDF) que foram cedidos ao Instituto de Gest\u00e3o Estrat\u00e9gica em Sa\u00fade do Distrito Federal (IGESDF). Em primeiro lugar, o SindEnfermeiro questiona a motiva\u00e7\u00e3o do IGESDF ao tomar essa atitude sem dialogar [&hellip;]<\/p>\n","protected":false},"author":6,"featured_media":41157,"comment_status":"open","ping_status":"open","sticky":false,"template":"","format":"standard","meta":{"footnotes":""},"categories":[6,13,5],"tags":[222,7,313,81,21,412],"class_list":["post-41156","post","type-post","status-publish","format-standard","has-post-thumbnail","hentry","category-noticias","category-rede-privada","category-rede-publica","tag-dayse-amarilio","tag-enfermagem","tag-igesdf","tag-ses-df","tag-sindenfermeiro","tag-sugep"],"_links":{"self":[{"href":"https:\/\/sindenfermeiro.com.br\/index.php\/wp-json\/wp\/v2\/posts\/41156","targetHints":{"allow":["GET"]}}],"collection":[{"href":"https:\/\/sindenfermeiro.com.br\/index.php\/wp-json\/wp\/v2\/posts"}],"about":[{"href":"https:\/\/sindenfermeiro.com.br\/index.php\/wp-json\/wp\/v2\/types\/post"}],"author":[{"embeddable":true,"href":"https:\/\/sindenfermeiro.com.br\/index.php\/wp-json\/wp\/v2\/users\/6"}],"replies":[{"embeddable":true,"href":"https:\/\/sindenfermeiro.com.br\/index.php\/wp-json\/wp\/v2\/comments?post=41156"}],"version-history":[{"count":7,"href":"https:\/\/sindenfermeiro.com.br\/index.php\/wp-json\/wp\/v2\/posts\/41156\/revisions"}],"predecessor-version":[{"id":41165,"href":"https:\/\/sindenfermeiro.com.br\/index.php\/wp-json\/wp\/v2\/posts\/41156\/revisions\/41165"}],"wp:featuredmedia":[{"embeddable":true,"href":"https:\/\/sindenfermeiro.com.br\/index.php\/wp-json\/wp\/v2\/media\/41157"}],"wp:attachment":[{"href":"https:\/\/sindenfermeiro.com.br\/index.php\/wp-json\/wp\/v2\/media?parent=41156"}],"wp:term":[{"taxonomy":"category","embeddable":true,"href":"https:\/\/sindenfermeiro.com.br\/index.php\/wp-json\/wp\/v2\/categories?post=41156"},{"taxonomy":"post_tag","embeddable":true,"href":"https:\/\/sindenfermeiro.com.br\/index.php\/wp-json\/wp\/v2\/tags?post=41156"}],"curies":[{"name":"wp","href":"https:\/\/api.w.org\/{rel}","templated":true}]}}