{"id":41141,"date":"2021-02-12T12:13:31","date_gmt":"2021-02-12T15:13:31","guid":{"rendered":"https:\/\/sindenfermeiro.com.br\/?p=41141"},"modified":"2026-04-26T21:36:43","modified_gmt":"2026-04-27T00:36:43","slug":"vacinacao-rede-privada-apos-imunizacao-dos-idosos-trabalhadores-da-enfermagem-serao-incluidos-no-grupo-prioritario","status":"publish","type":"post","link":"https:\/\/sindenfermeiro.com.br\/index.php\/2021\/02\/12\/vacinacao-rede-privada-apos-imunizacao-dos-idosos-trabalhadores-da-enfermagem-serao-incluidos-no-grupo-prioritario\/","title":{"rendered":"Vacina\u00e7\u00e3o rede privada: ap\u00f3s imuniza\u00e7\u00e3o dos idosos, trabalhadores da enfermagem ser\u00e3o inclu\u00eddos no grupo priorit\u00e1rio"},"content":{"rendered":"<p><img loading=\"lazy\" decoding=\"async\" class=\"size-medium wp-image-41142 aligncenter\" src=\"https:\/\/sindenfermeiro.com.br\/wp-content\/uploads\/2021\/02\/WhatsApp-Image-2021-02-12-at-11.16.23-300x225.jpeg\" alt=\"\" width=\"300\" height=\"225\" srcset=\"https:\/\/sindenfermeiro.com.br\/wp-content\/uploads\/2021\/02\/WhatsApp-Image-2021-02-12-at-11.16.23-300x225.jpeg 300w, https:\/\/sindenfermeiro.com.br\/wp-content\/uploads\/2021\/02\/WhatsApp-Image-2021-02-12-at-11.16.23-1024x770.jpeg 1024w, https:\/\/sindenfermeiro.com.br\/wp-content\/uploads\/2021\/02\/WhatsApp-Image-2021-02-12-at-11.16.23-768x577.jpeg 768w, https:\/\/sindenfermeiro.com.br\/wp-content\/uploads\/2021\/02\/WhatsApp-Image-2021-02-12-at-11.16.23.jpeg 1280w\" sizes=\"auto, (max-width: 300px) 100vw, 300px\" \/><\/p>\n<p style=\"text-align: justify\">Em reuni\u00e3o com o secret\u00e1rio de Sa\u00fade do Distrito Federal, Osnei Okumoto, o diretor executivo do Sindicato dos Enfermeiros do Distrito Federal, Tarc\u00edsio Faria e o presidente do Conselho Regional de Enfermagem do Distrito Federal (Coren-DF), Elissandro Noronha, questionaram o an\u00fancio de que dentistas seriam inclu\u00eddos no grupo priorit\u00e1rio de vacina\u00e7\u00e3o contra a Covid-19 e cobraram, mais uma vez, a imuniza\u00e7\u00e3o de todos os profissionais da Enfermagem.<\/p>\n<p style=\"text-align: justify\">As entidades cobram a inclus\u00e3o imediata dos profissionais de Enfermagem da rede privada, incluindo os enfermeiros, t\u00e9cnicos e auxiliares que atuam em cooperativas, servi\u00e7os de home care e cl\u00ednicas particulares, no grupo priorit\u00e1rio de vacina\u00e7\u00e3o. Durante a audi\u00eancia, o secret\u00e1rio Osnei Okumoto garantiu que todos os profissionais de Enfermagem tamb\u00e9m ser\u00e3o inclu\u00eddos nesta primeira fase, logo ap\u00f3s os idosos.<\/p>\n<p style=\"text-align: justify\">Enquanto aguarda a divulga\u00e7\u00e3o do cronograma de vacina\u00e7\u00e3o dos profissionais da rede privada, as institui\u00e7\u00f5es que representam a categoria continuar\u00e3o cobrando. &#8220;O sindicato entende que o enfermeiro, assim como todos os profissionais da enfermagem, est\u00e3o 24 horas com o paciente. Ent\u00e3o, nada mais justo que esses trabalhadores sejam vacinados na primeira fase. Por isso, estamos lutando e viemos fazer essa negocia\u00e7\u00e3o, para que todos sejam atendidos&#8221;, disse Tarc\u00edsio Faria.<\/p>\n<p style=\"text-align: justify\">O an\u00fancio acontece ap\u00f3s grande press\u00e3o das entidades da Enfermagem. &#8220;Diante da escassez de vacinas que nos assola neste primeiro momento, \u00e9 necess\u00e1rio fazer a distribui\u00e7\u00e3o das doses que temos com justi\u00e7a e isonomia. A Enfermagem est\u00e1 todos os dias e todas as horas na beira do leito, n\u00e3o podemos ficar para depois. Agora, temos o compromisso de que as pr\u00f3ximas doses que chegarem ser\u00e3o para atender essa demanda&#8221;, afirmou Elissandro Noronha.<\/p>\n<p style=\"text-align: right\"><em><strong><span style=\"font-size: 8pt\">Com informa\u00e7\u00f5es do Coren-DF<\/span><\/strong><\/em><\/p>\n","protected":false},"excerpt":{"rendered":"<p>Em reuni\u00e3o com o secret\u00e1rio de Sa\u00fade do Distrito Federal, Osnei Okumoto, o diretor executivo do Sindicato dos Enfermeiros do Distrito Federal, Tarc\u00edsio Faria e o presidente do Conselho Regional de Enfermagem do Distrito Federal (Coren-DF), Elissandro Noronha, questionaram o an\u00fancio de que dentistas seriam inclu\u00eddos no grupo priorit\u00e1rio de vacina\u00e7\u00e3o contra a Covid-19 e [&hellip;]<\/p>\n","protected":false},"author":6,"featured_media":41142,"comment_status":"open","ping_status":"open","sticky":false,"template":"","format":"standard","meta":{"footnotes":""},"categories":[6,13],"tags":[140,484,222,7,54,21,471],"class_list":["post-41141","post","type-post","status-publish","format-standard","has-post-thumbnail","hentry","category-noticias","category-rede-privada","tag-coren","tag-covid","tag-dayse-amarilio","tag-enfermagem","tag-enfermeiros","tag-sindenfermeiro","tag-vacinacao"],"_links":{"self":[{"href":"https:\/\/sindenfermeiro.com.br\/index.php\/wp-json\/wp\/v2\/posts\/41141","targetHints":{"allow":["GET"]}}],"collection":[{"href":"https:\/\/sindenfermeiro.com.br\/index.php\/wp-json\/wp\/v2\/posts"}],"about":[{"href":"https:\/\/sindenfermeiro.com.br\/index.php\/wp-json\/wp\/v2\/types\/post"}],"author":[{"embeddable":true,"href":"https:\/\/sindenfermeiro.com.br\/index.php\/wp-json\/wp\/v2\/users\/6"}],"replies":[{"embeddable":true,"href":"https:\/\/sindenfermeiro.com.br\/index.php\/wp-json\/wp\/v2\/comments?post=41141"}],"version-history":[{"count":6,"href":"https:\/\/sindenfermeiro.com.br\/index.php\/wp-json\/wp\/v2\/posts\/41141\/revisions"}],"predecessor-version":[{"id":41148,"href":"https:\/\/sindenfermeiro.com.br\/index.php\/wp-json\/wp\/v2\/posts\/41141\/revisions\/41148"}],"wp:featuredmedia":[{"embeddable":true,"href":"https:\/\/sindenfermeiro.com.br\/index.php\/wp-json\/wp\/v2\/media\/41142"}],"wp:attachment":[{"href":"https:\/\/sindenfermeiro.com.br\/index.php\/wp-json\/wp\/v2\/media?parent=41141"}],"wp:term":[{"taxonomy":"category","embeddable":true,"href":"https:\/\/sindenfermeiro.com.br\/index.php\/wp-json\/wp\/v2\/categories?post=41141"},{"taxonomy":"post_tag","embeddable":true,"href":"https:\/\/sindenfermeiro.com.br\/index.php\/wp-json\/wp\/v2\/tags?post=41141"}],"curies":[{"name":"wp","href":"https:\/\/api.w.org\/{rel}","templated":true}]}}