{"id":41104,"date":"2021-02-09T16:08:05","date_gmt":"2021-02-09T19:08:05","guid":{"rendered":"https:\/\/sindenfermeiro.com.br\/?p=41104"},"modified":"2026-04-26T21:35:24","modified_gmt":"2026-04-27T00:35:24","slug":"luz-no-fim-do-tunel-para-os-enfermeiros-aprovados-no-concurso-de-2018","status":"publish","type":"post","link":"https:\/\/sindenfermeiro.com.br\/index.php\/2021\/02\/09\/luz-no-fim-do-tunel-para-os-enfermeiros-aprovados-no-concurso-de-2018\/","title":{"rendered":"Luz no fim do t\u00fanel para os enfermeiros aprovados no concurso de 2018"},"content":{"rendered":"<style type=\"text\/css\">\n#foogallery-gallery-41108 .fg-image { width: 640px; }<\/style>\n\t\t\t<div class=\"foogallery foogallery-container foogallery-image-viewer foogallery-link-image foogallery-lightbox-none fg-center fg-image-viewer fg-ready fg-light fg-border-thin fg-shadow-outline fg-loading-default fg-loaded-fade-in fg-caption-hover fg-hover-fade fg-hover-zoom\" id=\"foogallery-gallery-41108\" data-foogallery=\"{&quot;item&quot;:{&quot;showCaptionTitle&quot;:true,&quot;showCaptionDescription&quot;:true},&quot;lazy&quot;:true,&quot;template&quot;:{&quot;loop&quot;:true}}\" style=\"--fg-title-line-clamp: 0; --fg-description-line-clamp: 0;\" >\n\t<div class=\"fiv-inner\">\n\t\t<div class=\"fiv-inner-container\">\n\t\t\t<div class=\"fg-item fg-type-image fg-idle\"><figure class=\"fg-item-inner\"><a href=\"https:\/\/sindenfermeiro.com.br\/wp-content\/uploads\/2021\/02\/WhatsApp-Image-2021-02-09-at-14.09.06.jpeg\" data-attachment-id=\"41106\" data-type=\"image\" class=\"fg-thumb\"><span class=\"fg-image-wrap\"><img fetchpriority=\"high\" decoding=\"async\" width=\"640\" height=\"360\" class=\"skip-lazy fg-image\" data-src-fg=\"https:\/\/sindenfermeiro.com.br\/wp-content\/uploads\/cache\/2021\/02\/WhatsApp-Image-2021-02-09-at-14_09_06\/2223282799.jpeg\" src=\"data:image\/svg+xml,%3Csvg%20xmlns%3D%22http%3A%2F%2Fwww.w3.org%2F2000%2Fsvg%22%20width%3D%22640%22%20height%3D%22360%22%20viewBox%3D%220%200%20640%20360%22%3E%3C%2Fsvg%3E\" loading=\"eager\"><\/span><span class=\"fg-image-overlay\"><\/span><\/a><\/figure><div class=\"fg-loader\"><\/div><\/div><div class=\"fg-item fg-type-image fg-idle\"><figure class=\"fg-item-inner\"><a href=\"https:\/\/sindenfermeiro.com.br\/wp-content\/uploads\/2021\/02\/WhatsApp-Image-2021-02-09-at-14.09.01.jpeg\" data-attachment-id=\"41105\" data-type=\"image\" class=\"fg-thumb\"><span class=\"fg-image-wrap\"><img decoding=\"async\" width=\"640\" height=\"360\" class=\"skip-lazy fg-image\" data-src-fg=\"https:\/\/sindenfermeiro.com.br\/wp-content\/uploads\/cache\/2021\/02\/WhatsApp-Image-2021-02-09-at-14_09_01\/4036465984.jpeg\" src=\"data:image\/svg+xml,%3Csvg%20xmlns%3D%22http%3A%2F%2Fwww.w3.org%2F2000%2Fsvg%22%20width%3D%22640%22%20height%3D%22360%22%20viewBox%3D%220%200%20640%20360%22%3E%3C%2Fsvg%3E\" loading=\"eager\"><\/span><span class=\"fg-image-overlay\"><\/span><\/a><\/figure><div class=\"fg-loader\"><\/div><\/div>\t\t<\/div>\n\t\t<div class=\"fiv-ctrls\">\n\t\t\t<button type=\"button\" class=\"fiv-prev\" title=\"Prev\"><span>Prev<\/span><\/button>\n\t\t\t<label class=\"fiv-count\"><span class=\"fiv-count-current\">1<\/span>of<span class=\"fiv-count-total\">2<\/span><\/label>\n\t\t\t<button type=\"button\" class=\"fiv-next\" title=\"Next\"><span>Next<\/span><\/button>\n\t\t<\/div>\n\t<\/div>\n<\/div>\n<p style=\"text-align: justify\">Ap\u00f3s diversas mobiliza\u00e7\u00f5es dos aprovados e com o apoio do SindEnfermeiro-DF, o GDF deu um passo para a nomea\u00e7\u00e3o de mais enfermeiros aprovados no concurso de 2018 da Secretaria de Sa\u00fade. Na manh\u00e3 desta ter\u00e7a (09), o diretor executivo do SindEnfermeiro, Tarc\u00edsio Faria, o presidente do Coren-DF, Elissandro Noronha, o deputado Jorge Vianna, representantes dos aprovados no certame, da Subsecretaria de Gest\u00e3o de Pessoas (SUGEP) e do GDF participaram de uma reuni\u00e3o para tratar das nomea\u00e7\u00f5es dos enfermeiros.<\/p>\n<p style=\"text-align: justify\">O Governo apresentou uma proposta de nomea\u00e7\u00e3o para 15 enfermeiros de estrat\u00e9gia sa\u00fade da fam\u00edlia com carga hor\u00e1ria de 40 horas, e 49 enfermeiros obstetras com jornada de 20 horas. Segundo o GDF, as nomea\u00e7\u00f5es devem acontecer nos pr\u00f3ximos 60 dias, mas n\u00e3o deram maiores detalhes do processo, pois de acordo com eles, o processo para nomea\u00e7\u00f5es dependem de alguns fatores, no entanto, a inten\u00e7\u00e3o \u00e9 que elas ocorram num prazo de at\u00e9 60 dias.<\/p>\n<p style=\"text-align: justify\">De acordo com Tarc\u00edsio Faria \u201co sindicato continuar\u00e1 na luta por mais nomea\u00e7\u00f5es, para que assim, as vagas em vac\u00e2ncia sejam ocupadas e que o d\u00e9ficit de enfermeiros na Secretaria de Sa\u00fade seja sanado\u201d. O SindEnfermeiro acompanhar\u00e1 de perto todo o processo de nomea\u00e7\u00e3o e continuar\u00e1 lutando por mais nomea\u00e7\u00f5es.<\/p>\n","protected":false},"excerpt":{"rendered":"<p>Ap\u00f3s diversas mobiliza\u00e7\u00f5es dos aprovados e com o apoio do SindEnfermeiro-DF, o GDF deu um passo para a nomea\u00e7\u00e3o de mais enfermeiros aprovados no concurso de 2018 da Secretaria de Sa\u00fade. Na manh\u00e3 desta ter\u00e7a (09), o diretor executivo do SindEnfermeiro, Tarc\u00edsio Faria, o presidente do Coren-DF, Elissandro Noronha, o deputado Jorge Vianna, representantes dos [&hellip;]<\/p>\n","protected":false},"author":6,"featured_media":41105,"comment_status":"open","ping_status":"open","sticky":false,"template":"","format":"standard","meta":{"footnotes":""},"categories":[6,13],"tags":[],"class_list":["post-41104","post","type-post","status-publish","format-standard","has-post-thumbnail","hentry","category-noticias","category-rede-privada"],"_links":{"self":[{"href":"https:\/\/sindenfermeiro.com.br\/index.php\/wp-json\/wp\/v2\/posts\/41104","targetHints":{"allow":["GET"]}}],"collection":[{"href":"https:\/\/sindenfermeiro.com.br\/index.php\/wp-json\/wp\/v2\/posts"}],"about":[{"href":"https:\/\/sindenfermeiro.com.br\/index.php\/wp-json\/wp\/v2\/types\/post"}],"author":[{"embeddable":true,"href":"https:\/\/sindenfermeiro.com.br\/index.php\/wp-json\/wp\/v2\/users\/6"}],"replies":[{"embeddable":true,"href":"https:\/\/sindenfermeiro.com.br\/index.php\/wp-json\/wp\/v2\/comments?post=41104"}],"version-history":[{"count":6,"href":"https:\/\/sindenfermeiro.com.br\/index.php\/wp-json\/wp\/v2\/posts\/41104\/revisions"}],"predecessor-version":[{"id":41113,"href":"https:\/\/sindenfermeiro.com.br\/index.php\/wp-json\/wp\/v2\/posts\/41104\/revisions\/41113"}],"wp:featuredmedia":[{"embeddable":true,"href":"https:\/\/sindenfermeiro.com.br\/index.php\/wp-json\/wp\/v2\/media\/41105"}],"wp:attachment":[{"href":"https:\/\/sindenfermeiro.com.br\/index.php\/wp-json\/wp\/v2\/media?parent=41104"}],"wp:term":[{"taxonomy":"category","embeddable":true,"href":"https:\/\/sindenfermeiro.com.br\/index.php\/wp-json\/wp\/v2\/categories?post=41104"},{"taxonomy":"post_tag","embeddable":true,"href":"https:\/\/sindenfermeiro.com.br\/index.php\/wp-json\/wp\/v2\/tags?post=41104"}],"curies":[{"name":"wp","href":"https:\/\/api.w.org\/{rel}","templated":true}]}}