{"id":41101,"date":"2021-02-09T13:32:21","date_gmt":"2021-02-09T16:32:21","guid":{"rendered":"https:\/\/sindenfermeiro.com.br\/?p=41101"},"modified":"2026-04-27T01:45:17","modified_gmt":"2026-04-27T04:45:17","slug":"ministerio-da-saude-retira-r-63-mi-em-recursos-para-upas-do-df","status":"publish","type":"post","link":"https:\/\/sindenfermeiro.com.br\/index.php\/2021\/02\/09\/ministerio-da-saude-retira-r-63-mi-em-recursos-para-upas-do-df\/","title":{"rendered":"Minist\u00e9rio da Sa\u00fade retira R$ 6,3 mi em recursos para UPAs do DF"},"content":{"rendered":"<p><img loading=\"lazy\" decoding=\"async\" class=\"aligncenter wp-image-41102 \" src=\"https:\/\/sindenfermeiro.com.br\/wp-content\/uploads\/2021\/02\/MG_4962-1024x690.jpg\" alt=\"\" width=\"698\" height=\"470\" srcset=\"https:\/\/sindenfermeiro.com.br\/wp-content\/uploads\/2021\/02\/MG_4962-1024x690.jpg 1024w, https:\/\/sindenfermeiro.com.br\/wp-content\/uploads\/2021\/02\/MG_4962-300x202.jpg 300w, https:\/\/sindenfermeiro.com.br\/wp-content\/uploads\/2021\/02\/MG_4962-768x518.jpg 768w, https:\/\/sindenfermeiro.com.br\/wp-content\/uploads\/2021\/02\/MG_4962-1536x1036.jpg 1536w, https:\/\/sindenfermeiro.com.br\/wp-content\/uploads\/2021\/02\/MG_4962-2048x1381.jpg 2048w\" sizes=\"auto, (max-width: 698px) 100vw, 698px\" \/><\/p>\n<p style=\"text-align: center\"><span style=\"font-size: 10pt\">Foto: reprodu\u00e7\u00e3o da internet\/Google imagens<\/span><\/p>\n<p>O Minist\u00e9rio da Sa\u00fade publicou ontem (08) portaria que determina o corte de R$ 6,3 milh\u00f5es em repasses que seriam destinados a Unidades de Pronto Atendimento (UPAs) do Distrito Federal. As unidades afetadas s\u00e3o a UPA do Recanto das Emas, N\u00facleo Bandeirante, Samambaia e S\u00e3o Sebasti\u00e3o \u2013 que recebiam R$ 3 milh\u00f5es da pasta cada.<\/p>\n<p>As duas primeiras unidades foram as que tiveram o maior impacto: no Recanto das Emas, o repasse caiu para R$ 900 mil, e no N\u00facleo Bandeirante a diminui\u00e7\u00e3o foi ainda mais significativa \u2013 passando para apenas R$ 600 mil. J\u00e1 em Samambaia e S\u00e3o Sebasti\u00e3o, as perdas foram de cerca de R$ 900 mil pra cada, passando a contar com o repasse de R$ 21 milh\u00f5es.<\/p>\n<p>A verba \u00e9 utilizada pelas unidades para a manuten\u00e7\u00e3o dos servi\u00e7os e do atendimento \u00e0 popula\u00e7\u00e3o, e, ap\u00f3s dois anos de bloqueio por conta do n\u00e3o cumprimento de requisitos, os repasses voltaram a ser realizados em dezembro do ano passado.<\/p>\n<p>Para o secret\u00e1rio-geral do SindEnfermeiro-DF, Jorge Henrique, a redu\u00e7\u00e3o de gastos com as unidades \u00e9 grave, principalmente se considerado o \u201cfator coronav\u00edrus\u201d e a alta demanda nos servi\u00e7os de m\u00e9dia complexidade em decorr\u00eancia das complica\u00e7\u00f5es \u2013 justamente a \u00e1rea de atua\u00e7\u00e3o das UPAs.<\/p>\n<p>\u201cAs UPAs foram essenciais para diminuir a sobrecarga nos hospitais durante a pandemia, e atenderam muitos pacientes com covid e outras comorbidades. O corte no custeio dessas unidades pode trazer muitos transtornos para a popula\u00e7\u00e3o do DF, especialmente porque a taxa de transmiss\u00e3o do v\u00edrus continua alta\u201d, aponta.<\/p>\n<p><strong>UPAs ajudam a desafogar hospitais do DF<\/strong><\/p>\n<p>O Distrito Federal conta com seis Unidades de Pronto Atendimento, em Ceil\u00e2ndia, Samambaia, Recanto das Emas, S\u00e3o Sebasti\u00e3o, N\u00facleo Bandeirante e Sobradinho \u2013 que s\u00e3o de responsabilidade do Instituto de Gest\u00e3o Estrat\u00e9gica da Sa\u00fade do DF (IGESDF) desde janeiro de 2019. H\u00e1 a previs\u00e3o da constru\u00e7\u00e3o de mais sete unidades durante o ano de 2021.<\/p>\n<p>Nas unidades, s\u00e3o realizados atendimentos de urg\u00eancia e emerg\u00eancia em cl\u00ednica m\u00e9dica, casos de press\u00e3o e febre alta, exames como raio-x, eletrocardiograma, cuidados com fraturas e cortes e demais procedimentos laboratoriais.<\/p>\n<p>Cerca de 90% das pessoas atendidas nas UPAs n\u00e3o precisam ser transferidas para outras unidades, realizando todo o acompanhamento necess\u00e1rio no local \u2013 de acordo com estimativas do Minist\u00e9rio da Sa\u00fade (MS).<\/p>\n<p><a href=\"https:\/\/www.metropoles.com\/distrito-federal\/ministerio-da-saude-corta-r-63-milhoes-de-recursos-destinados-as-upas-do-df\"><em>Com informa\u00e7\u00f5es do portal Metr\u00f3poles<\/em><\/a><\/p>\n","protected":false},"excerpt":{"rendered":"<p>Foto: reprodu\u00e7\u00e3o da internet\/Google imagens O Minist\u00e9rio da Sa\u00fade publicou ontem (08) portaria que determina o corte de R$ 6,3 milh\u00f5es em repasses que seriam destinados a Unidades de Pronto Atendimento (UPAs) do Distrito Federal. As unidades afetadas s\u00e3o a UPA do Recanto das Emas, N\u00facleo Bandeirante, Samambaia e S\u00e3o Sebasti\u00e3o \u2013 que recebiam R$ [&hellip;]<\/p>\n","protected":false},"author":6,"featured_media":41102,"comment_status":"open","ping_status":"open","sticky":false,"template":"","format":"standard","meta":{"footnotes":""},"categories":[6,5],"tags":[],"class_list":["post-41101","post","type-post","status-publish","format-standard","has-post-thumbnail","hentry","category-noticias","category-rede-publica"],"_links":{"self":[{"href":"https:\/\/sindenfermeiro.com.br\/index.php\/wp-json\/wp\/v2\/posts\/41101","targetHints":{"allow":["GET"]}}],"collection":[{"href":"https:\/\/sindenfermeiro.com.br\/index.php\/wp-json\/wp\/v2\/posts"}],"about":[{"href":"https:\/\/sindenfermeiro.com.br\/index.php\/wp-json\/wp\/v2\/types\/post"}],"author":[{"embeddable":true,"href":"https:\/\/sindenfermeiro.com.br\/index.php\/wp-json\/wp\/v2\/users\/6"}],"replies":[{"embeddable":true,"href":"https:\/\/sindenfermeiro.com.br\/index.php\/wp-json\/wp\/v2\/comments?post=41101"}],"version-history":[{"count":3,"href":"https:\/\/sindenfermeiro.com.br\/index.php\/wp-json\/wp\/v2\/posts\/41101\/revisions"}],"predecessor-version":[{"id":41539,"href":"https:\/\/sindenfermeiro.com.br\/index.php\/wp-json\/wp\/v2\/posts\/41101\/revisions\/41539"}],"wp:featuredmedia":[{"embeddable":true,"href":"https:\/\/sindenfermeiro.com.br\/index.php\/wp-json\/wp\/v2\/media\/41102"}],"wp:attachment":[{"href":"https:\/\/sindenfermeiro.com.br\/index.php\/wp-json\/wp\/v2\/media?parent=41101"}],"wp:term":[{"taxonomy":"category","embeddable":true,"href":"https:\/\/sindenfermeiro.com.br\/index.php\/wp-json\/wp\/v2\/categories?post=41101"},{"taxonomy":"post_tag","embeddable":true,"href":"https:\/\/sindenfermeiro.com.br\/index.php\/wp-json\/wp\/v2\/tags?post=41101"}],"curies":[{"name":"wp","href":"https:\/\/api.w.org\/{rel}","templated":true}]}}