{"id":41092,"date":"2021-02-08T17:08:10","date_gmt":"2021-02-08T20:08:10","guid":{"rendered":"https:\/\/sindenfermeiro.com.br\/?p=41092"},"modified":"2026-04-26T21:34:07","modified_gmt":"2026-04-27T00:34:07","slug":"home-care-fuenf-protocola-oficio-solicitando-vacinacao-de-trabalhadores-que-prestam-esse-servico","status":"publish","type":"post","link":"https:\/\/sindenfermeiro.com.br\/index.php\/2021\/02\/08\/home-care-fuenf-protocola-oficio-solicitando-vacinacao-de-trabalhadores-que-prestam-esse-servico\/","title":{"rendered":"SindEnfermeiro solicita vacina\u00e7\u00e3o urgente dos trabalhadores de home care"},"content":{"rendered":"<p><span style=\"font-size: 10pt\">Foto: reprodu\u00e7\u00e3o da internet\/Google imagens<\/span><\/p>\n<p style=\"text-align: justify\">Sindicato dos Enfermeiros do Distrito Federal, e os outros componentes da Frente \u00danica da Enfermagem (FUEnf) encaminharam na \u00faltima sexta-feira (05), um of\u00edcio \u00e0 Secretaria de Sa\u00fade (SES-DF) solicitando que trabalhadores da enfermagem que prestam servi\u00e7o de home care tamb\u00e9m sejam inclu\u00eddos no cronograma de vacina\u00e7\u00e3o contra a Covid-19.<\/p>\n<p style=\"text-align: justify\">De acordo com Dayse Amar\u00edlio, presidente do SindEnfermeiro-DF, a vacina\u00e7\u00e3o desses profissionais \u00e9 muito importante, uma vez que, duas quest\u00f5es s\u00e3o resolvidas, a vulnerabilidade dos pacientes e a exposi\u00e7\u00e3o dos profissionais. \u201cPedimos a sensibiliza\u00e7\u00e3o da Secretaria de Sa\u00fade, pois esses pacientes muitas vezes s\u00e3o acamados e idosos, e os trabalhadores da enfermagem de home care est\u00e3o muito expostos, muitas vezes lidam com v\u00e1rios pacientes (muitos desses, s\u00e3o casos positivos de Covid sem diagn\u00f3stico)&#8221; relembrou Dayse.<\/p>\n<p style=\"text-align: justify\">\u201cPedimos que a SES avalie a situa\u00e7\u00e3o desses profissionais e divulgue o mais r\u00e1pido poss\u00edvel quando acontecer\u00e1 a vacina\u00e7\u00e3o desses trabalhadores\u201d, completou a presidente.<\/p>\n<p style=\"text-align: justify\">O Sindicato dos Enfermeiros est\u00e1 atento as demandas da sociedade, especialmente dos trabalhadores. A pandemia est\u00e1 longe de acabar, mas seguimos lutando, nas fiscaliza\u00e7\u00f5es enquanto sindicato, como componente ativo da A\u00e7\u00e3o Conjunta Covid-19 e junto \u00e0 Frente \u00danica da Enfermagem.<\/p>\n","protected":false},"excerpt":{"rendered":"<p>Foto: reprodu\u00e7\u00e3o da internet\/Google imagens Sindicato dos Enfermeiros do Distrito Federal, e os outros componentes da Frente \u00danica da Enfermagem (FUEnf) encaminharam na \u00faltima sexta-feira (05), um of\u00edcio \u00e0 Secretaria de Sa\u00fade (SES-DF) solicitando que trabalhadores da enfermagem que prestam servi\u00e7o de home care tamb\u00e9m sejam inclu\u00eddos no cronograma de vacina\u00e7\u00e3o contra a Covid-19. De [&hellip;]<\/p>\n","protected":false},"author":6,"featured_media":41095,"comment_status":"open","ping_status":"open","sticky":false,"template":"","format":"standard","meta":{"footnotes":""},"categories":[6,13,5],"tags":[454,222,7,27,22],"class_list":["post-41092","post","type-post","status-publish","format-standard","has-post-thumbnail","hentry","category-noticias","category-rede-privada","category-rede-publica","tag-covid-19","tag-dayse-amarilio","tag-enfermagem","tag-fuenf","tag-sindicato-dos-enfermeiros"],"_links":{"self":[{"href":"https:\/\/sindenfermeiro.com.br\/index.php\/wp-json\/wp\/v2\/posts\/41092","targetHints":{"allow":["GET"]}}],"collection":[{"href":"https:\/\/sindenfermeiro.com.br\/index.php\/wp-json\/wp\/v2\/posts"}],"about":[{"href":"https:\/\/sindenfermeiro.com.br\/index.php\/wp-json\/wp\/v2\/types\/post"}],"author":[{"embeddable":true,"href":"https:\/\/sindenfermeiro.com.br\/index.php\/wp-json\/wp\/v2\/users\/6"}],"replies":[{"embeddable":true,"href":"https:\/\/sindenfermeiro.com.br\/index.php\/wp-json\/wp\/v2\/comments?post=41092"}],"version-history":[{"count":9,"href":"https:\/\/sindenfermeiro.com.br\/index.php\/wp-json\/wp\/v2\/posts\/41092\/revisions"}],"predecessor-version":[{"id":41535,"href":"https:\/\/sindenfermeiro.com.br\/index.php\/wp-json\/wp\/v2\/posts\/41092\/revisions\/41535"}],"wp:featuredmedia":[{"embeddable":true,"href":"https:\/\/sindenfermeiro.com.br\/index.php\/wp-json\/wp\/v2\/media\/41095"}],"wp:attachment":[{"href":"https:\/\/sindenfermeiro.com.br\/index.php\/wp-json\/wp\/v2\/media?parent=41092"}],"wp:term":[{"taxonomy":"category","embeddable":true,"href":"https:\/\/sindenfermeiro.com.br\/index.php\/wp-json\/wp\/v2\/categories?post=41092"},{"taxonomy":"post_tag","embeddable":true,"href":"https:\/\/sindenfermeiro.com.br\/index.php\/wp-json\/wp\/v2\/tags?post=41092"}],"curies":[{"name":"wp","href":"https:\/\/api.w.org\/{rel}","templated":true}]}}