{"id":41066,"date":"2021-02-03T16:51:44","date_gmt":"2021-02-03T19:51:44","guid":{"rendered":"https:\/\/sindenfermeiro.com.br\/?p=41066"},"modified":"2026-04-27T01:46:35","modified_gmt":"2026-04-27T04:46:35","slug":"sindenfermeiro-e-representantes-das-categorias-do-funcionalismo-se-reunem-para-discutir-defesa-de-pautas-conjuntas","status":"publish","type":"post","link":"https:\/\/sindenfermeiro.com.br\/index.php\/2021\/02\/03\/sindenfermeiro-e-representantes-das-categorias-do-funcionalismo-se-reunem-para-discutir-defesa-de-pautas-conjuntas\/","title":{"rendered":"SindEnfermeiro e representantes das categorias do funcionalismo se re\u00fanem para discutir defesa de pautas conjuntas"},"content":{"rendered":"<p><img loading=\"lazy\" decoding=\"async\" class=\"aligncenter wp-image-41067 \" src=\"https:\/\/sindenfermeiro.com.br\/wp-content\/uploads\/2021\/02\/WhatsApp-Image-2021-02-03-at-16.46.48-1024x682.jpeg\" alt=\"\" width=\"749\" height=\"499\" srcset=\"https:\/\/sindenfermeiro.com.br\/wp-content\/uploads\/2021\/02\/WhatsApp-Image-2021-02-03-at-16.46.48-1024x682.jpeg 1024w, https:\/\/sindenfermeiro.com.br\/wp-content\/uploads\/2021\/02\/WhatsApp-Image-2021-02-03-at-16.46.48-300x200.jpeg 300w, https:\/\/sindenfermeiro.com.br\/wp-content\/uploads\/2021\/02\/WhatsApp-Image-2021-02-03-at-16.46.48-768x512.jpeg 768w, https:\/\/sindenfermeiro.com.br\/wp-content\/uploads\/2021\/02\/WhatsApp-Image-2021-02-03-at-16.46.48.jpeg 1280w\" sizes=\"auto, (max-width: 749px) 100vw, 749px\" \/><\/p>\n<p>Na tarde de ontem (02), o Sindicato dos Enfermeiros do Distrito Federal (SindEnfermeiro-DF) se reuniu com representantes de sindicatos e outras entidades da sa\u00fade para discutir sobre as a\u00e7\u00f5es que vem sendo tomadas para defender as chamadas pautas conjuntas \u2013 como o aumento da al\u00edquota de contribui\u00e7\u00e3o para os aposentados e a terceira parcela do reajuste salarial dos servidores do GDF.<\/p>\n<p>A reuni\u00e3o, que contou com a presen\u00e7a do diretor Adriano Lim\u00edrio, al\u00e9m de representantes de outras 22 entidades, teve como objetivo tra\u00e7ar estrat\u00e9gias para a defesa de pautas que abrangem n\u00e3o apenas os servidores da sa\u00fade, como tamb\u00e9m de diversas categorias do funcionalismo p\u00fablico do DF.<\/p>\n<p>Uma das pautas tratadas foi a A\u00e7\u00e3o Direta de Inconstitucionalidade (ADIN) de autoria da frente de sindicatos, que solicita a mudan\u00e7a no teto usado como base para o desconto da al\u00edquota de contribui\u00e7\u00e3o do Instituto de Previd\u00eancia dos Servidores do DF (IPREV) para ativos e aposentados \u2013 que atualmente est\u00e1 em R$ 1.045,00 \u2013 para o teto nacional, que \u00e9 de R$ 6.734,00.<\/p>\n<p>Outro ponto considerado importante pelo grupo, e que ser\u00e1 discutido nas pr\u00f3ximas reuni\u00f5es com o GDF \u00e9 o pagamento da terceira parcela do reajuste salarial concedido em 2013 ao funcionalismo, bem como o pagamento retroativo a novembro de 2015 \u2013 o que ainda n\u00e3o foi feito.<\/p>\n<p>O diretor Adriano Lim\u00edrio, que esteve na reuni\u00e3o, relembra que \u201co primeiro (objetivo da uni\u00e3o entre os sindicatos) \u00e9 defender o servi\u00e7o p\u00fablico, bem como a quest\u00e3o dos aposentados, que est\u00e1 bem s\u00e9ria\u201d.<\/p>\n<p>A presidente Dayse Amar\u00edlio, representada pela diretoria do SindEnfermeiro na ocasi\u00e3o, reafirmou o compromisso do sindicato em trabalhar de forma conjunta com as outras entidades, para garantir que os direitos dos servidores sejam respeitados. \u201cN\u00e3o vamos desistir de lutar, principalmente pelos aposentados, pois as perdas financeiras (para eles) s\u00e3o ainda maiores do que para os servidores ativos\u201d.<\/p>\n","protected":false},"excerpt":{"rendered":"<p>Na tarde de ontem (02), o Sindicato dos Enfermeiros do Distrito Federal (SindEnfermeiro-DF) se reuniu com representantes de sindicatos e outras entidades da sa\u00fade para discutir sobre as a\u00e7\u00f5es que vem sendo tomadas para defender as chamadas pautas conjuntas \u2013 como o aumento da al\u00edquota de contribui\u00e7\u00e3o para os aposentados e a terceira parcela do [&hellip;]<\/p>\n","protected":false},"author":6,"featured_media":41067,"comment_status":"open","ping_status":"open","sticky":false,"template":"","format":"standard","meta":{"footnotes":""},"categories":[6,5],"tags":[663,21,664],"class_list":["post-41066","post","type-post","status-publish","format-standard","has-post-thumbnail","hentry","category-noticias","category-rede-publica","tag-pautas-do-funcionalismo","tag-sindenfermeiro","tag-uniao-entre-entidades"],"_links":{"self":[{"href":"https:\/\/sindenfermeiro.com.br\/index.php\/wp-json\/wp\/v2\/posts\/41066","targetHints":{"allow":["GET"]}}],"collection":[{"href":"https:\/\/sindenfermeiro.com.br\/index.php\/wp-json\/wp\/v2\/posts"}],"about":[{"href":"https:\/\/sindenfermeiro.com.br\/index.php\/wp-json\/wp\/v2\/types\/post"}],"author":[{"embeddable":true,"href":"https:\/\/sindenfermeiro.com.br\/index.php\/wp-json\/wp\/v2\/users\/6"}],"replies":[{"embeddable":true,"href":"https:\/\/sindenfermeiro.com.br\/index.php\/wp-json\/wp\/v2\/comments?post=41066"}],"version-history":[{"count":1,"href":"https:\/\/sindenfermeiro.com.br\/index.php\/wp-json\/wp\/v2\/posts\/41066\/revisions"}],"predecessor-version":[{"id":41069,"href":"https:\/\/sindenfermeiro.com.br\/index.php\/wp-json\/wp\/v2\/posts\/41066\/revisions\/41069"}],"wp:featuredmedia":[{"embeddable":true,"href":"https:\/\/sindenfermeiro.com.br\/index.php\/wp-json\/wp\/v2\/media\/41067"}],"wp:attachment":[{"href":"https:\/\/sindenfermeiro.com.br\/index.php\/wp-json\/wp\/v2\/media?parent=41066"}],"wp:term":[{"taxonomy":"category","embeddable":true,"href":"https:\/\/sindenfermeiro.com.br\/index.php\/wp-json\/wp\/v2\/categories?post=41066"},{"taxonomy":"post_tag","embeddable":true,"href":"https:\/\/sindenfermeiro.com.br\/index.php\/wp-json\/wp\/v2\/tags?post=41066"}],"curies":[{"name":"wp","href":"https:\/\/api.w.org\/{rel}","templated":true}]}}