{"id":41055,"date":"2021-02-03T14:09:05","date_gmt":"2021-02-03T17:09:05","guid":{"rendered":"https:\/\/sindenfermeiro.com.br\/?p=41055"},"modified":"2026-04-27T01:47:46","modified_gmt":"2026-04-27T04:47:46","slug":"nomeacoes-ja-sindenfermeiro-e-aprovados-no-concurso-da-ses-de-2018-fazem-ato-em-frente-ao-palacio-do-buriti-2","status":"publish","type":"post","link":"https:\/\/sindenfermeiro.com.br\/index.php\/2021\/02\/03\/nomeacoes-ja-sindenfermeiro-e-aprovados-no-concurso-da-ses-de-2018-fazem-ato-em-frente-ao-palacio-do-buriti-2\/","title":{"rendered":"Nomea\u00e7\u00f5es J\u00e1! SindEnfermeiro e aprovados no concurso da SES de 2018 fazem ato em frente ao Pal\u00e1cio do Buriti"},"content":{"rendered":"<style type=\"text\/css\">\n#foogallery-gallery-41057 .fg-image { width: 640px; }<\/style>\n\t\t\t<div class=\"foogallery foogallery-container foogallery-image-viewer foogallery-link-image foogallery-lightbox-none fg-center fg-image-viewer fg-ready fg-light fg-border-thin fg-shadow-outline fg-loading-default fg-loaded-fade-in fg-caption-hover fg-hover-fade fg-hover-zoom\" id=\"foogallery-gallery-41057\" data-foogallery=\"{&quot;item&quot;:{&quot;showCaptionTitle&quot;:true,&quot;showCaptionDescription&quot;:true},&quot;lazy&quot;:true,&quot;template&quot;:{&quot;loop&quot;:true}}\" style=\"--fg-title-line-clamp: 0; --fg-description-line-clamp: 0;\" >\n\t<div class=\"fiv-inner\">\n\t\t<div class=\"fiv-inner-container\">\n\t\t\t<div class=\"fg-item fg-type-image fg-idle\"><figure class=\"fg-item-inner\"><a href=\"https:\/\/sindenfermeiro.com.br\/wp-content\/uploads\/2021\/02\/WhatsApp-Image-2021-02-03-at-12.09.56.jpeg\" data-attachment-id=\"41059\" data-type=\"image\" class=\"fg-thumb\"><span class=\"fg-image-wrap\"><img fetchpriority=\"high\" decoding=\"async\" width=\"640\" height=\"360\" class=\"skip-lazy fg-image\" data-src-fg=\"https:\/\/sindenfermeiro.com.br\/wp-content\/uploads\/cache\/2021\/02\/WhatsApp-Image-2021-02-03-at-12_09_56\/714881489.jpeg\" src=\"data:image\/svg+xml,%3Csvg%20xmlns%3D%22http%3A%2F%2Fwww.w3.org%2F2000%2Fsvg%22%20width%3D%22640%22%20height%3D%22360%22%20viewBox%3D%220%200%20640%20360%22%3E%3C%2Fsvg%3E\" loading=\"eager\"><\/span><span class=\"fg-image-overlay\"><\/span><\/a><\/figure><div class=\"fg-loader\"><\/div><\/div><div class=\"fg-item fg-type-image fg-idle\"><figure class=\"fg-item-inner\"><a href=\"https:\/\/sindenfermeiro.com.br\/wp-content\/uploads\/2021\/02\/WhatsApp-Image-2021-02-03-at-12.09.56-1.jpeg\" data-attachment-id=\"41058\" data-type=\"image\" class=\"fg-thumb\"><span class=\"fg-image-wrap\"><img decoding=\"async\" width=\"640\" height=\"360\" class=\"skip-lazy fg-image\" data-src-fg=\"https:\/\/sindenfermeiro.com.br\/wp-content\/uploads\/cache\/2021\/02\/WhatsApp-Image-2021-02-03-at-12_09_56-1\/4215196203.jpeg\" src=\"data:image\/svg+xml,%3Csvg%20xmlns%3D%22http%3A%2F%2Fwww.w3.org%2F2000%2Fsvg%22%20width%3D%22640%22%20height%3D%22360%22%20viewBox%3D%220%200%20640%20360%22%3E%3C%2Fsvg%3E\" loading=\"eager\"><\/span><span class=\"fg-image-overlay\"><\/span><\/a><\/figure><div class=\"fg-loader\"><\/div><\/div><div class=\"fg-item fg-type-image fg-idle\"><figure class=\"fg-item-inner\"><a href=\"https:\/\/sindenfermeiro.com.br\/wp-content\/uploads\/2021\/02\/WhatsApp-Image-2021-02-03-at-12.09.55.jpeg\" data-attachment-id=\"41060\" data-type=\"image\" class=\"fg-thumb\"><span class=\"fg-image-wrap\"><img decoding=\"async\" width=\"640\" height=\"360\" class=\"skip-lazy fg-image\" data-src-fg=\"https:\/\/sindenfermeiro.com.br\/wp-content\/uploads\/cache\/2021\/02\/WhatsApp-Image-2021-02-03-at-12_09_55\/725032073.jpeg\" src=\"data:image\/svg+xml,%3Csvg%20xmlns%3D%22http%3A%2F%2Fwww.w3.org%2F2000%2Fsvg%22%20width%3D%22640%22%20height%3D%22360%22%20viewBox%3D%220%200%20640%20360%22%3E%3C%2Fsvg%3E\" loading=\"eager\"><\/span><span class=\"fg-image-overlay\"><\/span><\/a><\/figure><div class=\"fg-loader\"><\/div><\/div><div class=\"fg-item fg-type-image fg-idle\"><figure class=\"fg-item-inner\"><a href=\"https:\/\/sindenfermeiro.com.br\/wp-content\/uploads\/2021\/02\/WhatsApp-Image-2021-02-03-at-12.09.53.jpeg\" data-attachment-id=\"41061\" data-type=\"image\" class=\"fg-thumb\"><span class=\"fg-image-wrap\"><img decoding=\"async\" width=\"640\" height=\"360\" class=\"skip-lazy fg-image\" data-src-fg=\"https:\/\/sindenfermeiro.com.br\/wp-content\/uploads\/cache\/2021\/02\/WhatsApp-Image-2021-02-03-at-12_09_53\/3777775262.jpeg\" src=\"data:image\/svg+xml,%3Csvg%20xmlns%3D%22http%3A%2F%2Fwww.w3.org%2F2000%2Fsvg%22%20width%3D%22640%22%20height%3D%22360%22%20viewBox%3D%220%200%20640%20360%22%3E%3C%2Fsvg%3E\" loading=\"eager\"><\/span><span class=\"fg-image-overlay\"><\/span><\/a><\/figure><div class=\"fg-loader\"><\/div><\/div><div class=\"fg-item fg-type-image fg-idle\"><figure class=\"fg-item-inner\"><a href=\"https:\/\/sindenfermeiro.com.br\/wp-content\/uploads\/2021\/02\/WhatsApp-Image-2021-02-03-at-12.08.39-1.jpeg\" data-attachment-id=\"41062\" data-type=\"image\" class=\"fg-thumb\"><span class=\"fg-image-wrap\"><img decoding=\"async\" width=\"640\" height=\"360\" class=\"skip-lazy fg-image\" data-src-fg=\"https:\/\/sindenfermeiro.com.br\/wp-content\/uploads\/cache\/2021\/02\/WhatsApp-Image-2021-02-03-at-12_08_39-1\/300440230.jpeg\" src=\"data:image\/svg+xml,%3Csvg%20xmlns%3D%22http%3A%2F%2Fwww.w3.org%2F2000%2Fsvg%22%20width%3D%22640%22%20height%3D%22360%22%20viewBox%3D%220%200%20640%20360%22%3E%3C%2Fsvg%3E\" loading=\"eager\"><\/span><span class=\"fg-image-overlay\"><\/span><\/a><\/figure><div class=\"fg-loader\"><\/div><\/div><div class=\"fg-item fg-type-image fg-idle\"><figure class=\"fg-item-inner\"><a href=\"https:\/\/sindenfermeiro.com.br\/wp-content\/uploads\/2021\/02\/WhatsApp-Image-2021-02-03-at-12.08.39.jpeg\" data-attachment-id=\"41063\" data-type=\"image\" class=\"fg-thumb\"><span class=\"fg-image-wrap\"><img decoding=\"async\" width=\"640\" height=\"360\" class=\"skip-lazy fg-image\" data-src-fg=\"https:\/\/sindenfermeiro.com.br\/wp-content\/uploads\/cache\/2021\/02\/WhatsApp-Image-2021-02-03-at-12_08_39\/1271574867.jpeg\" src=\"data:image\/svg+xml,%3Csvg%20xmlns%3D%22http%3A%2F%2Fwww.w3.org%2F2000%2Fsvg%22%20width%3D%22640%22%20height%3D%22360%22%20viewBox%3D%220%200%20640%20360%22%3E%3C%2Fsvg%3E\" loading=\"eager\"><\/span><span class=\"fg-image-overlay\"><\/span><\/a><\/figure><div class=\"fg-loader\"><\/div><\/div>\t\t<\/div>\n\t\t<div class=\"fiv-ctrls\">\n\t\t\t<button type=\"button\" class=\"fiv-prev\" title=\"Prev\"><span>Prev<\/span><\/button>\n\t\t\t<label class=\"fiv-count\"><span class=\"fiv-count-current\">1<\/span>of<span class=\"fiv-count-total\">6<\/span><\/label>\n\t\t\t<button type=\"button\" class=\"fiv-next\" title=\"Next\"><span>Next<\/span><\/button>\n\t\t<\/div>\n\t<\/div>\n<\/div>\n<p style=\"text-align: justify\">Na manh\u00e3 desta quarta-feira, 03, o SindEnfermeiro-DF e enfermeiros aprovados no concurso de 2018 da Secretaria de Sa\u00fade estiveram na frente do Pal\u00e1cio do Buriti cobrando novas nomea\u00e7\u00f5es. A cobran\u00e7a se d\u00e1 por conta da promessa feito pelo governador Ibaneis Rocha, de que todos os profissionais aprovados no certame de 2018 seriam convocados.<\/p>\n<p style=\"text-align: justify\">A manifesta\u00e7\u00e3o contou com a presen\u00e7a dos diretores executivos do SindEnfermeiro, Tarc\u00edsio Faria e M\u00e1rcio da Mata. Com faixas, apitos, bal\u00f5es os participantes do ato cobravam as nomea\u00e7\u00f5es prometidas por Ibaneis. Tamb\u00e9m esteve presente o presidente do Conselho Regional de Enfermagem, Elissandro Noronha e do distrital, Jorge Vianna.<\/p>\n<p style=\"text-align: justify\"><strong>Conversa com representantes do governo<\/strong><\/p>\n<p style=\"text-align: justify\">A movimenta\u00e7\u00e3o dos enfermeiros chamou aten\u00e7\u00e3o do governo, que enviou um representante para conversar com o grupo. Uma comiss\u00e3o formada por representantes dos aprovados, SindEnfermeiro, COREN e Jorge Vianna foi at\u00e9 o Pal\u00e1cio do Buriti conversar com o representante da Pasta. Apesar da reuni\u00e3o, a comiss\u00e3o n\u00e3o foi recebida pelo governador, no entanto, ficou acordado que no pr\u00f3ximo dia 09 (ter\u00e7a-feira), haver\u00e1 uma reuni\u00e3o com o secret\u00e1rio da Casa Civil, Gustavo Rocha, e um representante da Subsecretaria de Gest\u00e3o de Pessoas (SUGEP).<\/p>\n<p style=\"text-align: justify\">De acordo com o diretor executivo, Tarc\u00edsio Faria, a inten\u00e7\u00e3o da reuni\u00e3o \u00e9 a defini\u00e7\u00e3o de um cronograma de nomea\u00e7\u00f5es. &#8220;O sindicato vai solicitar via Lei de Acesso \u00e0 Informa\u00e7\u00e3o, a quantidade de vagas em vac\u00e2ncia para enfermeiros. N\u00f3s queremos saber a quantidade real de vagas na situa\u00e7\u00e3o de vac\u00e2ncia&#8221;, pontuou.<\/p>\n<p>Segundo Tarc\u00edsio, &#8220;quanto mais enfermeiros forem convocados, mais enfermeiros estar\u00e3o nas unidades de sa\u00fade e assim refor\u00e7ar\u00e3o o combate \u00e0 Covid-19, j\u00e1 que os enfermeiros t\u00eam sido fundamentais na vacina\u00e7\u00e3o da popula\u00e7\u00e3o&#8221;, finalizou.<\/p>\n<p style=\"text-align: justify\">\n","protected":false},"excerpt":{"rendered":"<p>Na manh\u00e3 desta quarta-feira, 03, o SindEnfermeiro-DF e enfermeiros aprovados no concurso de 2018 da Secretaria de Sa\u00fade estiveram na frente do Pal\u00e1cio do Buriti cobrando novas nomea\u00e7\u00f5es. A cobran\u00e7a se d\u00e1 por conta da promessa feito pelo governador Ibaneis Rocha, de que todos os profissionais aprovados no certame de 2018 seriam convocados. A manifesta\u00e7\u00e3o [&hellip;]<\/p>\n","protected":false},"author":6,"featured_media":41063,"comment_status":"open","ping_status":"open","sticky":false,"template":"","format":"standard","meta":{"footnotes":""},"categories":[6,5],"tags":[91,94,35,21,56,22],"class_list":["post-41055","post","type-post","status-publish","format-standard","has-post-thumbnail","hentry","category-noticias","category-rede-publica","tag-concursados","tag-governo-de-brasilia","tag-nomeacoes","tag-sindenfermeiro","tag-sindicato","tag-sindicato-dos-enfermeiros"],"_links":{"self":[{"href":"https:\/\/sindenfermeiro.com.br\/index.php\/wp-json\/wp\/v2\/posts\/41055","targetHints":{"allow":["GET"]}}],"collection":[{"href":"https:\/\/sindenfermeiro.com.br\/index.php\/wp-json\/wp\/v2\/posts"}],"about":[{"href":"https:\/\/sindenfermeiro.com.br\/index.php\/wp-json\/wp\/v2\/types\/post"}],"author":[{"embeddable":true,"href":"https:\/\/sindenfermeiro.com.br\/index.php\/wp-json\/wp\/v2\/users\/6"}],"replies":[{"embeddable":true,"href":"https:\/\/sindenfermeiro.com.br\/index.php\/wp-json\/wp\/v2\/comments?post=41055"}],"version-history":[{"count":5,"href":"https:\/\/sindenfermeiro.com.br\/index.php\/wp-json\/wp\/v2\/posts\/41055\/revisions"}],"predecessor-version":[{"id":41070,"href":"https:\/\/sindenfermeiro.com.br\/index.php\/wp-json\/wp\/v2\/posts\/41055\/revisions\/41070"}],"wp:featuredmedia":[{"embeddable":true,"href":"https:\/\/sindenfermeiro.com.br\/index.php\/wp-json\/wp\/v2\/media\/41063"}],"wp:attachment":[{"href":"https:\/\/sindenfermeiro.com.br\/index.php\/wp-json\/wp\/v2\/media?parent=41055"}],"wp:term":[{"taxonomy":"category","embeddable":true,"href":"https:\/\/sindenfermeiro.com.br\/index.php\/wp-json\/wp\/v2\/categories?post=41055"},{"taxonomy":"post_tag","embeddable":true,"href":"https:\/\/sindenfermeiro.com.br\/index.php\/wp-json\/wp\/v2\/tags?post=41055"}],"curies":[{"name":"wp","href":"https:\/\/api.w.org\/{rel}","templated":true}]}}