{"id":4100,"date":"2018-09-13T18:04:09","date_gmt":"2018-09-13T18:04:09","guid":{"rendered":"http:\/\/www.sindenfermeiro.com.br\/?p=4100"},"modified":"2026-04-26T14:22:11","modified_gmt":"2026-04-26T17:22:11","slug":"sindenfermeiro-apura-denuncia-de-irregularidades-no-hospital-sao-mateus","status":"publish","type":"post","link":"https:\/\/sindenfermeiro.com.br\/index.php\/2018\/09\/13\/sindenfermeiro-apura-denuncia-de-irregularidades-no-hospital-sao-mateus\/","title":{"rendered":"SindEnfermeiro apura denuncia de irregularidades no Hospital S\u00e3o Mateus"},"content":{"rendered":"<style type=\"text\/css\">\n#foogallery-gallery-4103 .fg-image { width: 640px; }<\/style>\n\t\t\t<div class=\"foogallery foogallery-container foogallery-image-viewer foogallery-link-image foogallery-lightbox-none fg-center fg-image-viewer fg-ready fg-light fg-border-thin fg-shadow-outline fg-loading-default fg-loaded-fade-in fg-caption-hover fg-hover-fade fg-hover-zoom\" id=\"foogallery-gallery-4103\" data-foogallery=\"{&quot;item&quot;:{&quot;showCaptionTitle&quot;:true,&quot;showCaptionDescription&quot;:true},&quot;lazy&quot;:true,&quot;template&quot;:{&quot;loop&quot;:true}}\" style=\"--fg-title-line-clamp: 0; --fg-description-line-clamp: 0;\" >\n\t<div class=\"fiv-inner\">\n\t\t<div class=\"fiv-inner-container\">\n\t\t\t\t\t<\/div>\n\t\t<div class=\"fiv-ctrls\">\n\t\t\t<button type=\"button\" class=\"fiv-prev\" title=\"Prev\"><span>Prev<\/span><\/button>\n\t\t\t<label class=\"fiv-count\"><span class=\"fiv-count-current\">1<\/span>of<span class=\"fiv-count-total\">11<\/span><\/label>\n\t\t\t<button type=\"button\" class=\"fiv-next\" title=\"Next\"><span>Next<\/span><\/button>\n\t\t<\/div>\n\t<\/div>\n<\/div>\n<p style=\"text-align: justify\"><strong><span style=\"font-size: 8pt\">Texto: Marcelo Tobias<\/span><\/strong><\/p>\n<p style=\"text-align: justify\"><strong><span style=\"font-size: 8pt\">Fotos: Fernanda Ferreira<\/span><\/strong><\/p>\n<p style=\"text-align: justify\"><strong><span style=\"font-size: 8pt\">Edi\u00e7\u00e3o de Imagens: Pedro Vin\u00edcius Lima<\/span><\/strong><\/p>\n<p style=\"text-align: justify\">O SindEnfermeiro esteve na \u00faltima quarta-feira (12) no Hospital S\u00e3o Mateus, para apurar den\u00fancias de que os enfermeiros da institui\u00e7\u00e3o estavam com o sal\u00e1rio, ticket alimenta\u00e7\u00e3o e vale-transporte atrasados h\u00e1 tr\u00eas meses. Chegando l\u00e1 nos deparamos com uma situa\u00e7\u00e3o ainda pior: os enfermeiros sequer tinham insumos b\u00e1sicos para realizarem procedimentos de baixa complexidade, al\u00e9m disso, o local para repouso e a copa para alimenta\u00e7\u00e3o eram no mesmo espa\u00e7o.<\/p>\n<p style=\"text-align: justify\">Segundo o diretor da institui\u00e7\u00e3o, Ricardo Rocha, o atraso no pagamento se deu porque a Secretaria de Sa\u00fade n\u00e3o efetuou o repasse da verba do conv\u00eanio que existe entre o hospital e SES. No entanto, s\u00f3 esse ano, a Secretaria de Sa\u00fade repassou mais de 10 milh\u00f5es de reais \u00e0 institui\u00e7\u00e3o. Vale ressaltar que a receita do hospital n\u00e3o depende apenas do conv\u00eanio com a SES-DF.<\/p>\n<p style=\"text-align: justify\">Ricardo tamb\u00e9m afirmou que ele e os m\u00e9dicos est\u00e3o com os sal\u00e1rios atrasados h\u00e1 um m\u00eas. \u00a0Al\u00e9m disso, e local para o repouso dos m\u00e9dicos possui uma estrutura totalmente diferente do local se repouso dos enfermeiros. Os m\u00e9dicos t\u00eam frigobar, ar-condicionado, banheiro privativo, filtro de \u00e1gua e televis\u00e3o. O que demonstra um tratamento nada ison\u00f4mico entre as categorias.<\/p>\n<p style=\"text-align: justify\">Para presidente do SindEnfermeiro, Dayse Amar\u00edlio, a situa\u00e7\u00e3o enfrentada pelos enfermeiros \u00e9 inadmiss\u00edvel, \u201cIsso s\u00f3 traduz o que os trabalhadores da rede privada t\u00eam passado h\u00e1 muitos anos, n\u00e3o apenas no DF, mas em todo o Brasil. Um tratamento que n\u00e3o condiz com a import\u00e2ncia desse profissional dentro do reflexo da assist\u00eancia prestada\u201d, afirmou Dayse.<\/p>\n<p style=\"text-align: justify\">\u201cAs institui\u00e7\u00f5es de enfermagem precisam se unir, se posicionar e representar esses trabalhadores. Essas situa\u00e7\u00f5es que os enfermeiros passam, tamb\u00e9m t\u00eam um vi\u00e9s pol\u00edtico. Pois as leis que serviriam para ampar\u00e1-los n\u00e3o s\u00e3o aprovadas, j\u00e1 que existe um grande lobby nos espa\u00e7os de governo\u201d, ressaltou Dayse Amar\u00edlio.<\/p>\n<p style=\"text-align: justify\">A situa\u00e7\u00e3o enfrentada pelos enfermeiros e t\u00e9cnicos tem causado absente\u00edsmo enorme, j\u00e1 que os trabalhadores n\u00e3o recebem sequer o vale-transporte. Diante de toda essa situa\u00e7\u00e3o, o departamento jur\u00eddico do sindicato denunciou os fatos \u00e0 Delegacia e a Secretaria do Trabalho, e tamb\u00e9m para o Minist\u00e9rio P\u00fablico do Trabalho.<\/p>\n<p style=\"text-align: justify\">O prazo dado pelo SindEnfermeiro para que o S\u00e3o Mateus pague os enfermeiros \u00e9 at\u00e9 a segunda-feira (17), se isso n\u00e3o acontecer, n\u00f3s entraremos \u00a0com uma a\u00e7\u00e3o judicial pedindo o pagamento imediato.<\/p>\n<p style=\"text-align: justify\">\n","protected":false},"excerpt":{"rendered":"<p>Texto: Marcelo Tobias Fotos: Fernanda Ferreira Edi\u00e7\u00e3o de Imagens: Pedro Vin\u00edcius Lima O SindEnfermeiro esteve na \u00faltima quarta-feira (12) no Hospital S\u00e3o Mateus, para apurar den\u00fancias de que os enfermeiros da institui\u00e7\u00e3o estavam com o sal\u00e1rio, ticket alimenta\u00e7\u00e3o e vale-transporte atrasados h\u00e1 tr\u00eas meses. Chegando l\u00e1 nos deparamos com uma situa\u00e7\u00e3o ainda pior: os enfermeiros [&hellip;]<\/p>\n","protected":false},"author":6,"featured_media":4117,"comment_status":"closed","ping_status":"closed","sticky":false,"template":"","format":"standard","meta":{"footnotes":""},"categories":[13,2],"tags":[108,99,109,46],"class_list":["post-4100","post","type-post","status-publish","format-standard","has-post-thumbnail","hentry","category-rede-privada","category-teste","tag-denuncia","tag-enfermagem-df","tag-fiscaliza-sindenfermeiro","tag-rede-privada"],"_links":{"self":[{"href":"https:\/\/sindenfermeiro.com.br\/index.php\/wp-json\/wp\/v2\/posts\/4100","targetHints":{"allow":["GET"]}}],"collection":[{"href":"https:\/\/sindenfermeiro.com.br\/index.php\/wp-json\/wp\/v2\/posts"}],"about":[{"href":"https:\/\/sindenfermeiro.com.br\/index.php\/wp-json\/wp\/v2\/types\/post"}],"author":[{"embeddable":true,"href":"https:\/\/sindenfermeiro.com.br\/index.php\/wp-json\/wp\/v2\/users\/6"}],"replies":[{"embeddable":true,"href":"https:\/\/sindenfermeiro.com.br\/index.php\/wp-json\/wp\/v2\/comments?post=4100"}],"version-history":[{"count":1,"href":"https:\/\/sindenfermeiro.com.br\/index.php\/wp-json\/wp\/v2\/posts\/4100\/revisions"}],"predecessor-version":[{"id":29244,"href":"https:\/\/sindenfermeiro.com.br\/index.php\/wp-json\/wp\/v2\/posts\/4100\/revisions\/29244"}],"wp:featuredmedia":[{"embeddable":true,"href":"https:\/\/sindenfermeiro.com.br\/index.php\/wp-json\/"}],"wp:attachment":[{"href":"https:\/\/sindenfermeiro.com.br\/index.php\/wp-json\/wp\/v2\/media?parent=4100"}],"wp:term":[{"taxonomy":"category","embeddable":true,"href":"https:\/\/sindenfermeiro.com.br\/index.php\/wp-json\/wp\/v2\/categories?post=4100"},{"taxonomy":"post_tag","embeddable":true,"href":"https:\/\/sindenfermeiro.com.br\/index.php\/wp-json\/wp\/v2\/tags?post=4100"}],"curies":[{"name":"wp","href":"https:\/\/api.w.org\/{rel}","templated":true}]}}