{"id":40986,"date":"2021-01-27T15:59:16","date_gmt":"2021-01-27T18:59:16","guid":{"rendered":"https:\/\/sindenfermeiro.com.br\/?p=40986"},"modified":"2026-04-26T21:36:43","modified_gmt":"2026-04-27T00:36:43","slug":"conheca-as-reivindicacoes-da-fuenf-para-garantir-maior-transparencia-na-campanha-de-imunizacao-contra-a-covid-19","status":"publish","type":"post","link":"https:\/\/sindenfermeiro.com.br\/index.php\/2021\/01\/27\/conheca-as-reivindicacoes-da-fuenf-para-garantir-maior-transparencia-na-campanha-de-imunizacao-contra-a-covid-19\/","title":{"rendered":"Conhe\u00e7a as reivindica\u00e7\u00f5es da FUEnf para garantir maior transpar\u00eancia na campanha de imuniza\u00e7\u00e3o contra a Covid-19"},"content":{"rendered":"<p><img loading=\"lazy\" decoding=\"async\" class=\"aligncenter wp-image-40929 \" src=\"https:\/\/sindenfermeiro.com.br\/wp-content\/uploads\/2021\/01\/WhatsApp-Image-2021-01-20-at-13.09.23-1024x768.jpeg\" alt=\"\" width=\"760\" height=\"570\" srcset=\"https:\/\/sindenfermeiro.com.br\/wp-content\/uploads\/2021\/01\/WhatsApp-Image-2021-01-20-at-13.09.23-1024x768.jpeg 1024w, https:\/\/sindenfermeiro.com.br\/wp-content\/uploads\/2021\/01\/WhatsApp-Image-2021-01-20-at-13.09.23-300x225.jpeg 300w, https:\/\/sindenfermeiro.com.br\/wp-content\/uploads\/2021\/01\/WhatsApp-Image-2021-01-20-at-13.09.23-768x576.jpeg 768w, https:\/\/sindenfermeiro.com.br\/wp-content\/uploads\/2021\/01\/WhatsApp-Image-2021-01-20-at-13.09.23.jpeg 1280w\" sizes=\"auto, (max-width: 760px) 100vw, 760px\" \/><\/p>\n<p>A Frente \u00danica da Enfermagem (FUEnf) formalizou ontem (26) junto \u00e0 Secretaria de Sa\u00fade (SES-DF) uma s\u00e9rie de recomenda\u00e7\u00f5es voltadas para o aprimoramento da campanha de imuniza\u00e7\u00e3o contra o coronav\u00edrus no Distrito Federal. O objetivo \u00e9 de garantir maior transpar\u00eancia na vacina\u00e7\u00e3o da popula\u00e7\u00e3o, trazer respaldo t\u00e9cnico e cient\u00edfico para os trabalhadores da enfermagem que estar\u00e3o \u00e0 frente da campanha.<\/p>\n<p>A Frente \u00danica da Enfermagem (FUEnf) \u00e9 uma entidade representada pelo Sindicato dos Enfermeiros (SindEnfermeiro-DF), Conselho Regional de Enfermagem (COREN-DF), Associa\u00e7\u00e3o Brasileira de Enfermagem \u2013 Se\u00e7\u00e3o DF (ABEn-DF), Sindicato dos T\u00e9cnicos e Auxiliares em Enfermagem (Sindate-DF) e a Associa\u00e7\u00e3o Brasileira de Obstetrizes e Enfermeiros Obstetras (ABENFO-DF).<\/p>\n<p>As recomenda\u00e7\u00f5es feitas pela FUEnf foram expostas junto \u00e0 SES em reuni\u00e3o realizada na \u00faltima quarta-feira (20), e incluem a avalia\u00e7\u00e3o da efic\u00e1cia e a seguran\u00e7a das vacinas aplicadas, passando pelas quest\u00f5es relacionadas \u00e0 legisla\u00e7\u00e3o da categoria, como o dimensionamento dos recursos humanos nas salas de imuniza\u00e7\u00e3o, e chegando at\u00e9 a discuss\u00e3o sobre a responsabilidade t\u00e9cnica tanto para as salas, quanto para as equipes.<\/p>\n<p>Outros pontos discutidos na ocasi\u00e3o trataram da seguran\u00e7a dos profissionais no ambiente de trabalho, a padroniza\u00e7\u00e3o dos equipamentos de prote\u00e7\u00e3o individual (EPIs) das equipes, e descri\u00e7\u00e3o das condi\u00e7\u00f5es ideais para alocar as salas de vacina \u2013 sendo que a secretaria sinalizou positivamente para as pautas da Frente, e se comprometeu a estabelecer uma mesa fixa de negocia\u00e7\u00f5es \u2013 ponto tamb\u00e9m abordado no documento enviado \u00e0 pasta.<\/p>\n<p>A carta de recomenda\u00e7\u00f5es da FUEnf para a campanha de vacina\u00e7\u00e3o contra a Covid-19 tamb\u00e9m ser\u00e1 entregue junto aos \u00f3rg\u00e3os de controle, como o Comit\u00ea de Crise Covid-19, Conselho de Sa\u00fade do DF (CSDF) e o Minist\u00e9rio P\u00fablico (MPDFT).<\/p>\n<p><a href=\"https:\/\/sindenfermeiro.com.br\/wp-content\/uploads\/2021\/01\/Oficio-03.-FUEnf-SESDF-Campanha-de-Vacinacao-1.pdf\">Confira a \u00edntegra do of\u00edcio enviado para a Secretaria de Sa\u00fade do DF aqui.<\/a><\/p>\n","protected":false},"excerpt":{"rendered":"<p>A Frente \u00danica da Enfermagem (FUEnf) formalizou ontem (26) junto \u00e0 Secretaria de Sa\u00fade (SES-DF) uma s\u00e9rie de recomenda\u00e7\u00f5es voltadas para o aprimoramento da campanha de imuniza\u00e7\u00e3o contra o coronav\u00edrus no Distrito Federal. O objetivo \u00e9 de garantir maior transpar\u00eancia na vacina\u00e7\u00e3o da popula\u00e7\u00e3o, trazer respaldo t\u00e9cnico e cient\u00edfico para os trabalhadores da enfermagem que [&hellip;]<\/p>\n","protected":false},"author":6,"featured_media":40929,"comment_status":"open","ping_status":"open","sticky":false,"template":"","format":"standard","meta":{"footnotes":""},"categories":[6,13,5],"tags":[7,27,56,584],"class_list":["post-40986","post","type-post","status-publish","format-standard","has-post-thumbnail","hentry","category-noticias","category-rede-privada","category-rede-publica","tag-enfermagem","tag-fuenf","tag-sindicato","tag-vacina"],"_links":{"self":[{"href":"https:\/\/sindenfermeiro.com.br\/index.php\/wp-json\/wp\/v2\/posts\/40986","targetHints":{"allow":["GET"]}}],"collection":[{"href":"https:\/\/sindenfermeiro.com.br\/index.php\/wp-json\/wp\/v2\/posts"}],"about":[{"href":"https:\/\/sindenfermeiro.com.br\/index.php\/wp-json\/wp\/v2\/types\/post"}],"author":[{"embeddable":true,"href":"https:\/\/sindenfermeiro.com.br\/index.php\/wp-json\/wp\/v2\/users\/6"}],"replies":[{"embeddable":true,"href":"https:\/\/sindenfermeiro.com.br\/index.php\/wp-json\/wp\/v2\/comments?post=40986"}],"version-history":[{"count":2,"href":"https:\/\/sindenfermeiro.com.br\/index.php\/wp-json\/wp\/v2\/posts\/40986\/revisions"}],"predecessor-version":[{"id":40989,"href":"https:\/\/sindenfermeiro.com.br\/index.php\/wp-json\/wp\/v2\/posts\/40986\/revisions\/40989"}],"wp:featuredmedia":[{"embeddable":true,"href":"https:\/\/sindenfermeiro.com.br\/index.php\/wp-json\/wp\/v2\/media\/40929"}],"wp:attachment":[{"href":"https:\/\/sindenfermeiro.com.br\/index.php\/wp-json\/wp\/v2\/media?parent=40986"}],"wp:term":[{"taxonomy":"category","embeddable":true,"href":"https:\/\/sindenfermeiro.com.br\/index.php\/wp-json\/wp\/v2\/categories?post=40986"},{"taxonomy":"post_tag","embeddable":true,"href":"https:\/\/sindenfermeiro.com.br\/index.php\/wp-json\/wp\/v2\/tags?post=40986"}],"curies":[{"name":"wp","href":"https:\/\/api.w.org\/{rel}","templated":true}]}}