{"id":40980,"date":"2021-01-26T12:09:27","date_gmt":"2021-01-26T15:09:27","guid":{"rendered":"https:\/\/sindenfermeiro.com.br\/?p=40980"},"modified":"2026-04-26T21:33:59","modified_gmt":"2026-04-27T00:33:59","slug":"ses-atualiza-grupos-prioritarios-para-vacinacao-contra-covid-19","status":"publish","type":"post","link":"https:\/\/sindenfermeiro.com.br\/index.php\/2021\/01\/26\/ses-atualiza-grupos-prioritarios-para-vacinacao-contra-covid-19\/","title":{"rendered":"SES atualiza grupos priorit\u00e1rios para vacina\u00e7\u00e3o contra Covid-19"},"content":{"rendered":"<p><img loading=\"lazy\" decoding=\"async\" class=\"aligncenter wp-image-40981 \" src=\"https:\/\/sindenfermeiro.com.br\/wp-content\/uploads\/2021\/01\/2020-05-22t182451z_1_lynxmpeg4l1sw_rtroptp_4_health-coronavirus-astrazeneca-oxford-1024x613.jpg\" alt=\"\" width=\"725\" height=\"434\" srcset=\"https:\/\/sindenfermeiro.com.br\/wp-content\/uploads\/2021\/01\/2020-05-22t182451z_1_lynxmpeg4l1sw_rtroptp_4_health-coronavirus-astrazeneca-oxford-1024x613.jpg 1024w, https:\/\/sindenfermeiro.com.br\/wp-content\/uploads\/2021\/01\/2020-05-22t182451z_1_lynxmpeg4l1sw_rtroptp_4_health-coronavirus-astrazeneca-oxford-300x179.jpg 300w, https:\/\/sindenfermeiro.com.br\/wp-content\/uploads\/2021\/01\/2020-05-22t182451z_1_lynxmpeg4l1sw_rtroptp_4_health-coronavirus-astrazeneca-oxford-768x459.jpg 768w, https:\/\/sindenfermeiro.com.br\/wp-content\/uploads\/2021\/01\/2020-05-22t182451z_1_lynxmpeg4l1sw_rtroptp_4_health-coronavirus-astrazeneca-oxford-200x120.jpg 200w, https:\/\/sindenfermeiro.com.br\/wp-content\/uploads\/2021\/01\/2020-05-22t182451z_1_lynxmpeg4l1sw_rtroptp_4_health-coronavirus-astrazeneca-oxford.jpg 1170w\" sizes=\"auto, (max-width: 725px) 100vw, 725px\" \/><\/p>\n<p style=\"text-align: center\"><span style=\"font-size: 10pt\">Foto: reprodu\u00e7\u00e3o da internet\/Google imagens<\/span><\/p>\n<p>A Secretaria de Sa\u00fade do Distrito Federal (SES-DF) atualizou a classifica\u00e7\u00e3o dos grupos que est\u00e3o aptos para tomar a vacina contra o coronav\u00edrus. A circular publicada ontem (25) garante a vacina\u00e7\u00e3o para todos os trabalhadores das redes p\u00fablica e privada, sem distin\u00e7\u00e3o de categoria \u2013 al\u00e9m de estabelecer que as unidades particulares disponibilizem locais para a vacina\u00e7\u00e3o dos trabalhadores.<\/p>\n<p>De acordo com a pasta, a medida j\u00e1 est\u00e1 valendo a partir de hoje (26) \u2013 e foi tomada ap\u00f3s o Minist\u00e9rio da Sa\u00fade garantir a entrega de mais doses da vacina AstraZeneca para daqui a 3 meses \u2013 tempo m\u00ednimo entre a aplica\u00e7\u00e3o da primeira e da segunda dose da vacina.<\/p>\n<p>O DF tamb\u00e9m recebeu mais 19 mil doses da Coronavac destinadas a primeira e segunda aplica\u00e7\u00e3o. Somando com as 41.500 doses da vacina AstraZeneca j\u00e1 entregues na capital, o quantitativo ser\u00e1 suficiente para atender a todos os profissionais de sa\u00fade do DF \u2013 e com isso, os trabalhadores j\u00e1 podem procurar suas respectivas unidades para tomar a vacina.<\/p>\n<p>A circular tamb\u00e9m abrange os profissionais de sa\u00fade dos programas de resid\u00eancia m\u00e9dica e multiprofissional, bem como os profissionais de sa\u00fade volunt\u00e1rios, e os trabalhadores das \u00e1reas de vigil\u00e2ncia, limpeza e administrativa que atuam nas unidades que v\u00e3o receber as vacinas.<\/p>\n<p>No entanto, os profissionais do setor privado que n\u00e3o atuam em hospitais ou na aten\u00e7\u00e3o pr\u00e9-hospitalar (APH) ainda n\u00e3o v\u00e3o ser contemplados neste primeiro momento, o que ser\u00e1 ampliado gradativamente conforme a disponibilidade de vacinas enviadas pelo Minist\u00e9rio da Sa\u00fade (MS). J\u00e1 os ind\u00edgenas e idosos abrigados em casas de assist\u00eancia, por exemplo, continuar\u00e3o a receber as vacinas sem precisar sair de casa, atrav\u00e9s das equipes volantes.<\/p>\n<p>Para a presidente do SindEnfermeiro, Dayse Amar\u00edlio, a medida pode ser considerada um al\u00edvio, j\u00e1 que agora, os profissionais que estavam inclusos na primeira fase ter\u00e3o o seu direito garantido.<\/p>\n<p>\u201cA nossa luta \u00e9 para que todos os enfermeiros sejam vacinados, mas tamb\u00e9m tenham o devido respaldo e valoriza\u00e7\u00e3o no exerc\u00edcio do seu trabalho \u2013 e estaremos acompanhando de perto a situa\u00e7\u00e3o nas unidades atrav\u00e9s das fiscaliza\u00e7\u00f5es e visitas da Frente \u00danica da Enfermagem (FUEnf)\u201d, afirmou.<\/p>\n<p>No entanto, de acordo com Dayse, ainda existem algumas lacunas a serem preenchidas. Al\u00e9m da garantia de seguran\u00e7a e valoriza\u00e7\u00e3o dos enfermeiros que v\u00e3o estar no processo de imuniza\u00e7\u00e3o, a inclus\u00e3o de grupos como profissionais de home care e de cl\u00ednicas privadas e a garantia de vacina\u00e7\u00e3o para os trabalhadores em afastamentos legais s\u00e3o fundamentais para fortalecer o processo de imuniza\u00e7\u00e3o.<\/p>\n<p>\u201cA nossa preocupa\u00e7\u00e3o tamb\u00e9m est\u00e1 com o pessoal que atua nas cl\u00ednicas e com os trabalhadores em home care, que muitas vezes atuam diretamente com pacientes infectados. Tamb\u00e9m estamos atentos com a quest\u00e3o dos profissionais em afastamentos legais, e apesar de entender que n\u00e3o h\u00e1 doses para todos, pensamos que \u00e9 fundamental imunizar estes trabalhadores antes que eles retornem aos seus postos\u201d, completou.<\/p>\n<p><strong>Veja os grupos priorit\u00e1rios de acordo com a nova classifica\u00e7\u00e3o da SES nesta fase de vacina\u00e7\u00e3o:<\/strong><\/p>\n<p>&#8211; Trabalhadores de sa\u00fade de todos os n\u00edveis de aten\u00e7\u00e3o \u00e0 sa\u00fade, bem como do Instituto de Gest\u00e3o Estrat\u00e9gica de Sa\u00fade do Distrito Federal (IGESDF), Servi\u00e7o de Atendimento M\u00f3vel e Urg\u00eancia (SAMU), da Funda\u00e7\u00e3o Hemocentro de Bras\u00edlia (FHB), da Funda\u00e7\u00e3o de Ensino e Pesquisa em Ci\u00eancias da Sa\u00fade (FEPECS) e da Administra\u00e7\u00e3o Central (ADMC);<\/p>\n<p>&#8211; Trabalhadores dos hospitais privados, conveniados, filantr\u00f3picos, universit\u00e1rio e militares;<\/p>\n<p>&#8211; Trabalhadores dos servi\u00e7os de Aten\u00e7\u00e3o Pr\u00e9-Hospitalar (APH) do Corpo de Bombeiros Militar e outras institui\u00e7\u00f5es privadas que prestam APH;<\/p>\n<p>&#8211; Trabalhadores da sa\u00fade que v\u00e3o aplicar as vacinas;<\/p>\n<p>&#8211; Idosos maiores de 60 anos que vivem em Institui\u00e7\u00f5es de Longa Perman\u00eancia para Idosos (ILPI), al\u00e9m dos colaboradores;<\/p>\n<p>&#8211; Pessoas a partir de 18 anos de idade com defici\u00eancia e residentes em resid\u00eancias inclusivas (institucionalizadas), al\u00e9m dos colaboradores;<\/p>\n<p>&#8211; Pacientes em Aten\u00e7\u00e3o Domiciliar (AD) nos n\u00edveis 2 e 3, al\u00e9m de um cuidador familiar por paciente;<\/p>\n<p>&#8211; Pacientes em servi\u00e7o de aten\u00e7\u00e3o domiciliar de alta complexidade (SAD-AC).<\/p>\n<p>De acordo com o secret\u00e1rio de Sa\u00fade, Osnei Okumoto, com a chegada de mais doses nas pr\u00f3ximas semanas, o pr\u00f3ximo grupo a ser contemplado \u201cser\u00e1 o dos idosos com mais de 80 anos, o que vai ser fundamental para que a gente impe\u00e7a a circula\u00e7\u00e3o do v\u00edrus\u201d, afirmou.<\/p>\n<p><em><a href=\"http:\/\/www.saude.df.gov.br\/vacinacao-no-df-e-ampliada-para-os-trabalhadores-da-saude\/\">Com informa\u00e7\u00f5es da Secretaria de Sa\u00fade\/Ag\u00eancia Sa\u00fade DF<\/a><\/em><\/p>\n","protected":false},"excerpt":{"rendered":"<p>Foto: reprodu\u00e7\u00e3o da internet\/Google imagens A Secretaria de Sa\u00fade do Distrito Federal (SES-DF) atualizou a classifica\u00e7\u00e3o dos grupos que est\u00e3o aptos para tomar a vacina contra o coronav\u00edrus. A circular publicada ontem (25) garante a vacina\u00e7\u00e3o para todos os trabalhadores das redes p\u00fablica e privada, sem distin\u00e7\u00e3o de categoria \u2013 al\u00e9m de estabelecer que as [&hellip;]<\/p>\n","protected":false},"author":6,"featured_media":40981,"comment_status":"open","ping_status":"open","sticky":false,"template":"","format":"standard","meta":{"footnotes":""},"categories":[6,13,5],"tags":[656,236,584],"class_list":["post-40980","post","type-post","status-publish","format-standard","has-post-thumbnail","hentry","category-noticias","category-rede-privada","category-rede-publica","tag-grupos-prioritarios","tag-ses","tag-vacina"],"_links":{"self":[{"href":"https:\/\/sindenfermeiro.com.br\/index.php\/wp-json\/wp\/v2\/posts\/40980","targetHints":{"allow":["GET"]}}],"collection":[{"href":"https:\/\/sindenfermeiro.com.br\/index.php\/wp-json\/wp\/v2\/posts"}],"about":[{"href":"https:\/\/sindenfermeiro.com.br\/index.php\/wp-json\/wp\/v2\/types\/post"}],"author":[{"embeddable":true,"href":"https:\/\/sindenfermeiro.com.br\/index.php\/wp-json\/wp\/v2\/users\/6"}],"replies":[{"embeddable":true,"href":"https:\/\/sindenfermeiro.com.br\/index.php\/wp-json\/wp\/v2\/comments?post=40980"}],"version-history":[{"count":5,"href":"https:\/\/sindenfermeiro.com.br\/index.php\/wp-json\/wp\/v2\/posts\/40980\/revisions"}],"predecessor-version":[{"id":41540,"href":"https:\/\/sindenfermeiro.com.br\/index.php\/wp-json\/wp\/v2\/posts\/40980\/revisions\/41540"}],"wp:featuredmedia":[{"embeddable":true,"href":"https:\/\/sindenfermeiro.com.br\/index.php\/wp-json\/wp\/v2\/media\/40981"}],"wp:attachment":[{"href":"https:\/\/sindenfermeiro.com.br\/index.php\/wp-json\/wp\/v2\/media?parent=40980"}],"wp:term":[{"taxonomy":"category","embeddable":true,"href":"https:\/\/sindenfermeiro.com.br\/index.php\/wp-json\/wp\/v2\/categories?post=40980"},{"taxonomy":"post_tag","embeddable":true,"href":"https:\/\/sindenfermeiro.com.br\/index.php\/wp-json\/wp\/v2\/tags?post=40980"}],"curies":[{"name":"wp","href":"https:\/\/api.w.org\/{rel}","templated":true}]}}