{"id":40961,"date":"2021-01-22T12:20:48","date_gmt":"2021-01-22T15:20:48","guid":{"rendered":"https:\/\/sindenfermeiro.com.br\/?p=40961"},"modified":"2026-04-26T21:32:52","modified_gmt":"2026-04-27T00:32:52","slug":"nota-publica-sobre-a-vacinacao-dos-profissionais-contra-a-covid-19","status":"publish","type":"post","link":"https:\/\/sindenfermeiro.com.br\/index.php\/2021\/01\/22\/nota-publica-sobre-a-vacinacao-dos-profissionais-contra-a-covid-19\/","title":{"rendered":"Nota P\u00fablica sobre a vacina\u00e7\u00e3o dos profissionais contra a Covid-19"},"content":{"rendered":"<p style=\"text-align: justify\"><span style=\"font-size: 10pt\">Foto: reprodu\u00e7\u00e3o da internet\/Google imagens<\/span><\/p>\n<p style=\"text-align: justify\">O Sindicato dos Enfermeiros do Distrito Federal (SindEnfermeiro-DF) vem por meio desta nota, expor sua posi\u00e7\u00e3o diante da situa\u00e7\u00e3o enfrentada pelas enfermeiras e enfermeiros e outros trabalhadores da sa\u00fade que est\u00e3o na linha de frente contra a Covid-19, a insufici\u00eancia de imunizantes para todos esses profissionais.<\/p>\n<p style=\"text-align: justify\">O Distrito Federal tem aproximadamente 146 mil profissionais de sa\u00fade, entretanto, a Secretaria de Sa\u00fade recebeu apenas 106 mil doses da vacina contra o novo coronav\u00edrus, fazendo com que pouco mais de 50 mil pessoas fossem imunizadas. Por conta do n\u00famero reduzido de doses, nessa primeira etapa, foi necess\u00e1rio fazer um recorte dentro dos profissionais, uma esp\u00e9cie de &#8220;prioridade da prioridade&#8221;.<\/p>\n<p style=\"text-align: justify\">O maior desejo do SindEnfermeiro \u00e9 que haja vacina para todos os enfermeiros, e estamos nos empenhando para que o governo garanta a imuniza\u00e7\u00e3o para todos os profissionais da enfermagem. Infelizmente, esse processo depende de que Governo Federal e o GDF disponibilizem os imunizantes, no entanto, por conta da situa\u00e7\u00e3o pol\u00edtica n\u00e3o temos vacinas para todos os trabalhadores e para a popula\u00e7\u00e3o. O SindEnfermeiro vai fazer de tudo para que essa situa\u00e7\u00e3o mude e que a vacina chegue para todos!<\/p>\n<p style=\"text-align: justify\">Diante das in\u00fameras den\u00fancias de que profissionais que n\u00e3o atendem o pr\u00e9-requisito desse primeiro grupo e est\u00e3o \u201cfurando a fila\u201d de prioridade, o SindEnfermeiro est\u00e1 empenhado e comprometido em apurar esses casos. Uma das a\u00e7\u00f5es tomadas pelo sindicato foram a solicita\u00e7\u00e3o do \u201cvacin\u00f4metro\u201d, listas dos profissionais que est\u00e3o sendo vacinados por superintend\u00eancias, para que assim haja mais transpar\u00eancia no processo de imuniza\u00e7\u00e3o. O Minist\u00e9rio P\u00fablico tamb\u00e9m est\u00e1 averiguando as den\u00fancias e cobrou explica\u00e7\u00f5es da Secretaria de Sa\u00fade (SES-DF).<\/p>\n<p style=\"text-align: justify\">O SindEnfermeiro n\u00e3o ir\u00e1 permitir que aconte\u00e7am injusti\u00e7as com os profissionais que t\u00eam prioridade para a imuniza\u00e7\u00e3o. Seguimos atentos, vigilantes e apurando todas as den\u00fancias que recebemos!<\/p>\n","protected":false},"excerpt":{"rendered":"<p>Foto: reprodu\u00e7\u00e3o da internet\/Google imagens O Sindicato dos Enfermeiros do Distrito Federal (SindEnfermeiro-DF) vem por meio desta nota, expor sua posi\u00e7\u00e3o diante da situa\u00e7\u00e3o enfrentada pelas enfermeiras e enfermeiros e outros trabalhadores da sa\u00fade que est\u00e3o na linha de frente contra a Covid-19, a insufici\u00eancia de imunizantes para todos esses profissionais. O Distrito Federal tem [&hellip;]<\/p>\n","protected":false},"author":6,"featured_media":40965,"comment_status":"open","ping_status":"open","sticky":false,"template":"","format":"standard","meta":{"footnotes":""},"categories":[6,13,5],"tags":[454,108,7,258,81,21,584,652],"class_list":["post-40961","post","type-post","status-publish","format-standard","has-post-thumbnail","hentry","category-noticias","category-rede-privada","category-rede-publica","tag-covid-19","tag-denuncia","tag-enfermagem","tag-hran","tag-ses-df","tag-sindenfermeiro","tag-vacina","tag-vacina-contra-a-covid-19"],"_links":{"self":[{"href":"https:\/\/sindenfermeiro.com.br\/index.php\/wp-json\/wp\/v2\/posts\/40961","targetHints":{"allow":["GET"]}}],"collection":[{"href":"https:\/\/sindenfermeiro.com.br\/index.php\/wp-json\/wp\/v2\/posts"}],"about":[{"href":"https:\/\/sindenfermeiro.com.br\/index.php\/wp-json\/wp\/v2\/types\/post"}],"author":[{"embeddable":true,"href":"https:\/\/sindenfermeiro.com.br\/index.php\/wp-json\/wp\/v2\/users\/6"}],"replies":[{"embeddable":true,"href":"https:\/\/sindenfermeiro.com.br\/index.php\/wp-json\/wp\/v2\/comments?post=40961"}],"version-history":[{"count":9,"href":"https:\/\/sindenfermeiro.com.br\/index.php\/wp-json\/wp\/v2\/posts\/40961\/revisions"}],"predecessor-version":[{"id":41538,"href":"https:\/\/sindenfermeiro.com.br\/index.php\/wp-json\/wp\/v2\/posts\/40961\/revisions\/41538"}],"wp:featuredmedia":[{"embeddable":true,"href":"https:\/\/sindenfermeiro.com.br\/index.php\/wp-json\/wp\/v2\/media\/40965"}],"wp:attachment":[{"href":"https:\/\/sindenfermeiro.com.br\/index.php\/wp-json\/wp\/v2\/media?parent=40961"}],"wp:term":[{"taxonomy":"category","embeddable":true,"href":"https:\/\/sindenfermeiro.com.br\/index.php\/wp-json\/wp\/v2\/categories?post=40961"},{"taxonomy":"post_tag","embeddable":true,"href":"https:\/\/sindenfermeiro.com.br\/index.php\/wp-json\/wp\/v2\/tags?post=40961"}],"curies":[{"name":"wp","href":"https:\/\/api.w.org\/{rel}","templated":true}]}}