{"id":40915,"date":"2021-01-20T19:06:02","date_gmt":"2021-01-20T22:06:02","guid":{"rendered":"https:\/\/sindenfermeiro.com.br\/?p=40915"},"modified":"2026-04-27T01:48:39","modified_gmt":"2026-04-27T04:48:39","slug":"fuenf-vai-a-ses-apresentar-demandas-e-entender-planejamento-da-pasta-para-imunizacao-contra-covid-19-no-df-na-manha-de-hoje-20-os-representantes-da-frente-unica-da-enfermagem-fuenf-se-reuniram-c","status":"publish","type":"post","link":"https:\/\/sindenfermeiro.com.br\/index.php\/2021\/01\/20\/fuenf-vai-a-ses-apresentar-demandas-e-entender-planejamento-da-pasta-para-imunizacao-contra-covid-19-no-df-na-manha-de-hoje-20-os-representantes-da-frente-unica-da-enfermagem-fuenf-se-reuniram-c\/","title":{"rendered":"FUEnf vai \u00e0 SES apresentar demandas e entender planejamento da pasta para imuniza\u00e7\u00e3o contra Covid-19 no DF"},"content":{"rendered":"<p>&nbsp;<\/p>\n<style type=\"text\/css\">\n#foogallery-gallery-40925 .fg-image { width: 640px; }<\/style>\n\t\t\t<div class=\"foogallery foogallery-container foogallery-image-viewer foogallery-link-image foogallery-lightbox-none fg-center fg-image-viewer fg-ready fg-light fg-border-thin fg-shadow-outline fg-loading-default fg-loaded-fade-in fg-caption-hover fg-hover-fade fg-hover-zoom\" id=\"foogallery-gallery-40925\" data-foogallery=\"{&quot;item&quot;:{&quot;showCaptionTitle&quot;:true,&quot;showCaptionDescription&quot;:true},&quot;lazy&quot;:true,&quot;template&quot;:{&quot;loop&quot;:true}}\" style=\"--fg-title-line-clamp: 0; --fg-description-line-clamp: 0;\" >\n\t<div class=\"fiv-inner\">\n\t\t<div class=\"fiv-inner-container\">\n\t\t\t<div class=\"fg-item fg-type-image fg-idle\"><figure class=\"fg-item-inner\"><a href=\"https:\/\/sindenfermeiro.com.br\/wp-content\/uploads\/2021\/01\/WhatsApp-Image-2021-01-20-at-13.02.22.jpeg\" data-attachment-id=\"40926\" data-type=\"image\" class=\"fg-thumb\"><span class=\"fg-image-wrap\"><img fetchpriority=\"high\" decoding=\"async\" width=\"640\" height=\"360\" class=\"skip-lazy fg-image\" data-src-fg=\"https:\/\/sindenfermeiro.com.br\/wp-content\/uploads\/cache\/2021\/01\/WhatsApp-Image-2021-01-20-at-13_02_22\/1470372056.jpeg\" src=\"data:image\/svg+xml,%3Csvg%20xmlns%3D%22http%3A%2F%2Fwww.w3.org%2F2000%2Fsvg%22%20width%3D%22640%22%20height%3D%22360%22%20viewBox%3D%220%200%20640%20360%22%3E%3C%2Fsvg%3E\" loading=\"eager\"><\/span><span class=\"fg-image-overlay\"><\/span><\/a><\/figure><div class=\"fg-loader\"><\/div><\/div><div class=\"fg-item fg-type-image fg-idle\"><figure class=\"fg-item-inner\"><a href=\"https:\/\/sindenfermeiro.com.br\/wp-content\/uploads\/2021\/01\/WhatsApp-Image-2021-01-20-at-13.02.23-1.jpeg\" data-attachment-id=\"40927\" data-type=\"image\" class=\"fg-thumb\"><span class=\"fg-image-wrap\"><img decoding=\"async\" width=\"640\" height=\"360\" class=\"skip-lazy fg-image\" data-src-fg=\"https:\/\/sindenfermeiro.com.br\/wp-content\/uploads\/cache\/2021\/01\/WhatsApp-Image-2021-01-20-at-13_02_23-1\/2803614660.jpeg\" src=\"data:image\/svg+xml,%3Csvg%20xmlns%3D%22http%3A%2F%2Fwww.w3.org%2F2000%2Fsvg%22%20width%3D%22640%22%20height%3D%22360%22%20viewBox%3D%220%200%20640%20360%22%3E%3C%2Fsvg%3E\" loading=\"eager\"><\/span><span class=\"fg-image-overlay\"><\/span><\/a><\/figure><div class=\"fg-loader\"><\/div><\/div><div class=\"fg-item fg-type-image fg-idle\"><figure class=\"fg-item-inner\"><a href=\"https:\/\/sindenfermeiro.com.br\/wp-content\/uploads\/2021\/01\/WhatsApp-Image-2021-01-20-at-13.02.23-2.jpeg\" data-attachment-id=\"40928\" data-type=\"image\" class=\"fg-thumb\"><span class=\"fg-image-wrap\"><img decoding=\"async\" width=\"640\" height=\"360\" class=\"skip-lazy fg-image\" data-src-fg=\"https:\/\/sindenfermeiro.com.br\/wp-content\/uploads\/cache\/2021\/01\/WhatsApp-Image-2021-01-20-at-13_02_23-2\/4143751198.jpeg\" src=\"data:image\/svg+xml,%3Csvg%20xmlns%3D%22http%3A%2F%2Fwww.w3.org%2F2000%2Fsvg%22%20width%3D%22640%22%20height%3D%22360%22%20viewBox%3D%220%200%20640%20360%22%3E%3C%2Fsvg%3E\" loading=\"eager\"><\/span><span class=\"fg-image-overlay\"><\/span><\/a><\/figure><div class=\"fg-loader\"><\/div><\/div><div class=\"fg-item fg-type-image fg-idle\"><figure class=\"fg-item-inner\"><a href=\"https:\/\/sindenfermeiro.com.br\/wp-content\/uploads\/2021\/01\/WhatsApp-Image-2021-01-20-at-13.09.23.jpeg\" data-attachment-id=\"40929\" data-type=\"image\" class=\"fg-thumb\"><span class=\"fg-image-wrap\"><img decoding=\"async\" width=\"640\" height=\"360\" class=\"skip-lazy fg-image\" data-src-fg=\"https:\/\/sindenfermeiro.com.br\/wp-content\/uploads\/cache\/2021\/01\/WhatsApp-Image-2021-01-20-at-13_09_23\/1626751467.jpeg\" src=\"data:image\/svg+xml,%3Csvg%20xmlns%3D%22http%3A%2F%2Fwww.w3.org%2F2000%2Fsvg%22%20width%3D%22640%22%20height%3D%22360%22%20viewBox%3D%220%200%20640%20360%22%3E%3C%2Fsvg%3E\" loading=\"eager\"><\/span><span class=\"fg-image-overlay\"><\/span><\/a><\/figure><div class=\"fg-loader\"><\/div><\/div>\t\t<\/div>\n\t\t<div class=\"fiv-ctrls\">\n\t\t\t<button type=\"button\" class=\"fiv-prev\" title=\"Prev\"><span>Prev<\/span><\/button>\n\t\t\t<label class=\"fiv-count\"><span class=\"fiv-count-current\">1<\/span>of<span class=\"fiv-count-total\">4<\/span><\/label>\n\t\t\t<button type=\"button\" class=\"fiv-next\" title=\"Next\"><span>Next<\/span><\/button>\n\t\t<\/div>\n\t<\/div>\n<\/div>\n<p>Na manh\u00e3 de hoje (20), os representantes da Frente \u00danica da Enfermagem (FUEnf) se reuniram com a alta c\u00fapula da Secretaria de Sa\u00fade (SES-DF) para conhecer a din\u00e2mica do planejamento adotado pelo Governo do Distrito Federal (GDF) na campanha de imuniza\u00e7\u00e3o da popula\u00e7\u00e3o, bem como levar as d\u00favidas da categoria no que diz respeito \u00e0 sua execu\u00e7\u00e3o, e propor a\u00e7\u00f5es que visam nortear e amparar o trabalho da enfermagem, entre outras pautas.<\/p>\n<p>A FUEnf foi representada pela presidente do SindEnfermeiro, Dayse Amar\u00edlio, o diretor executivo do sindicato, Marcio da Mata, a presidente da ABEn-DF, Rosalina Sudo, o presidente do COREN-DF, Elissandro Noronha e o diretor do SINDATE-DF, Newton Batista \u2013 e foi recebida pelo secret\u00e1rio de Sa\u00fade, Osnei Okumoto, o secret\u00e1rio-adjunto de Assist\u00eancia \u00e0 Sa\u00fade Alexandre Garcia, a subsecret\u00e1ria de gest\u00e3o de pessoal, Silene Quit\u00e9ria, a diretora de enfermagem da SES Cristiane Costa Vieira, o diretor da COAPS\/SAIS, Ricardo Aguiar.<\/p>\n<p>Na reuni\u00e3o, a c\u00fapula da SES apresentou mais detalhes do planejamento que est\u00e1 sendo executado pelo \u00f3rg\u00e3o para a imuniza\u00e7\u00e3o da popula\u00e7\u00e3o, e ouviu as demandas levadas pela FUEnf no sentido de esclarecer d\u00favidas e discord\u00e2ncias em cada uma das diretorias regionais. Al\u00e9m disso, a Frente apresentou uma s\u00e9rie de propostas que tem o objetivo de nortear as a\u00e7\u00f5es para a enfermagem \u2013 que ser\u00e3o apresentadas formalmente \u00e0 SES.<\/p>\n<p>Alguns pontos destacados da proposta incluem a avalia\u00e7\u00e3o da efic\u00e1cia e a seguran\u00e7a das vacinas aplicadas, passando pelas quest\u00f5es relacionadas \u00e0 legisla\u00e7\u00e3o da categoria, como o dimensionamento dos recursos humanos nas salas de imuniza\u00e7\u00e3o, e chegando at\u00e9 a discuss\u00e3o sobre a responsabilidade t\u00e9cnica tanto para as salas, quanto para as equipes. Outros pontos discutidos tratam da seguran\u00e7a dos profissionais no ambiente de trabalho, a padroniza\u00e7\u00e3o dos equipamentos de prote\u00e7\u00e3o individual (EPIs) das equipes, e descri\u00e7\u00e3o das condi\u00e7\u00f5es ideais para alocar as salas de vacina.<\/p>\n<p>A presidente do SindEnfermeiro, Dayse Amar\u00edlio, tratou duas pautas da reuni\u00e3o como priorit\u00e1rias: a transpar\u00eancia nos processos de sele\u00e7\u00e3o dos grupos priorit\u00e1rios para receber a vacina em cada uma das fases \u2013 assim como o quantitativo de pessoas vacinadas, doses dos imunizantes previstas para envio pelo Minist\u00e9rio da Sa\u00fade e o seu recebimento, al\u00e9m da responsabilidade t\u00e9cnica das salas de vacina e das equipes de enfermagem &#8211; onde pontuou a import\u00e2ncia de dar o apoio t\u00e9cnico, administrativo, e at\u00e9 mesmo uma contrapartida financeira para a correta execu\u00e7\u00e3o da fun\u00e7\u00e3o, o que passa por alocar estes profissionais nos cargos de gest\u00e3o.<\/p>\n<p>\u201cA reuni\u00e3o \u00e9 um momento muito importante para alinharmos nossas atua\u00e7\u00f5es complementares em prol de um bem comum, que \u00e9 o sucesso da vacina\u00e7\u00e3o, e que ela ocorra de forma r\u00e1pida e transparente. E a discuss\u00e3o sobre a responsabilidade t\u00e9cnica \u00e9 uma demanda antiga da enfermagem, e muito importante para n\u00f3s, at\u00e9 para dar seguran\u00e7a aos enfermeiros que assumir\u00e3o a responsabilidade. Tamb\u00e9m \u00e9 preciso que haja uma contrapartida justa, \u00e9tica e legal para que esses enfermeiros ocupem os espa\u00e7os de gest\u00e3o\u201d, afirmou.<\/p>\n<p><strong>Encaminhamentos<\/strong><\/p>\n<p>Com o fim da reuni\u00e3o, a FUEnf se comprometeu a formalizar as propostas realizadas em documento que ser\u00e1 enviado n\u00e3o somente para a SES, mas tamb\u00e9m para os \u00f3rg\u00e3os de controle, como o Comit\u00ea de Crise Covid-19, Conselho de Sa\u00fade do DF, e o Minist\u00e9rio P\u00fablico (MPDFT). A Frente tamb\u00e9m solicitou junto a SES o compromisso de estabelecer uma mesa fixa de negocia\u00e7\u00f5es entre a categoria e o \u00f3rg\u00e3o, com reuni\u00f5es marcadas periodicamente \u2013 o que foi acatado pela c\u00fapula da secretaria.<\/p>\n<p>Tamb\u00e9m ser\u00e1 formalizada amanh\u00e3 (21) a solicita\u00e7\u00e3o do plano de vacina\u00e7\u00e3o de cada uma das superintend\u00eancias, assim como a atualiza\u00e7\u00e3o peri\u00f3dica do n\u00famero de doses distribu\u00eddas por cada regional de sa\u00fade.<\/p>\n<p><strong>Enfermeiros em A\u00e7\u00e3o: conhe\u00e7a o plano de vacina\u00e7\u00e3o contra Covid-19 no DF<\/strong><\/p>\n<p>Amanh\u00e3 (21), \u00e0s 19 horas, o SindEnfermeiro-DF vai apresentar mais uma live do programa Enfermeiros em A\u00e7\u00e3o, e o tema ser\u00e1 a t\u00e3o esperada vacina contra a Covid-19! E para tirar todas as suas d\u00favidas sobre o plano de imuniza\u00e7\u00e3o que ser\u00e1 adotado no DF e quest\u00f5es sobre as vacinas dispon\u00edveis, a presidente do SindEnfermeiro, Dayse Amar\u00edlio, e o diretor-executivo Tarc\u00edsio Faria v\u00e3o receber a chefe da Vigil\u00e2ncia Epidemiol\u00f3gica e diretora do sindicato, Kelly Cristina, e a enfermeira Rosa Maria, que faz parte da equipe t\u00e9cnica da Vigil\u00e2ncia Epidemiol\u00f3gica e Imuniza\u00e7\u00e3o do DF.<\/p>\n<p><em><strong>N\u00e3o perca!<\/strong><\/em><\/p>\n","protected":false},"excerpt":{"rendered":"<p>&nbsp; Na manh\u00e3 de hoje (20), os representantes da Frente \u00danica da Enfermagem (FUEnf) se reuniram com a alta c\u00fapula da Secretaria de Sa\u00fade (SES-DF) para conhecer a din\u00e2mica do planejamento adotado pelo Governo do Distrito Federal (GDF) na campanha de imuniza\u00e7\u00e3o da popula\u00e7\u00e3o, bem como levar as d\u00favidas da categoria no que diz respeito [&hellip;]<\/p>\n","protected":false},"author":6,"featured_media":40917,"comment_status":"open","ping_status":"open","sticky":false,"template":"","format":"standard","meta":{"footnotes":""},"categories":[6,5],"tags":[454,7,27,103,236,584],"class_list":["post-40915","post","type-post","status-publish","format-standard","has-post-thumbnail","hentry","category-noticias","category-rede-publica","tag-covid-19","tag-enfermagem","tag-fuenf","tag-reuniao","tag-ses","tag-vacina"],"_links":{"self":[{"href":"https:\/\/sindenfermeiro.com.br\/index.php\/wp-json\/wp\/v2\/posts\/40915","targetHints":{"allow":["GET"]}}],"collection":[{"href":"https:\/\/sindenfermeiro.com.br\/index.php\/wp-json\/wp\/v2\/posts"}],"about":[{"href":"https:\/\/sindenfermeiro.com.br\/index.php\/wp-json\/wp\/v2\/types\/post"}],"author":[{"embeddable":true,"href":"https:\/\/sindenfermeiro.com.br\/index.php\/wp-json\/wp\/v2\/users\/6"}],"replies":[{"embeddable":true,"href":"https:\/\/sindenfermeiro.com.br\/index.php\/wp-json\/wp\/v2\/comments?post=40915"}],"version-history":[{"count":4,"href":"https:\/\/sindenfermeiro.com.br\/index.php\/wp-json\/wp\/v2\/posts\/40915\/revisions"}],"predecessor-version":[{"id":40933,"href":"https:\/\/sindenfermeiro.com.br\/index.php\/wp-json\/wp\/v2\/posts\/40915\/revisions\/40933"}],"wp:featuredmedia":[{"embeddable":true,"href":"https:\/\/sindenfermeiro.com.br\/index.php\/wp-json\/wp\/v2\/media\/40917"}],"wp:attachment":[{"href":"https:\/\/sindenfermeiro.com.br\/index.php\/wp-json\/wp\/v2\/media?parent=40915"}],"wp:term":[{"taxonomy":"category","embeddable":true,"href":"https:\/\/sindenfermeiro.com.br\/index.php\/wp-json\/wp\/v2\/categories?post=40915"},{"taxonomy":"post_tag","embeddable":true,"href":"https:\/\/sindenfermeiro.com.br\/index.php\/wp-json\/wp\/v2\/tags?post=40915"}],"curies":[{"name":"wp","href":"https:\/\/api.w.org\/{rel}","templated":true}]}}