{"id":40912,"date":"2021-01-20T13:43:27","date_gmt":"2021-01-20T16:43:27","guid":{"rendered":"https:\/\/sindenfermeiro.com.br\/?p=40912"},"modified":"2026-04-30T09:02:35","modified_gmt":"2026-04-30T12:02:35","slug":"juridico-sindenfermeiro-atendimento-especializado-para-enfermeiros-filiados","status":"publish","type":"post","link":"https:\/\/sindenfermeiro.com.br\/index.php\/2021\/01\/20\/juridico-sindenfermeiro-atendimento-especializado-para-enfermeiros-filiados\/","title":{"rendered":"Jur\u00eddico SindEnfermeiro: atendimento especializado para enfermeiros filiados"},"content":{"rendered":"<p style=\"text-align: justify\"><span style=\"font-size: 10pt\">Foto: reprodu\u00e7\u00e3o da internet\/Google imagens<\/span><\/p>\n<p style=\"text-align: justify\">Est\u00e1 precisando de ajuda em alguma quest\u00e3o jur\u00eddica? Ent\u00e3o saiba que o SindEnfermeiro-DF tem um corpo jur\u00eddico especializado e pronto para te ajudar! O Departamento Jur\u00eddico do SindEnfermeiro atua em a\u00e7\u00f5es trabalhistas, administrativas, c\u00edveis, tribut\u00e1rias, familiares, sindicais, previdenci\u00e1rias e do consumidor.<\/p>\n<p style=\"text-align: justify\">O atendimento \u00e9 especializado e gratuito para enfermeiros sindicalizados. Tudo isso, com uma assessoria jur\u00eddica focada em resolver os problemas dos nossos sindicalizados!<\/p>\n<p style=\"text-align: justify\">Enfermeiro, com o servi\u00e7o jur\u00eddico do SindEnfermeiro, voc\u00ea n\u00e3o est\u00e1 desamparado. Essa \u00e9 s\u00f3 uma das vantagens oferecidas pelo SindEnfermeiro-DF!<\/p>\n<p style=\"text-align: justify\">Para agendar seu atendimento \u00e9 s\u00f3 entrar em contato pelos n\u00fameros 3447-9697 ou (61) 99277-3825.<\/p>\n","protected":false},"excerpt":{"rendered":"<p>Foto: reprodu\u00e7\u00e3o da internet\/Google imagens Est\u00e1 precisando de ajuda em alguma quest\u00e3o jur\u00eddica? Ent\u00e3o saiba que o SindEnfermeiro-DF tem um corpo jur\u00eddico especializado e pronto para te ajudar! O Departamento Jur\u00eddico do SindEnfermeiro atua em a\u00e7\u00f5es trabalhistas, administrativas, c\u00edveis, tribut\u00e1rias, familiares, sindicais, previdenci\u00e1rias e do consumidor. O atendimento \u00e9 especializado e gratuito para enfermeiros sindicalizados. [&hellip;]<\/p>\n","protected":false},"author":6,"featured_media":40918,"comment_status":"open","ping_status":"open","sticky":false,"template":"","format":"standard","meta":{"footnotes":""},"categories":[334,6,13,5],"tags":[138,99,275,61,21],"class_list":["post-40912","post","type-post","status-publish","format-standard","has-post-thumbnail","hentry","category-juridico","category-noticias","category-rede-privada","category-rede-publica","tag-departamento-juridico","tag-enfermagem-df","tag-enfermeiro","tag-juridico","tag-sindenfermeiro"],"_links":{"self":[{"href":"https:\/\/sindenfermeiro.com.br\/index.php\/wp-json\/wp\/v2\/posts\/40912","targetHints":{"allow":["GET"]}}],"collection":[{"href":"https:\/\/sindenfermeiro.com.br\/index.php\/wp-json\/wp\/v2\/posts"}],"about":[{"href":"https:\/\/sindenfermeiro.com.br\/index.php\/wp-json\/wp\/v2\/types\/post"}],"author":[{"embeddable":true,"href":"https:\/\/sindenfermeiro.com.br\/index.php\/wp-json\/wp\/v2\/users\/6"}],"replies":[{"embeddable":true,"href":"https:\/\/sindenfermeiro.com.br\/index.php\/wp-json\/wp\/v2\/comments?post=40912"}],"version-history":[{"count":6,"href":"https:\/\/sindenfermeiro.com.br\/index.php\/wp-json\/wp\/v2\/posts\/40912\/revisions"}],"predecessor-version":[{"id":41519,"href":"https:\/\/sindenfermeiro.com.br\/index.php\/wp-json\/wp\/v2\/posts\/40912\/revisions\/41519"}],"wp:featuredmedia":[{"embeddable":true,"href":"https:\/\/sindenfermeiro.com.br\/index.php\/wp-json\/wp\/v2\/media\/40918"}],"wp:attachment":[{"href":"https:\/\/sindenfermeiro.com.br\/index.php\/wp-json\/wp\/v2\/media?parent=40912"}],"wp:term":[{"taxonomy":"category","embeddable":true,"href":"https:\/\/sindenfermeiro.com.br\/index.php\/wp-json\/wp\/v2\/categories?post=40912"},{"taxonomy":"post_tag","embeddable":true,"href":"https:\/\/sindenfermeiro.com.br\/index.php\/wp-json\/wp\/v2\/tags?post=40912"}],"curies":[{"name":"wp","href":"https:\/\/api.w.org\/{rel}","templated":true}]}}