{"id":40908,"date":"2021-01-19T13:38:16","date_gmt":"2021-01-19T16:38:16","guid":{"rendered":"https:\/\/sindenfermeiro.com.br\/?p=40908"},"modified":"2026-04-27T01:45:17","modified_gmt":"2026-04-27T04:45:17","slug":"abaixo-assinado-em-defesa-das-trabalhadoras-da-enfermagem-e-do-sus","status":"publish","type":"post","link":"https:\/\/sindenfermeiro.com.br\/index.php\/2021\/01\/19\/abaixo-assinado-em-defesa-das-trabalhadoras-da-enfermagem-e-do-sus\/","title":{"rendered":"Abaixo-assinado em defesa das trabalhadoras da Enfermagem e do SUS"},"content":{"rendered":"<p><img loading=\"lazy\" decoding=\"async\" class=\"aligncenter wp-image-40852 \" src=\"https:\/\/sindenfermeiro.com.br\/wp-content\/uploads\/2020\/12\/IMG_0900-scaled-e1611074202766-1024x793.jpg\" alt=\"\" width=\"581\" height=\"450\" srcset=\"https:\/\/sindenfermeiro.com.br\/wp-content\/uploads\/2020\/12\/IMG_0900-scaled-e1611074202766-1024x793.jpg 1024w, https:\/\/sindenfermeiro.com.br\/wp-content\/uploads\/2020\/12\/IMG_0900-scaled-e1611074202766-300x232.jpg 300w, https:\/\/sindenfermeiro.com.br\/wp-content\/uploads\/2020\/12\/IMG_0900-scaled-e1611074202766-768x595.jpg 768w, https:\/\/sindenfermeiro.com.br\/wp-content\/uploads\/2020\/12\/IMG_0900-scaled-e1611074202766-1536x1190.jpg 1536w, https:\/\/sindenfermeiro.com.br\/wp-content\/uploads\/2020\/12\/IMG_0900-scaled-e1611074202766-2048x1586.jpg 2048w\" sizes=\"auto, (max-width: 581px) 100vw, 581px\" \/><\/p>\n<p>O in\u00edcio da vacina\u00e7\u00e3o contra a Covid-19 trouxe novamente a discuss\u00e3o sobre as condi\u00e7\u00f5es de trabalho nas unidades de sa\u00fade espalhadas pelo Brasil. E os profissionais de todo o pa\u00eds est\u00e3o se unindo para cobrar dos governos estaduais e federal a ado\u00e7\u00e3o de medidas imediatas para reduzir os preju\u00edzos \u00e0 sa\u00fade dos trabalhadores!<\/p>\n<p>Agora, s\u00e3o os profissionais, docentes, pesquisadoras e ativistas em defesa do SUS do munic\u00edpio de S\u00e3o Paulo que precisam da nossa ajuda! Assine a <a href=\"https:\/\/forms.gle\/wh3p3NTttnZf1rFU8\">carta de reivindica\u00e7\u00f5es<\/a> para a melhoria das condi\u00e7\u00f5es de trabalho dos profissionais!<\/p>\n<p>O SindEnfermeiro-DF apoia a iniciativa, e ressalta que vem encabe\u00e7ando diversas a\u00e7\u00f5es no mesmo sentido de garantir condi\u00e7\u00f5es dignas para que nossas guerreiras e guerreiros continuem a salvar vidas!<\/p>\n<p><a href=\"https:\/\/forms.gle\/wh3p3NTttnZf1rFU8\">CLIQUE AQUI PARA ACESSAR A CARTA DE REIVINDICA\u00c7\u00d5ES<\/a><\/p>\n","protected":false},"excerpt":{"rendered":"<p>O in\u00edcio da vacina\u00e7\u00e3o contra a Covid-19 trouxe novamente a discuss\u00e3o sobre as condi\u00e7\u00f5es de trabalho nas unidades de sa\u00fade espalhadas pelo Brasil. E os profissionais de todo o pa\u00eds est\u00e3o se unindo para cobrar dos governos estaduais e federal a ado\u00e7\u00e3o de medidas imediatas para reduzir os preju\u00edzos \u00e0 sa\u00fade dos trabalhadores! Agora, s\u00e3o [&hellip;]<\/p>\n","protected":false},"author":6,"featured_media":40852,"comment_status":"open","ping_status":"open","sticky":false,"template":"","format":"standard","meta":{"footnotes":""},"categories":[6,5],"tags":[653,504,209,165],"class_list":["post-40908","post","type-post","status-publish","format-standard","has-post-thumbnail","hentry","category-noticias","category-rede-publica","tag-abaixo-assinado","tag-condicoes-de-trabalho","tag-enfermeiras","tag-sus"],"_links":{"self":[{"href":"https:\/\/sindenfermeiro.com.br\/index.php\/wp-json\/wp\/v2\/posts\/40908","targetHints":{"allow":["GET"]}}],"collection":[{"href":"https:\/\/sindenfermeiro.com.br\/index.php\/wp-json\/wp\/v2\/posts"}],"about":[{"href":"https:\/\/sindenfermeiro.com.br\/index.php\/wp-json\/wp\/v2\/types\/post"}],"author":[{"embeddable":true,"href":"https:\/\/sindenfermeiro.com.br\/index.php\/wp-json\/wp\/v2\/users\/6"}],"replies":[{"embeddable":true,"href":"https:\/\/sindenfermeiro.com.br\/index.php\/wp-json\/wp\/v2\/comments?post=40908"}],"version-history":[{"count":1,"href":"https:\/\/sindenfermeiro.com.br\/index.php\/wp-json\/wp\/v2\/posts\/40908\/revisions"}],"predecessor-version":[{"id":40911,"href":"https:\/\/sindenfermeiro.com.br\/index.php\/wp-json\/wp\/v2\/posts\/40908\/revisions\/40911"}],"wp:featuredmedia":[{"embeddable":true,"href":"https:\/\/sindenfermeiro.com.br\/index.php\/wp-json\/wp\/v2\/media\/40852"}],"wp:attachment":[{"href":"https:\/\/sindenfermeiro.com.br\/index.php\/wp-json\/wp\/v2\/media?parent=40908"}],"wp:term":[{"taxonomy":"category","embeddable":true,"href":"https:\/\/sindenfermeiro.com.br\/index.php\/wp-json\/wp\/v2\/categories?post=40908"},{"taxonomy":"post_tag","embeddable":true,"href":"https:\/\/sindenfermeiro.com.br\/index.php\/wp-json\/wp\/v2\/tags?post=40908"}],"curies":[{"name":"wp","href":"https:\/\/api.w.org\/{rel}","templated":true}]}}