{"id":40902,"date":"2021-01-19T11:42:37","date_gmt":"2021-01-19T14:42:37","guid":{"rendered":"https:\/\/sindenfermeiro.com.br\/?p=40902"},"modified":"2026-04-26T21:35:13","modified_gmt":"2026-04-27T00:35:13","slug":"luta-contra-a-covid-19-enfermeira-do-hran-e-a-primeira-pessoa-do-df-a-ser-imunizada-contra-a-doenca","status":"publish","type":"post","link":"https:\/\/sindenfermeiro.com.br\/index.php\/2021\/01\/19\/luta-contra-a-covid-19-enfermeira-do-hran-e-a-primeira-pessoa-do-df-a-ser-imunizada-contra-a-doenca\/","title":{"rendered":"Luta contra a Covid-19: enfermeira do HRAN \u00e9 a primeira pessoa do DF a ser imunizada contra a doen\u00e7a"},"content":{"rendered":"<div style=\"width: 1280px;\" class=\"wp-video\"><video class=\"wp-video-shortcode\" id=\"video-40902-1\" width=\"1280\" height=\"720\" preload=\"metadata\" controls=\"controls\"><source type=\"video\/mp4\" src=\"https:\/\/sindenfermeiro.com.br\/wp-content\/uploads\/2021\/01\/WhatsApp-Video-2021-01-19-at-11.08.43.mp4?_=1\" \/><a href=\"https:\/\/sindenfermeiro.com.br\/wp-content\/uploads\/2021\/01\/WhatsApp-Video-2021-01-19-at-11.08.43.mp4\">https:\/\/sindenfermeiro.com.br\/wp-content\/uploads\/2021\/01\/WhatsApp-Video-2021-01-19-at-11.08.43.mp4<\/a><\/video><\/div>\n<p style=\"text-align: justify\">Mais uma vit\u00f3ria para a enfermagem. A primeira pessoa vacinada contra a Covid-19 no Distrito Federal foi uma enfermeira. L\u00eddia Rodrigues Marques, 31 anos, atua na linha de frente contra o novo coronav\u00edrus no HRAN. A profissional foi imunizada na manh\u00e3 desta ter\u00e7a.<\/p>\n<p style=\"text-align: justify\">&#8220;A enfermagem lutou muito, e ser a primeira &#8211; profissional &#8211; a ser imunizada \u00e9 um marco. Foi muito gratificante&#8221;, destacou L\u00eddia. No DF, a campanha de imuniza\u00e7\u00e3o come\u00e7ou hoje e acontecer\u00e1 em 14 locais da rede.\u00a0O SindEnfermeiro assume o compromisso de lutar para que todos os enfermeiros do Distrito Federal sejam imunizados na primeira fase da vacina\u00e7\u00e3o.<\/p>\n","protected":false},"excerpt":{"rendered":"<p>Mais uma vit\u00f3ria para a enfermagem. A primeira pessoa vacinada contra a Covid-19 no Distrito Federal foi uma enfermeira. L\u00eddia Rodrigues Marques, 31 anos, atua na linha de frente contra o novo coronav\u00edrus no HRAN. A profissional foi imunizada na manh\u00e3 desta ter\u00e7a. &#8220;A enfermagem lutou muito, e ser a primeira &#8211; profissional &#8211; a [&hellip;]<\/p>\n","protected":false},"author":6,"featured_media":40903,"comment_status":"open","ping_status":"open","sticky":false,"template":"","format":"standard","meta":{"footnotes":""},"categories":[6,13,5],"tags":[454,7,585,54,258,21,652],"class_list":["post-40902","post","type-post","status-publish","format-standard","has-post-thumbnail","hentry","category-noticias","category-rede-privada","category-rede-publica","tag-covid-19","tag-enfermagem","tag-enfermeira","tag-enfermeiros","tag-hran","tag-sindenfermeiro","tag-vacina-contra-a-covid-19"],"_links":{"self":[{"href":"https:\/\/sindenfermeiro.com.br\/index.php\/wp-json\/wp\/v2\/posts\/40902","targetHints":{"allow":["GET"]}}],"collection":[{"href":"https:\/\/sindenfermeiro.com.br\/index.php\/wp-json\/wp\/v2\/posts"}],"about":[{"href":"https:\/\/sindenfermeiro.com.br\/index.php\/wp-json\/wp\/v2\/types\/post"}],"author":[{"embeddable":true,"href":"https:\/\/sindenfermeiro.com.br\/index.php\/wp-json\/wp\/v2\/users\/6"}],"replies":[{"embeddable":true,"href":"https:\/\/sindenfermeiro.com.br\/index.php\/wp-json\/wp\/v2\/comments?post=40902"}],"version-history":[{"count":2,"href":"https:\/\/sindenfermeiro.com.br\/index.php\/wp-json\/wp\/v2\/posts\/40902\/revisions"}],"predecessor-version":[{"id":40907,"href":"https:\/\/sindenfermeiro.com.br\/index.php\/wp-json\/wp\/v2\/posts\/40902\/revisions\/40907"}],"wp:featuredmedia":[{"embeddable":true,"href":"https:\/\/sindenfermeiro.com.br\/index.php\/wp-json\/wp\/v2\/media\/40903"}],"wp:attachment":[{"href":"https:\/\/sindenfermeiro.com.br\/index.php\/wp-json\/wp\/v2\/media?parent=40902"}],"wp:term":[{"taxonomy":"category","embeddable":true,"href":"https:\/\/sindenfermeiro.com.br\/index.php\/wp-json\/wp\/v2\/categories?post=40902"},{"taxonomy":"post_tag","embeddable":true,"href":"https:\/\/sindenfermeiro.com.br\/index.php\/wp-json\/wp\/v2\/tags?post=40902"}],"curies":[{"name":"wp","href":"https:\/\/api.w.org\/{rel}","templated":true}]}}