{"id":40883,"date":"2021-01-18T14:31:01","date_gmt":"2021-01-18T17:31:01","guid":{"rendered":"https:\/\/sindenfermeiro.com.br\/?p=40883"},"modified":"2026-04-26T22:44:21","modified_gmt":"2026-04-27T01:44:21","slug":"luz-no-fim-do-tunel-a-primeira-pessoa-vacinada-no-brasil-e-uma-enfermeira","status":"publish","type":"post","link":"https:\/\/sindenfermeiro.com.br\/index.php\/2021\/01\/18\/luz-no-fim-do-tunel-a-primeira-pessoa-vacinada-no-brasil-e-uma-enfermeira\/","title":{"rendered":"Luz no fim do t\u00fanel: a primeira pessoa vacinada no Brasil \u00e9 uma enfermeira"},"content":{"rendered":"<p><span style=\"font-size: 10pt\">Foto: reprodu\u00e7\u00e3o da internet<\/span><\/p>\n<p style=\"text-align: justify\">Depois de muito impasse, mortes, atrasos e not\u00edcias falsas, a vacina\u00e7\u00e3o contra a Covid-19 teve in\u00edcio no Brasil. A primeira pessoa a ser imunizada foi a enfermeira M\u00f4nica Calazans, de 54 anos, que atua na linha de frente contra o novo coronav\u00edrus. A profissional recebeu a primeira dose da CoronaVac, alguns minutos depois da Ag\u00eancia Nacional de Vigil\u00e2ncia Sanit\u00e1ria (ANVISA) autorizar o uso emergencial da vacina.<\/p>\n<p style=\"text-align: justify\">Em entrevista ao G1, a profissional ressaltou a import\u00e2ncia da vacina para a popula\u00e7\u00e3o. \u201cEstou falando agora como mulher, brasileira, mulher negra, que acreditem na vacina. Vamos pensar no monte de vidas que n\u00f3s perdemos, quantas fam\u00edlias n\u00f3s perdemos, quantos pais, m\u00e3es, irm\u00e3os. Eu quase perdi um irm\u00e3o tamb\u00e9m com Covid. E diante disso \u00e9 que eu tomei coragem e participei da campanha da vacina.&#8221;, disse M\u00f4nica ao portal.<\/p>\n<p style=\"text-align: justify\"><strong>A representatividade importa<\/strong><\/p>\n<p style=\"text-align: justify\">Para a presidente do SindEnfermeiro, Dayse Amar\u00edlio, a escolha de M\u00f4nica \u00e9 extremamente significativa, uma vez que as mulheres s\u00e3o maioria enfermagem e a categoria ganhou destaque por estar na linha de frente contra a Covid-19. \u201c\u00c9 a corre\u00e7\u00e3o de uma injusti\u00e7a hist\u00f3rica. A enfermagem trabalha muito nos bastidores e a popula\u00e7\u00e3o n\u00e3o sabe\u201d, apontou Dayse.<\/p>\n<p style=\"text-align: justify\">\u201cA enfermagem sempre sofreu com descaso dos pol\u00edticos, o que reverbera para a sociedade, assim como as mulheres e a popula\u00e7\u00e3o negra, que infelizmente colhem os frutos de um passado n\u00e3o t\u00e3o distante e que tem reflexos at\u00e9 hoje. Por isso, a escolha da M\u00f4nica, enfermeira e mulher negra, representa muito, tanto para a enfermagem, quanto para a popula\u00e7\u00e3o\u201d, finaliza Dayse.<\/p>\n<p style=\"text-align: justify\"><strong>Pr\u00f3ximos passos<\/strong><\/p>\n<p style=\"text-align: justify\">A campanha nacional de vacina\u00e7\u00e3o teve in\u00edcio nessa segunda (18). Cada estado receber\u00e1 as doses para imunizar os grupos priorit\u00e1rios nesse primeiro momento. De acordo com o site do Minist\u00e9rio da Sa\u00fade, a imuniza\u00e7\u00e3o come\u00e7ar\u00e1 \u00e0s 17h, de forma simult\u00e2nea em todos os estados.<\/p>\n<p style=\"text-align: justify\">De acordo com o Plano de Imuniza\u00e7\u00e3o divulgado pela Pasta, os primeiros vacinados ser\u00e3o trabalhadores da Sa\u00fade (34% deles), popula\u00e7\u00e3o ind\u00edgena em seus territ\u00f3rios, pessoas com defici\u00eancia institucionalizadas e pessoas com 60 anos ou mais institucionalizadas. No entanto, cada estado tem autonomia para definir seus pr\u00f3prios planos de imuniza\u00e7\u00e3o e esses podem sofrer altera\u00e7\u00f5es a qualquer momento. No DF, por exemplo, os primeiros a serem imunizados ser\u00e3o os profissionais da sa\u00fade que est\u00e3o na linha de frente contra a Covid-19, pessoas maiores de 75 anos e idosos acima dos 60 anos que est\u00e3o em institui\u00e7\u00e3o de acolhimento ou asilos.<\/p>\n<p>&nbsp;<\/p>\n<p><span style=\"font-size: 10pt\"><em>*Com informa\u00e7\u00f5es do G1<\/em><\/span><\/p>\n","protected":false},"excerpt":{"rendered":"<p>Foto: reprodu\u00e7\u00e3o da internet Depois de muito impasse, mortes, atrasos e not\u00edcias falsas, a vacina\u00e7\u00e3o contra a Covid-19 teve in\u00edcio no Brasil. A primeira pessoa a ser imunizada foi a enfermeira M\u00f4nica Calazans, de 54 anos, que atua na linha de frente contra o novo coronav\u00edrus. A profissional recebeu a primeira dose da CoronaVac, alguns [&hellip;]<\/p>\n","protected":false},"author":6,"featured_media":0,"comment_status":"open","ping_status":"open","sticky":false,"template":"","format":"standard","meta":{"footnotes":""},"categories":[6,13,5],"tags":[649,484,7,275,650,21,56,651,584],"class_list":["post-40883","post","type-post","status-publish","format-standard","hentry","category-noticias","category-rede-privada","category-rede-publica","tag-coronavac","tag-covid","tag-enfermagem","tag-enfermeiro","tag-mulher-negra","tag-sindenfermeiro","tag-sindicato","tag-sp","tag-vacina"],"_links":{"self":[{"href":"https:\/\/sindenfermeiro.com.br\/index.php\/wp-json\/wp\/v2\/posts\/40883","targetHints":{"allow":["GET"]}}],"collection":[{"href":"https:\/\/sindenfermeiro.com.br\/index.php\/wp-json\/wp\/v2\/posts"}],"about":[{"href":"https:\/\/sindenfermeiro.com.br\/index.php\/wp-json\/wp\/v2\/types\/post"}],"author":[{"embeddable":true,"href":"https:\/\/sindenfermeiro.com.br\/index.php\/wp-json\/wp\/v2\/users\/6"}],"replies":[{"embeddable":true,"href":"https:\/\/sindenfermeiro.com.br\/index.php\/wp-json\/wp\/v2\/comments?post=40883"}],"version-history":[{"count":18,"href":"https:\/\/sindenfermeiro.com.br\/index.php\/wp-json\/wp\/v2\/posts\/40883\/revisions"}],"predecessor-version":[{"id":42637,"href":"https:\/\/sindenfermeiro.com.br\/index.php\/wp-json\/wp\/v2\/posts\/40883\/revisions\/42637"}],"wp:attachment":[{"href":"https:\/\/sindenfermeiro.com.br\/index.php\/wp-json\/wp\/v2\/media?parent=40883"}],"wp:term":[{"taxonomy":"category","embeddable":true,"href":"https:\/\/sindenfermeiro.com.br\/index.php\/wp-json\/wp\/v2\/categories?post=40883"},{"taxonomy":"post_tag","embeddable":true,"href":"https:\/\/sindenfermeiro.com.br\/index.php\/wp-json\/wp\/v2\/tags?post=40883"}],"curies":[{"name":"wp","href":"https:\/\/api.w.org\/{rel}","templated":true}]}}