{"id":40880,"date":"2021-01-15T11:45:14","date_gmt":"2021-01-15T14:45:14","guid":{"rendered":"https:\/\/sindenfermeiro.com.br\/?p=40880"},"modified":"2026-04-27T02:52:58","modified_gmt":"2026-04-27T05:52:58","slug":"iprev-suspende-prova-de-vida-novamente-por-tempo-indeterminado","status":"publish","type":"post","link":"https:\/\/sindenfermeiro.com.br\/index.php\/2021\/01\/15\/iprev-suspende-prova-de-vida-novamente-por-tempo-indeterminado\/","title":{"rendered":"IPREV suspende prova de vida novamente por tempo indeterminado"},"content":{"rendered":"<p><img loading=\"lazy\" decoding=\"async\" class=\"aligncenter wp-image-40881 \" src=\"https:\/\/sindenfermeiro.com.br\/wp-content\/uploads\/2021\/01\/smiling-young-woman-sitting-yellow-sofa-using-laptop-1024x683.jpg\" alt=\"\" width=\"636\" height=\"424\" srcset=\"https:\/\/sindenfermeiro.com.br\/wp-content\/uploads\/2021\/01\/smiling-young-woman-sitting-yellow-sofa-using-laptop-1024x683.jpg 1024w, https:\/\/sindenfermeiro.com.br\/wp-content\/uploads\/2021\/01\/smiling-young-woman-sitting-yellow-sofa-using-laptop-300x200.jpg 300w, https:\/\/sindenfermeiro.com.br\/wp-content\/uploads\/2021\/01\/smiling-young-woman-sitting-yellow-sofa-using-laptop-768x513.jpg 768w, https:\/\/sindenfermeiro.com.br\/wp-content\/uploads\/2021\/01\/smiling-young-woman-sitting-yellow-sofa-using-laptop-1536x1025.jpg 1536w, https:\/\/sindenfermeiro.com.br\/wp-content\/uploads\/2021\/01\/smiling-young-woman-sitting-yellow-sofa-using-laptop-2048x1367.jpg 2048w\" sizes=\"auto, (max-width: 636px) 100vw, 636px\" \/><\/p>\n<p><span style=\"font-size: 10pt\">Foto: reprodu\u00e7\u00e3o da internet\/Google imagens\u00a0<\/span><\/p>\n<p>O Instituto de Previd\u00eancia do Distrito Federal (IPREV-DF) suspendeu mais uma vez a realiza\u00e7\u00e3o da prova de vida presencial dos servidores aposentados e pensionistas do servi\u00e7o p\u00fablico do Distrito Federal. A portaria foi publicada ontem (14) e j\u00e1 est\u00e1 valendo.<\/p>\n<p>De acordo com o IPREV, a suspens\u00e3o se deu por conta da recente alta no n\u00famero de casos do coronav\u00edrus, fazendo com que os aposentados \u2013 parte do grupo de risco \u2013 n\u00e3o tenham que ir at\u00e9 uma ag\u00eancia do Banco de Bras\u00edlia (BRB) para fazer a verifica\u00e7\u00e3o.<\/p>\n<p>A suspens\u00e3o da prova de vida ocorreu ap\u00f3s press\u00e3o de diversas entidades, como a Central Judicial do Idoso \u2013 composta pelo Minist\u00e9rio P\u00fablico do DF (MPDFT), Tribunal de Justi\u00e7a do DF (TJDFT) e pela Defensoria P\u00fablica (DPDF) \u2013 que pediu explica\u00e7\u00f5es ao \u00f3rg\u00e3o sobre a retomada dos procedimentos no in\u00edcio do m\u00eas.<\/p>\n<p>Para a presidente do SindEnfermeiro, Dayse Amar\u00edlio, a medida traz maior seguran\u00e7a para os aposentados, e a suspens\u00e3o se faz necess\u00e1ria at\u00e9 que a popula\u00e7\u00e3o esteja devidamente vacinada.<\/p>\n<p>\u201cA quest\u00e3o \u00e9 que estamos tendo uma alta nos casos, e a nossa \u00fanica garantia de que vamos ter certa seguran\u00e7a em rela\u00e7\u00e3o ao v\u00edrus \u00e9 com a chegada da vacina \u2013 principalmente para os idosos, que fazem parte do grupo de risco. Tem que segurar um pouco, at\u00e9 para proteger a popula\u00e7\u00e3o mais vulner\u00e1vel\u201d, afirmou.<\/p>\n<p>J\u00e1 para o secret\u00e1rio-geral do sindicato, Jorge Henrique, a prioridade \u00e9 manter o pagamento dos benef\u00edcios aos aposentados e pensionistas \u2013 considerando o grave momento de crise pelo qual o pa\u00eds passa \u2013 e sugere, ainda, a cria\u00e7\u00e3o de mecanismos digitais que possam substituir a prova de vida presencial.<\/p>\n<p>\u201cA vida das pessoas n\u00e3o pode ser colocada em risco. De fato, o mais importante neste momento \u00e9 que os benef\u00edcios n\u00e3o sejam bloqueados. Mas, para coibir as fraudes, uma boa alternativa seria a cria\u00e7\u00e3o de um mecanismo que permitisse a comprova\u00e7\u00e3o da prova de vida de forma digital\u201d, aponta.<\/p>\n<p><strong>O que \u00e9 a prova de vida?<\/strong><\/p>\n<p>A prova de vida, realizada anualmente, tem como objetivo evitar fraudes no sistema previdenci\u00e1rio atrav\u00e9s da confirma\u00e7\u00e3o de que o benefici\u00e1rio est\u00e1 vivo, e que os valores est\u00e3o sendo devidamente entregues a quem \u00e9 de direito.<\/p>\n<p>Em mar\u00e7o de 2020, os procedimentos haviam sido suspensos devido \u00e0 chegada da pandemia do coronav\u00edrus, mas foram retomados no \u00faltimo dia 5 de janeiro deste ano. No entanto, diversas entidades e parlamentares \u2013 como o distrital Jorge Vianna (Podemos) \u2013 questionaram o retorno das atividades em meio \u00e0 alta dos casos de coronav\u00edrus.<\/p>\n<p>No entanto, de acordo com dados do IPREV-DF, durante o per\u00edodo de suspens\u00e3o, mais de 24 mil benefici\u00e1rios compareceram \u00e0s ag\u00eancias do BRB voluntariamente para realizar a prova de vida.<\/p>\n<p><strong><em>Com informa\u00e7\u00f5es do <a href=\"https:\/\/g1.globo.com\/df\/distrito-federal\/noticia\/2021\/01\/14\/prova-de-vida-para-aposentados-e-pensionistas-do-gdf-volta-a-ser-suspensa.ghtml\">G1 DF<\/a><\/em><\/strong><\/p>\n","protected":false},"excerpt":{"rendered":"<p>Foto: reprodu\u00e7\u00e3o da internet\/Google imagens\u00a0 O Instituto de Previd\u00eancia do Distrito Federal (IPREV-DF) suspendeu mais uma vez a realiza\u00e7\u00e3o da prova de vida presencial dos servidores aposentados e pensionistas do servi\u00e7o p\u00fablico do Distrito Federal. A portaria foi publicada ontem (14) e j\u00e1 est\u00e1 valendo. De acordo com o IPREV, a suspens\u00e3o se deu por [&hellip;]<\/p>\n","protected":false},"author":6,"featured_media":40881,"comment_status":"open","ping_status":"open","sticky":false,"template":"","format":"standard","meta":{"footnotes":""},"categories":[6,5],"tags":[71,174,648,611],"class_list":["post-40880","post","type-post","status-publish","format-standard","has-post-thumbnail","hentry","category-noticias","category-rede-publica","tag-aposentados","tag-iprev","tag-prova-de-vida","tag-suspensao"],"_links":{"self":[{"href":"https:\/\/sindenfermeiro.com.br\/index.php\/wp-json\/wp\/v2\/posts\/40880","targetHints":{"allow":["GET"]}}],"collection":[{"href":"https:\/\/sindenfermeiro.com.br\/index.php\/wp-json\/wp\/v2\/posts"}],"about":[{"href":"https:\/\/sindenfermeiro.com.br\/index.php\/wp-json\/wp\/v2\/types\/post"}],"author":[{"embeddable":true,"href":"https:\/\/sindenfermeiro.com.br\/index.php\/wp-json\/wp\/v2\/users\/6"}],"replies":[{"embeddable":true,"href":"https:\/\/sindenfermeiro.com.br\/index.php\/wp-json\/wp\/v2\/comments?post=40880"}],"version-history":[{"count":3,"href":"https:\/\/sindenfermeiro.com.br\/index.php\/wp-json\/wp\/v2\/posts\/40880\/revisions"}],"predecessor-version":[{"id":41550,"href":"https:\/\/sindenfermeiro.com.br\/index.php\/wp-json\/wp\/v2\/posts\/40880\/revisions\/41550"}],"wp:featuredmedia":[{"embeddable":true,"href":"https:\/\/sindenfermeiro.com.br\/index.php\/wp-json\/wp\/v2\/media\/40881"}],"wp:attachment":[{"href":"https:\/\/sindenfermeiro.com.br\/index.php\/wp-json\/wp\/v2\/media?parent=40880"}],"wp:term":[{"taxonomy":"category","embeddable":true,"href":"https:\/\/sindenfermeiro.com.br\/index.php\/wp-json\/wp\/v2\/categories?post=40880"},{"taxonomy":"post_tag","embeddable":true,"href":"https:\/\/sindenfermeiro.com.br\/index.php\/wp-json\/wp\/v2\/tags?post=40880"}],"curies":[{"name":"wp","href":"https:\/\/api.w.org\/{rel}","templated":true}]}}