{"id":40872,"date":"2021-01-14T16:02:17","date_gmt":"2021-01-14T19:02:17","guid":{"rendered":"https:\/\/sindenfermeiro.com.br\/?p=40872"},"modified":"2026-04-26T22:43:45","modified_gmt":"2026-04-27T01:43:45","slug":"voce-e-a-enfermagem-conheca-ana-catarine-enfermeira-que-participou-do-ato-de-1o-de-maio","status":"publish","type":"post","link":"https:\/\/sindenfermeiro.com.br\/index.php\/2021\/01\/14\/voce-e-a-enfermagem-conheca-ana-catarine-enfermeira-que-participou-do-ato-de-1o-de-maio\/","title":{"rendered":"Voc\u00ea \u00e9 a enfermagem &#8211; Conhe\u00e7a Ana Catarine, enfermeira que participou do Ato de 1\u00ba de maio"},"content":{"rendered":"<p style=\"text-align: justify\"><i><span style=\"font-weight: 400\">\u201cSou uma entusiasta da universidade p\u00fablica, porque vejo quanto o trabalho \u00e9 s\u00e9rio e forma profissionais que saem para fazer a diferen\u00e7a no mundo\u201d.<\/span><\/i><span style=\"font-weight: 400\"> \u00c9 assim que Ana Catarine Carneiro, enfermeira h\u00e1 mais de uma d\u00e9cada, come\u00e7a se descrevendo. Formada pela Universidade de Bras\u00edlia, Catarine atua como enfermeira da Secretaria de Sa\u00fade e preceptora da Resid\u00eancia Multiprofissional em Cuidados Paliativos, mas j\u00e1 foi professora na Escola Superior de Ci\u00eancias da Sa\u00fade (ESCS).<\/span><\/p>\n<p style=\"text-align: justify\"><span style=\"font-weight: 400\">Especialista em Cl\u00ednica M\u00e9dica e em Cuidados Paliativos, Catarine desenvolve suas atividades no Hospital de Apoio de Bras\u00edlia (HAB). A paix\u00e3o pela \u00e1rea surgiu ainda na faculdade. No entanto, as aulas de anatomia eram uma parte complicada. \u201cTinha muito medo da morte, desse fim que ela representava, dessa coisa assustadora que a gente imagina\u201d, revela Ana Catarine.\u00a0<\/span><\/p>\n<p style=\"text-align: justify\"><b>A morte tem algo a ensinar<\/b><\/p>\n<p style=\"text-align: justify\"><span style=\"font-weight: 400\">Apesar do receio, Catarine continuou estudando e aprofundou seus estudos sobre o que a morte representava. \u201cQuando fui pesquisar, achei incr\u00edvel que pessoas falavam sobre isso. A minha sensa\u00e7\u00e3o de temer a morte, de n\u00e3o entender, era algo compartilhado com todo mundo e que ao mesmo tempo havia algo a aprender com aquilo. N\u00e3o era algo que t\u00ednhamos que temer e n\u00e3o saber lidar. Foi a\u00ed que me apaixonei pelos cuidados paliativos\u201d, relembra.\u00a0<\/span><\/p>\n<p style=\"text-align: justify\"><span style=\"font-weight: 400\">Depois disso, Catarine come\u00e7ou sua jornada nos cuidados paliativos. Congressos, semin\u00e1rios, palestras&#8230; Todos os eventos sobre o assunto despertavam o interesse dela. Iniciou-se ent\u00e3o uma verdadeira hist\u00f3ria de amor entre a enfermeira e a futura \u00e1rea de atua\u00e7\u00e3o. \u201cOs cuidados paliativos s\u00e3o o \u00e1pice da humaniza\u00e7\u00e3o. Eles caminham juntos. Isso que me encanta\u201d, destaca Ana.\u00a0<\/span><\/p>\n<p style=\"text-align: justify\"><b>Milit\u00e2ncia pelas enfermeiras e enfermeiros<\/b><\/p>\n<p style=\"text-align: justify\"><span style=\"font-weight: 400\">Ana Catarine, que tamb\u00e9m \u00e9 diretora do SindEnfermeiro-DF, ganhou visibilidade no Brasil e fora do pa\u00eds ao ser agredida de forma covarde em 1\u00b0 de maio. Ana e outros profissionais da enfermagem faziam um protesto silencioso na Pra\u00e7a dos Tr\u00eas Poderes em mem\u00f3ria das dezenas de colegas mortos por conta da Covid-19, quando apoiadores do presidente Jair Bolsonaro atacaram ela e outra enfermeira.\u00a0<\/span><\/p>\n<p style=\"text-align: justify\"><span style=\"font-weight: 400\">As imagens ganharam repercuss\u00e3o nacional. Catarine ao ver que a colega poderia ser agredida fisicamente pelo homem visivelmente descontrolado, ficou na frente dele e n\u00e3o disse uma palavra. O movimento #LuteComoUmaEnfermeira come\u00e7ou a ganhar visibilidade com essa atitude.\u00a0<\/span><\/p>\n<p style=\"text-align: justify\"><span style=\"font-weight: 400\">\u201cEu acompanhei a pandemia antes dela chegar no Brasil. Via as not\u00edcias com um aperto no peito. Quando ela chegou aqui, a enfermagem, os enfermeiros foram muito afetados. Come\u00e7amos a ter muitas perdas. O ato de 1\u00ba de maio representava um sentimento de muito pesar pelo que os enfermeiros estavam passando e muito desejo de mudan\u00e7a. Um desejo para que os gestores e a popula\u00e7\u00e3o olhassem por n\u00f3s. Era um pedido de socorro\u201d, relembra Ana Catarine.\u00a0<\/span><\/p>\n<p style=\"text-align: justify\"><span style=\"font-weight: 400\">\u201cOs sindicatos s\u00e3o ferramentas de defesa dos trabalhadores. Naquele dia 1\u00ba de maio o SindEnfermeiro foi exemplo disso: ouvimos o anseio de enfermeiros em realizar a homenagem e o pedido de ajuda e planejamos juntos para que todos ficassem em seguran\u00e7a. Teve a homenagem do dia 12 de maio tamb\u00e9m. Assim como eu senti muita emo\u00e7\u00e3o, acredito que outros enfermeiros puderam sentir orgulho da categoria a qual pertencem naquele momento\u201d, pontua.\u00a0<\/span><\/p>\n<p style=\"text-align: justify\"><b>Enfermagem \u00e9 resist\u00eancia<\/b><\/p>\n<p style=\"text-align: justify\"><span style=\"font-weight: 400\">Antes de agredir fisicamente as profissionais, os apoiadores do presidente destinaram aos participantes do ato todos os tipos de agress\u00f5es verbais poss\u00edveis. N\u00e3o satisfeito, um dos agressores come\u00e7ou a direcionar palavr\u00f5es e outras ofensas \u00e0 enfermeira ao lado de Ana. Sem sucesso com as provoca\u00e7\u00f5es, o homem come\u00e7ou a gritar cada vez mais alto e perto da enfermeira, at\u00e9 que Ana Catarine posicionou-se \u00e0 frente da colega, despertando a ira do homem.\u00a0<\/span><\/p>\n<p style=\"text-align: justify\"><span style=\"font-weight: 400\">\u201cAt\u00e9 ent\u00e3o meu sentimento de tristeza foi substitu\u00eddo pelo sentimento de prote\u00e7\u00e3o. Tinha que proteger aquela enfermeira. Eu queria mostrar para ele, que ela n\u00e3o estava sozinha, que eles n\u00e3o iriam nos assustar, nem nos diminuir. Tive esse sentimento muito forte\u201d, ressalta.\u00a0<\/span><\/p>\n<p style=\"text-align: justify\"><b>#LuteComoUmaEnfermeira<\/b><\/p>\n<p style=\"text-align: justify\"><span style=\"font-weight: 400\">Cantores, atrizes, atores e influenciadores digitais publicaram fotos em suas redes sociais com a frase #LuteComoUmaEnfermeira, lema que ganhou for\u00e7a depois do ato de 1\u00ba de maio. \u201cQuando eu comecei a ver as enfermeiras, os enfermeiros usando a hashtag, tive orgulho do que a gente estava fazendo. Tive muito orgulho da nossa categoria e do que n\u00f3s somos capazes. Al\u00e9m da sensa\u00e7\u00e3o de pertencimento \u00e0 categoria\u201d, relata.\u00a0<\/span><\/p>\n<p style=\"text-align: justify\"><span style=\"font-weight: 400\">Sobre os frutos desse movimento Ana Catarine \u00e9 direta, e deseja que a popula\u00e7\u00e3o entenda que a enfermagem est\u00e1 presente e que a categoria \u00e9 guerreira. \u201cA enfermagem n\u00e3o vai retroceder e que iremos nos unir cada vez mais. Desejo que consigamos proteger os enfermeiros, porque a pandemia n\u00e3o acabou. Tenho colegas com sequelas. Conhecidos morreram. Os profissionais de sa\u00fade lutam muito pelo bem da popula\u00e7\u00e3o, n\u00e3o falo s\u00f3 como enfermeira, falo como popula\u00e7\u00e3o\u201d, finaliza. <\/span><\/p>\n","protected":false},"excerpt":{"rendered":"<p>\u201cSou uma entusiasta da universidade p\u00fablica, porque vejo quanto o trabalho \u00e9 s\u00e9rio e forma profissionais que saem para fazer a diferen\u00e7a no mundo\u201d. \u00c9 assim que Ana Catarine Carneiro, enfermeira h\u00e1 mais de uma d\u00e9cada, come\u00e7a se descrevendo. Formada pela Universidade de Bras\u00edlia, Catarine atua como enfermeira da Secretaria de Sa\u00fade e preceptora da [&hellip;]<\/p>\n","protected":false},"author":6,"featured_media":40875,"comment_status":"open","ping_status":"open","sticky":false,"template":"","format":"standard","meta":{"footnotes":""},"categories":[6,13,5],"tags":[516,7,99,647,21],"class_list":["post-40872","post","type-post","status-publish","format-standard","has-post-thumbnail","hentry","category-noticias","category-rede-privada","category-rede-publica","tag-ato-1o-de-maio","tag-enfermagem","tag-enfermagem-df","tag-lute-como-uma-enfermeira","tag-sindenfermeiro"],"_links":{"self":[{"href":"https:\/\/sindenfermeiro.com.br\/index.php\/wp-json\/wp\/v2\/posts\/40872","targetHints":{"allow":["GET"]}}],"collection":[{"href":"https:\/\/sindenfermeiro.com.br\/index.php\/wp-json\/wp\/v2\/posts"}],"about":[{"href":"https:\/\/sindenfermeiro.com.br\/index.php\/wp-json\/wp\/v2\/types\/post"}],"author":[{"embeddable":true,"href":"https:\/\/sindenfermeiro.com.br\/index.php\/wp-json\/wp\/v2\/users\/6"}],"replies":[{"embeddable":true,"href":"https:\/\/sindenfermeiro.com.br\/index.php\/wp-json\/wp\/v2\/comments?post=40872"}],"version-history":[{"count":3,"href":"https:\/\/sindenfermeiro.com.br\/index.php\/wp-json\/wp\/v2\/posts\/40872\/revisions"}],"predecessor-version":[{"id":40878,"href":"https:\/\/sindenfermeiro.com.br\/index.php\/wp-json\/wp\/v2\/posts\/40872\/revisions\/40878"}],"wp:featuredmedia":[{"embeddable":true,"href":"https:\/\/sindenfermeiro.com.br\/index.php\/wp-json\/wp\/v2\/media\/40875"}],"wp:attachment":[{"href":"https:\/\/sindenfermeiro.com.br\/index.php\/wp-json\/wp\/v2\/media?parent=40872"}],"wp:term":[{"taxonomy":"category","embeddable":true,"href":"https:\/\/sindenfermeiro.com.br\/index.php\/wp-json\/wp\/v2\/categories?post=40872"},{"taxonomy":"post_tag","embeddable":true,"href":"https:\/\/sindenfermeiro.com.br\/index.php\/wp-json\/wp\/v2\/tags?post=40872"}],"curies":[{"name":"wp","href":"https:\/\/api.w.org\/{rel}","templated":true}]}}