{"id":4083,"date":"2018-09-12T18:04:59","date_gmt":"2018-09-12T18:04:59","guid":{"rendered":"http:\/\/www.sindenfermeiro.com.br\/?p=4083"},"modified":"2026-04-26T15:01:24","modified_gmt":"2026-04-26T18:01:24","slug":"sindenfermeiro-e-enfermeiros-debatem-estrategias-para-derrubar-veto-do-gdf-a-isonomia","status":"publish","type":"post","link":"https:\/\/sindenfermeiro.com.br\/index.php\/2018\/09\/12\/sindenfermeiro-e-enfermeiros-debatem-estrategias-para-derrubar-veto-do-gdf-a-isonomia\/","title":{"rendered":"SindEnfermeiro e enfermeiros debatem estrat\u00e9gias para derrubar veto do GDF \u00e0 isonomia"},"content":{"rendered":"<style type=\"text\/css\">\n#foogallery-gallery-4085 .fg-image { width: 640px; }<\/style>\n\t\t\t<div class=\"foogallery foogallery-container foogallery-image-viewer foogallery-link-image foogallery-lightbox-none fg-center fg-image-viewer fg-ready fg-light fg-border-thin fg-shadow-outline fg-loading-default fg-loaded-fade-in fg-caption-hover fg-hover-fade fg-hover-zoom\" id=\"foogallery-gallery-4085\" data-foogallery=\"{&quot;item&quot;:{&quot;showCaptionTitle&quot;:true,&quot;showCaptionDescription&quot;:true},&quot;lazy&quot;:true,&quot;template&quot;:{&quot;loop&quot;:true}}\" style=\"--fg-title-line-clamp: 0; --fg-description-line-clamp: 0;\" >\n\t<div class=\"fiv-inner\">\n\t\t<div class=\"fiv-inner-container\">\n\t\t\t\t\t<\/div>\n\t\t<div class=\"fiv-ctrls\">\n\t\t\t<button type=\"button\" class=\"fiv-prev\" title=\"Prev\"><span>Prev<\/span><\/button>\n\t\t\t<label class=\"fiv-count\"><span class=\"fiv-count-current\">1<\/span>of<span class=\"fiv-count-total\">10<\/span><\/label>\n\t\t\t<button type=\"button\" class=\"fiv-next\" title=\"Next\"><span>Next<\/span><\/button>\n\t\t<\/div>\n\t<\/div>\n<\/div>\n<p><strong><span style=\"font-size: 8pt\">Texto: Marcelo Tobias<\/span><\/strong><\/p>\n<p><strong><span style=\"font-size: 8pt\">Fotos: Marcelo Tobias<\/span><\/strong><\/p>\n<p><strong><span style=\"font-size: 8pt\">Edi\u00e7\u00e3o de imagens: Pedro Vin\u00edcius Lima<\/span><\/strong><\/p>\n<p>A diretoria do SindEnfermeiro-DF e os enfermeiros da Secretaria de Sa\u00fade (SES-DF) se reuniram na \u00faltima ter\u00e7a-feira (11\/09), no Clube da Sa\u00fade, para definir estrat\u00e9gias de como derrubar o veto do governador, Rodrigo Rollemberg, \u00e0 emenda do projeto de Lei de Diretrizes Or\u00e7ament\u00e1rias (LDO) que garantia or\u00e7amento destinado \u00e0 \u00a0isonomia salarial dos enfermeiros com os odont\u00f3logos em 2019.<\/p>\n<p>A presidente do SindEnfermeiro, Dayse Amar\u00edlio, defendeu a import\u00e2ncia da reuni\u00e3o, pois segundo Dayse, a categoria pode ter um feedback de toda a movimenta\u00e7\u00e3o que est\u00e1 sendo feita na luta pela isonomia. \u201cConquistar a equipara\u00e7\u00e3o salarial \u00e9 tirar um grito que est\u00e1 preso na garganta de todos os enfermeiros. E n\u00f3s n\u00e3o desistiremos at\u00e9 conquistarmos essa t\u00e3o sonhada isonomia\u201d, completou Dayse.<\/p>\n<p>A reuni\u00e3o contou com a presen\u00e7a do deputado distrital, Bispo Renato Andrade (PR), autor da emenda ao projeto da LDO que garante o or\u00e7amento \u00e0 isonomia. Horas antes, Bispo Renato protocolou a propositura da derrubada do veto no plen\u00e1rio da C\u00e2mara Legislativa, na pr\u00f3xima ter\u00e7a-feira (18\/09).<\/p>\n","protected":false},"excerpt":{"rendered":"<p>Texto: Marcelo Tobias Fotos: Marcelo Tobias Edi\u00e7\u00e3o de imagens: Pedro Vin\u00edcius Lima A diretoria do SindEnfermeiro-DF e os enfermeiros da Secretaria de Sa\u00fade (SES-DF) se reuniram na \u00faltima ter\u00e7a-feira (11\/09), no Clube da Sa\u00fade, para definir estrat\u00e9gias de como derrubar o veto do governador, Rodrigo Rollemberg, \u00e0 emenda do projeto de Lei de Diretrizes Or\u00e7ament\u00e1rias [&hellip;]<\/p>\n","protected":false},"author":6,"featured_media":4086,"comment_status":"closed","ping_status":"closed","sticky":false,"template":"","format":"standard","meta":{"footnotes":""},"categories":[5,2],"tags":[107,7,102,44],"class_list":["post-4083","post","type-post","status-publish","format-standard","has-post-thumbnail","hentry","category-rede-publica","category-teste","tag-bispo-renato","tag-enfermagem","tag-isonomia","tag-sindenfermeiro-df"],"_links":{"self":[{"href":"https:\/\/sindenfermeiro.com.br\/index.php\/wp-json\/wp\/v2\/posts\/4083","targetHints":{"allow":["GET"]}}],"collection":[{"href":"https:\/\/sindenfermeiro.com.br\/index.php\/wp-json\/wp\/v2\/posts"}],"about":[{"href":"https:\/\/sindenfermeiro.com.br\/index.php\/wp-json\/wp\/v2\/types\/post"}],"author":[{"embeddable":true,"href":"https:\/\/sindenfermeiro.com.br\/index.php\/wp-json\/wp\/v2\/users\/6"}],"replies":[{"embeddable":true,"href":"https:\/\/sindenfermeiro.com.br\/index.php\/wp-json\/wp\/v2\/comments?post=4083"}],"version-history":[{"count":1,"href":"https:\/\/sindenfermeiro.com.br\/index.php\/wp-json\/wp\/v2\/posts\/4083\/revisions"}],"predecessor-version":[{"id":29438,"href":"https:\/\/sindenfermeiro.com.br\/index.php\/wp-json\/wp\/v2\/posts\/4083\/revisions\/29438"}],"wp:featuredmedia":[{"embeddable":true,"href":"https:\/\/sindenfermeiro.com.br\/index.php\/wp-json\/"}],"wp:attachment":[{"href":"https:\/\/sindenfermeiro.com.br\/index.php\/wp-json\/wp\/v2\/media?parent=4083"}],"wp:term":[{"taxonomy":"category","embeddable":true,"href":"https:\/\/sindenfermeiro.com.br\/index.php\/wp-json\/wp\/v2\/categories?post=4083"},{"taxonomy":"post_tag","embeddable":true,"href":"https:\/\/sindenfermeiro.com.br\/index.php\/wp-json\/wp\/v2\/tags?post=4083"}],"curies":[{"name":"wp","href":"https:\/\/api.w.org\/{rel}","templated":true}]}}