{"id":40812,"date":"2020-12-04T13:52:43","date_gmt":"2020-12-04T16:52:43","guid":{"rendered":"https:\/\/sindenfermeiro.com.br\/?p=40812"},"modified":"2026-04-27T02:56:35","modified_gmt":"2026-04-27T05:56:35","slug":"cartilha-criada-por-ex-estudantes-da-escs-em-parceria-com-sindenfermeiro-ganha-destaque-em-premiacao-da-opas","status":"publish","type":"post","link":"https:\/\/sindenfermeiro.com.br\/index.php\/2020\/12\/04\/cartilha-criada-por-ex-estudantes-da-escs-em-parceria-com-sindenfermeiro-ganha-destaque-em-premiacao-da-opas\/","title":{"rendered":"Cartilha criada por ex-estudantes da ESCS em parceria com SindEnfermeiro ganha destaque em premia\u00e7\u00e3o da OPAS"},"content":{"rendered":"<p><img loading=\"lazy\" decoding=\"async\" class=\"aligncenter wp-image-40813 \" src=\"https:\/\/sindenfermeiro.com.br\/wp-content\/uploads\/2020\/12\/MG_7952-scaled.jpg\" alt=\"\" width=\"645\" height=\"430\" srcset=\"https:\/\/sindenfermeiro.com.br\/wp-content\/uploads\/2020\/12\/MG_7952-scaled.jpg 2560w, https:\/\/sindenfermeiro.com.br\/wp-content\/uploads\/2020\/12\/MG_7952-300x200.jpg 300w, https:\/\/sindenfermeiro.com.br\/wp-content\/uploads\/2020\/12\/MG_7952-1024x683.jpg 1024w, https:\/\/sindenfermeiro.com.br\/wp-content\/uploads\/2020\/12\/MG_7952-768x512.jpg 768w, https:\/\/sindenfermeiro.com.br\/wp-content\/uploads\/2020\/12\/MG_7952-1536x1024.jpg 1536w, https:\/\/sindenfermeiro.com.br\/wp-content\/uploads\/2020\/12\/MG_7952-2048x1365.jpg 2048w\" sizes=\"auto, (max-width: 645px) 100vw, 645px\" \/><\/p>\n<p>A cartilha elaborada por ex-estudantes da Escola Superior de Ci\u00eancias da Sa\u00fade (ESCS) em parceria com o SindEnfermeiro-DF foi uma das 16 selecionadas pelo Laborat\u00f3rio de Informa\u00e7\u00e3o em Enfermagem \u2013 ferramenta de coopera\u00e7\u00e3o t\u00e9cnica da Organiza\u00e7\u00e3o Pan-Americana da Sa\u00fade (OPAS). Al\u00e9m da cartilha, voltada para auxiliar enfermeiros e outros profissionais da aten\u00e7\u00e3o prim\u00e1ria, outros 15 projetos de todas as regi\u00f5es do pa\u00eds foram selecionados pelos avaliadores.<\/p>\n<p>Os trabalhos foram escolhidos por apresentarem resultados concretos aos desafios enfrentados na assist\u00eancia, al\u00e9m de tra\u00e7ar novas estrat\u00e9gias no que diz respeito \u00e0 amplia\u00e7\u00e3o do campo de pr\u00e1ticas da Enfermagem, incentivo ao protagonismo dos profissionais no cuidado, incorpora\u00e7\u00e3o da tecnologia como ferramenta de aux\u00edlio no dia a dia, entre outros pontos.<\/p>\n<p>&#8220;Desde o primeiro momento em que o projeto foi apresentado aqui no sindicato pela ESCS, percebemos que este projeto poderia ser muito \u00fatil aos profissionais que est\u00e3o na ponta da Aten\u00e7\u00e3o Prim\u00e1ria, e ajudaria muito no dia a dia nas unidades&#8221;, afirma o diretor executivo do SindEnfermeiro, Tarc\u00edsio Faria.<\/p>\n<p>Ainda de acordo com Tarc\u00edsio, &#8220;o sindicato acabou por suprir uma demanda que era do GDF, no sentido de disponibilizar um guia organizado com todos os procedimentos e quest\u00f5es que envolvem a atua\u00e7\u00e3o da Aten\u00e7\u00e3o Prim\u00e1ria&#8221;, completou.<\/p>\n<p>E, na ocasi\u00e3o de lan\u00e7amento da cartilha, em novembro deste ano, a presidente do SindEnfermeiro-DF, Dayse Amar\u00edlio, ressaltou a import\u00e2ncia do sindicato dar apoio a iniciativas como esta \u2013 que al\u00e9m de valorizar o estudante, \u00e9 um grande incentivo para os futuros profissionais.<\/p>\n<p>\u201cIncentivar projetos como esse \u00e9 muito necess\u00e1rio porque viabilizamos financeiramente a parte acad\u00eamica de uma institui\u00e7\u00e3o que talvez n\u00e3o tivesse recursos para colocar em pr\u00e1tica. O Guia da APS facilita a vida n\u00e3o apenas dos estudantes, mas dos enfermeiros. \u00c9 bom para o sindicato e para a escola, que tem um grande prest\u00edgio dentro do Distrito Federal\u201d.<\/p>\n<p>A cerim\u00f4nia de premia\u00e7\u00e3o ser\u00e1 na pr\u00f3xima quarta-feira (09), \u00e0s 15h30, e ser\u00e1 transmitida ao vivo no Portal da Inova\u00e7\u00e3o na Gest\u00e3o do SUS e no canal do Conselho Federal de Enfermagem (COFEN) no YouTube.<\/p>\n<p><strong>Laborat\u00f3rio de Inova\u00e7\u00e3o em Enfermagem<\/strong><\/p>\n<p>O Laborat\u00f3rio de Inova\u00e7\u00e3o em Enfermagem tem o objetivo de mapear, sistematizar e divulgar experi\u00eancias inovadoras produzidas pela Enfermagem (enfermeiros, t\u00e9cnicos e auxiliares) no \u00e2mbito do Sistema \u00danico de Sa\u00fade (SUS), na \u00e1rea da gest\u00e3o de servi\u00e7os, da aten\u00e7\u00e3o \u00e0 sa\u00fade da popula\u00e7\u00e3o, da educa\u00e7\u00e3o e da forma\u00e7\u00e3o profissional.<\/p>\n<p>A iniciativa, promovida pelo Conselho Federal de Enfermagem (Cofen) e pela Organiza\u00e7\u00e3o Pan-Americana da Sa\u00fade no Brasil (OPAS), permitir\u00e1 ter um panorama das estrat\u00e9gias adotadas pelos profissionais da Enfermagem ao enfrentarem os desafios do sistema de sa\u00fade, como a necessidade de ampliar o acesso dos cidad\u00e3os aos cuidados, de melhorar a capacidade resolutiva dos servi\u00e7os e a qualidade da assist\u00eancia ofertada, bem como reduzir custos.<\/p>\n","protected":false},"excerpt":{"rendered":"<p>A cartilha elaborada por ex-estudantes da Escola Superior de Ci\u00eancias da Sa\u00fade (ESCS) em parceria com o SindEnfermeiro-DF foi uma das 16 selecionadas pelo Laborat\u00f3rio de Informa\u00e7\u00e3o em Enfermagem \u2013 ferramenta de coopera\u00e7\u00e3o t\u00e9cnica da Organiza\u00e7\u00e3o Pan-Americana da Sa\u00fade (OPAS). Al\u00e9m da cartilha, voltada para auxiliar enfermeiros e outros profissionais da aten\u00e7\u00e3o prim\u00e1ria, outros 15 [&hellip;]<\/p>\n","protected":false},"author":6,"featured_media":40813,"comment_status":"open","ping_status":"open","sticky":false,"template":"","format":"standard","meta":{"footnotes":""},"categories":[6,5],"tags":[372,57,630,21],"class_list":["post-40812","post","type-post","status-publish","format-standard","has-post-thumbnail","hentry","category-noticias","category-rede-publica","tag-cartilha","tag-escs","tag-opas","tag-sindenfermeiro"],"_links":{"self":[{"href":"https:\/\/sindenfermeiro.com.br\/index.php\/wp-json\/wp\/v2\/posts\/40812","targetHints":{"allow":["GET"]}}],"collection":[{"href":"https:\/\/sindenfermeiro.com.br\/index.php\/wp-json\/wp\/v2\/posts"}],"about":[{"href":"https:\/\/sindenfermeiro.com.br\/index.php\/wp-json\/wp\/v2\/types\/post"}],"author":[{"embeddable":true,"href":"https:\/\/sindenfermeiro.com.br\/index.php\/wp-json\/wp\/v2\/users\/6"}],"replies":[{"embeddable":true,"href":"https:\/\/sindenfermeiro.com.br\/index.php\/wp-json\/wp\/v2\/comments?post=40812"}],"version-history":[{"count":3,"href":"https:\/\/sindenfermeiro.com.br\/index.php\/wp-json\/wp\/v2\/posts\/40812\/revisions"}],"predecessor-version":[{"id":40818,"href":"https:\/\/sindenfermeiro.com.br\/index.php\/wp-json\/wp\/v2\/posts\/40812\/revisions\/40818"}],"wp:featuredmedia":[{"embeddable":true,"href":"https:\/\/sindenfermeiro.com.br\/index.php\/wp-json\/wp\/v2\/media\/40813"}],"wp:attachment":[{"href":"https:\/\/sindenfermeiro.com.br\/index.php\/wp-json\/wp\/v2\/media?parent=40812"}],"wp:term":[{"taxonomy":"category","embeddable":true,"href":"https:\/\/sindenfermeiro.com.br\/index.php\/wp-json\/wp\/v2\/categories?post=40812"},{"taxonomy":"post_tag","embeddable":true,"href":"https:\/\/sindenfermeiro.com.br\/index.php\/wp-json\/wp\/v2\/tags?post=40812"}],"curies":[{"name":"wp","href":"https:\/\/api.w.org\/{rel}","templated":true}]}}