{"id":40772,"date":"2020-12-01T14:11:24","date_gmt":"2020-12-01T17:11:24","guid":{"rendered":"https:\/\/sindenfermeiro.com.br\/?p=40772"},"modified":"2026-04-27T02:51:45","modified_gmt":"2026-04-27T05:51:45","slug":"opiniao-a-luta-em-defesa-da-ceb-e-do-servico-publico","status":"publish","type":"post","link":"https:\/\/sindenfermeiro.com.br\/index.php\/2020\/12\/01\/opiniao-a-luta-em-defesa-da-ceb-e-do-servico-publico\/","title":{"rendered":"[OPINI\u00c3O] A luta em defesa da CEB e do servi\u00e7o p\u00fablico"},"content":{"rendered":"<p><img loading=\"lazy\" decoding=\"async\" class=\"aligncenter wp-image-40773 size-full\" src=\"https:\/\/sindenfermeiro.com.br\/wp-content\/uploads\/2020\/12\/jorge.jpg\" alt=\"\" width=\"836\" height=\"477\" srcset=\"https:\/\/sindenfermeiro.com.br\/wp-content\/uploads\/2020\/12\/jorge.jpg 836w, https:\/\/sindenfermeiro.com.br\/wp-content\/uploads\/2020\/12\/jorge-300x171.jpg 300w, https:\/\/sindenfermeiro.com.br\/wp-content\/uploads\/2020\/12\/jorge-768x438.jpg 768w\" sizes=\"auto, (max-width: 836px) 100vw, 836px\" \/><\/p>\n<p><strong>Texto de Jorge Henrique, secret\u00e1rio-geral do SindEnfermeiro-DF<\/strong><\/p>\n<p>Depois de ampliar a terceiriza\u00e7\u00e3o e privatiza\u00e7\u00e3o da sa\u00fade p\u00fablica do DF e descumprir suas promessas de campanha, o governador Ibaneis Rocha (MDB) pretende privatizar algumas empresas p\u00fablicas do DF, como o Metr\u00f4, a Companhia de Saneamento Ambiental (CAESB) e a Companhia Energ\u00e9tica de Bras\u00edlia (CEB).<\/p>\n<p>No pr\u00f3ximo dia 04 de dezembro, o governador pretende levar a CEB a leil\u00e3o, mas o GDF sequer foi autorizado pela C\u00e2mara Legislativa do DF a realizar o procedimento \u2013 revelando o claro interesse de Ibaneis em entregar um patrim\u00f4nio do Distrito Federal para a iniciativa privada.<\/p>\n<p>A CEB \u00e9 uma das concession\u00e1rias de energia mais bem avaliadas do Brasil e teve no terceiro trimestre do ano um lucro de R$ 99,4 milh\u00f5es. A empresa, al\u00e9m de ser lucrativa, emprega milhares de trabalhadores e oferece um servi\u00e7o considerado de qualidade. A CEB, portanto, n\u00e3o pode ser privatizada.<\/p>\n<p>A trag\u00e9dia que aconteceu no Amap\u00e1 \u00e9 emblem\u00e1tica. A irresponsabilidade da empresa privada que administra a concess\u00e3o dos servi\u00e7os de eletricidade deixou praticamente toda a popula\u00e7\u00e3o do estado \u00e0s escuras por mais de duas semanas, levando a uma situa\u00e7\u00e3o de calamidade p\u00fablica.<\/p>\n<p>As privatiza\u00e7\u00f5es de empresas p\u00fablicas nos \u00faltimos anos t\u00eam encarecido e piorado os servi\u00e7os oferecidos \u00e0 popula\u00e7\u00e3o, e servido apenas para favorecer alguns poucos membros do empresariado. Enquanto isso, a popula\u00e7\u00e3o continua sofrendo com o aumento das taxas e com os p\u00e9ssimos servi\u00e7os.<\/p>\n<p>Por isso, convocamos as Enfermeiras e Enfermeiros, bem como outros profissionais da sa\u00fade, a participarem do ato p\u00fablico amanh\u00e3 (02), \u00e0s 10h, na Pra\u00e7a do Buriti \u2013 contra a privatiza\u00e7\u00e3o da CEB, em defesa dos servi\u00e7os p\u00fablicos e contra os ataques aos servidores e aposentados.<\/p>\n<p>O SindEnfermeiro-DF reitera a sua posi\u00e7\u00e3o contr\u00e1ria \u00e0 terceiriza\u00e7\u00e3o e privatiza\u00e7\u00e3o da sa\u00fade, al\u00e9m de ser contra a entrega das empresas p\u00fablicas do DF \u00e0 iniciativa privada \u2013 pois entendemos que, com o sucateamento do servi\u00e7o p\u00fablico, no fim, a popula\u00e7\u00e3o ser\u00e1 a mais prejudicada.<\/p>\n","protected":false},"excerpt":{"rendered":"<p>Texto de Jorge Henrique, secret\u00e1rio-geral do SindEnfermeiro-DF Depois de ampliar a terceiriza\u00e7\u00e3o e privatiza\u00e7\u00e3o da sa\u00fade p\u00fablica do DF e descumprir suas promessas de campanha, o governador Ibaneis Rocha (MDB) pretende privatizar algumas empresas p\u00fablicas do DF, como o Metr\u00f4, a Companhia de Saneamento Ambiental (CAESB) e a Companhia Energ\u00e9tica de Bras\u00edlia (CEB). No pr\u00f3ximo [&hellip;]<\/p>\n","protected":false},"author":6,"featured_media":40773,"comment_status":"open","ping_status":"open","sticky":false,"template":"","format":"standard","meta":{"footnotes":""},"categories":[6,5],"tags":[644,643,428,624,353,236],"class_list":["post-40772","post","type-post","status-publish","format-standard","has-post-thumbnail","hentry","category-noticias","category-rede-publica","tag-buriti","tag-ceb","tag-opiniao","tag-privatizacao","tag-servico-publico","tag-ses"],"_links":{"self":[{"href":"https:\/\/sindenfermeiro.com.br\/index.php\/wp-json\/wp\/v2\/posts\/40772","targetHints":{"allow":["GET"]}}],"collection":[{"href":"https:\/\/sindenfermeiro.com.br\/index.php\/wp-json\/wp\/v2\/posts"}],"about":[{"href":"https:\/\/sindenfermeiro.com.br\/index.php\/wp-json\/wp\/v2\/types\/post"}],"author":[{"embeddable":true,"href":"https:\/\/sindenfermeiro.com.br\/index.php\/wp-json\/wp\/v2\/users\/6"}],"replies":[{"embeddable":true,"href":"https:\/\/sindenfermeiro.com.br\/index.php\/wp-json\/wp\/v2\/comments?post=40772"}],"version-history":[{"count":4,"href":"https:\/\/sindenfermeiro.com.br\/index.php\/wp-json\/wp\/v2\/posts\/40772\/revisions"}],"predecessor-version":[{"id":40777,"href":"https:\/\/sindenfermeiro.com.br\/index.php\/wp-json\/wp\/v2\/posts\/40772\/revisions\/40777"}],"wp:featuredmedia":[{"embeddable":true,"href":"https:\/\/sindenfermeiro.com.br\/index.php\/wp-json\/wp\/v2\/media\/40773"}],"wp:attachment":[{"href":"https:\/\/sindenfermeiro.com.br\/index.php\/wp-json\/wp\/v2\/media?parent=40772"}],"wp:term":[{"taxonomy":"category","embeddable":true,"href":"https:\/\/sindenfermeiro.com.br\/index.php\/wp-json\/wp\/v2\/categories?post=40772"},{"taxonomy":"post_tag","embeddable":true,"href":"https:\/\/sindenfermeiro.com.br\/index.php\/wp-json\/wp\/v2\/tags?post=40772"}],"curies":[{"name":"wp","href":"https:\/\/api.w.org\/{rel}","templated":true}]}}