{"id":40769,"date":"2020-11-26T11:04:48","date_gmt":"2020-11-26T14:04:48","guid":{"rendered":"https:\/\/sindenfermeiro.com.br\/?p=40769"},"modified":"2026-04-30T09:00:52","modified_gmt":"2026-04-30T12:00:52","slug":"13o-salario-tudo-que-voce-precisa-saber-sobre-o-beneficio","status":"publish","type":"post","link":"https:\/\/sindenfermeiro.com.br\/index.php\/2020\/11\/26\/13o-salario-tudo-que-voce-precisa-saber-sobre-o-beneficio\/","title":{"rendered":"13\u00ba Sal\u00e1rio: tudo que voc\u00ea precisa saber sobre o benef\u00edcio"},"content":{"rendered":"<p><img loading=\"lazy\" decoding=\"async\" class=\"aligncenter wp-image-40770 \" src=\"https:\/\/sindenfermeiro.com.br\/wp-content\/uploads\/2020\/11\/fa737cacb07c5334e7bc130e3dc369386fc00f71.png\" alt=\"\" width=\"675\" height=\"378\" srcset=\"https:\/\/sindenfermeiro.com.br\/wp-content\/uploads\/2020\/11\/fa737cacb07c5334e7bc130e3dc369386fc00f71.png 750w, https:\/\/sindenfermeiro.com.br\/wp-content\/uploads\/2020\/11\/fa737cacb07c5334e7bc130e3dc369386fc00f71-300x168.png 300w\" sizes=\"auto, (max-width: 675px) 100vw, 675px\" \/><\/p>\n<p><span style=\"font-size: 10pt\">Foto: reprodu\u00e7\u00e3o da internet\/Google imagens\u00a0<\/span><\/p>\n<p>Com o fim de ano chegando, a expectativa de todo trabalhador em receber o 13\u00ba sal\u00e1rio aumenta \u2013 afinal, quem n\u00e3o quer contar com aquela ajuda extra para quitar as d\u00edvidas que se multiplicaram nesse ano t\u00e3o at\u00edpico?<\/p>\n<p>Al\u00e9m disso, muitos trabalhadores tiveram os seus contratos de trabalho suspensos ou readequados atrav\u00e9s da redu\u00e7\u00e3o de jornada e de sal\u00e1rios, o que tem gerado muitas d\u00favidas sobre quando e quanto receber, entre outras quest\u00f5es. Por isso, o SindEnfermeiro preparou este guia para te ajudar a saber tudo sobre o benef\u00edcio!<\/p>\n<p><strong>Quando eu devo receber?<\/strong><\/p>\n<p>De acordo com a CLT, o pagamento deve ser realizado em duas parcelas \u2013 a primeira deve ser paga pelo empregador entre o dia 1\u00ba de fevereiro e 30 de novembro, e a segunda parcela at\u00e9 o dia 20 de dezembro. O valor tamb\u00e9m pode ser pago integralmente, desde que isso seja feito at\u00e9 o dia 30 de novembro.<\/p>\n<p>O n\u00e3o cumprimento das datas estabelecidas na lei \u00e9 considerado infra\u00e7\u00e3o grave, e pode levar ao pagamento de multa em caso de autua\u00e7\u00e3o \u2013 o valor \u00e9 de R$ 170,25. O empregador ainda fica sujeito a ressarcir o trabalhador com o pagamento da corre\u00e7\u00e3o monet\u00e1ria sobre os dias de atraso.<\/p>\n<p><strong>Valores e c\u00e1lculos<\/strong><\/p>\n<p>O 13\u00ba sal\u00e1rio \u00e9 proporcional aos meses trabalhados no decorrer do ano, e deve ser pago na porcentagem 50\/50 do sal\u00e1rio do trabalhador. No entanto, apenas a primeira parcela ser\u00e1 recebida integralmente, j\u00e1 que na segunda parcela s\u00e3o deduzidos os descontos e encargos trabalhistas como FGTS e INSS.<\/p>\n<p><strong><em>Para fazer o c\u00e1lculo dos valores a receber, basta utilizar o m\u00e9todo a seguir:<\/em><\/strong><\/p>\n<p>&#8211; Divida o valor integral do seu sal\u00e1rio pela quantidade de meses do ano;<\/p>\n<p>&#8211; Agora, multiplique o resultado pela quantidade de meses efetivamente trabalhados;<\/p>\n<p>&#8211; E por fim, calcule 50% do valor obtido para saber quanto voc\u00ea receber\u00e1 na primeira parcela.<\/p>\n<p><strong><em>Veja o exemplo:<\/em><\/strong><\/p>\n<ol>\n<li>R$ (sal\u00e1rio mensal) \u00f7 por 12 (12 meses do ano)<\/li>\n<li>R$ (resultado) x 12 (12 meses trabalhados)<\/li>\n<li>Valor da primeira parcela = R$ (sal\u00e1rio mensal) x 50%<\/li>\n<\/ol>\n<p>Benef\u00edcios como o adicional noturno, pagamento de horas extras e comiss\u00f5es tamb\u00e9m s\u00e3o somados ao valor do sal\u00e1rio base para o c\u00e1lculo do 13\u00ba sal\u00e1rio.<\/p>\n<p>No caso das horas extras, o c\u00e1lculo deve somar todas as horas extras feitas at\u00e9 outubro e dividir por 12. Depois disso, deve-se multiplicar o valor encontrado pelo custo da hora extra e somar ao sal\u00e1rio bruto \u2013 que vai ser usado para o c\u00e1lculo da primeira parcela do 13\u00ba. E por fim, para calcular a segunda parcela da mesma forma que a primeira parcela. Por\u00e9m, ap\u00f3s chegar ao resultado, subtraia o adiantamento e os e descontos dos encargos trabalhistas.<\/p>\n<p><strong>Agora que voc\u00ea j\u00e1 sabe tudo sobre o 13\u00ba sal\u00e1rio, \u00e9 s\u00f3 fazer as contas, planejar e sonhar com um 2021 um pouco mais tranquilo para todos!<\/strong><\/p>\n","protected":false},"excerpt":{"rendered":"<p>Foto: reprodu\u00e7\u00e3o da internet\/Google imagens\u00a0 Com o fim de ano chegando, a expectativa de todo trabalhador em receber o 13\u00ba sal\u00e1rio aumenta \u2013 afinal, quem n\u00e3o quer contar com aquela ajuda extra para quitar as d\u00edvidas que se multiplicaram nesse ano t\u00e3o at\u00edpico? Al\u00e9m disso, muitos trabalhadores tiveram os seus contratos de trabalho suspensos ou [&hellip;]<\/p>\n","protected":false},"author":6,"featured_media":40770,"comment_status":"open","ping_status":"open","sticky":false,"template":"","format":"standard","meta":{"footnotes":""},"categories":[334,6,13,5],"tags":[580,274,587],"class_list":["post-40769","post","type-post","status-publish","format-standard","has-post-thumbnail","hentry","category-juridico","category-noticias","category-rede-privada","category-rede-publica","tag-13o-salario","tag-clt","tag-direitos-do-trabalhador"],"_links":{"self":[{"href":"https:\/\/sindenfermeiro.com.br\/index.php\/wp-json\/wp\/v2\/posts\/40769","targetHints":{"allow":["GET"]}}],"collection":[{"href":"https:\/\/sindenfermeiro.com.br\/index.php\/wp-json\/wp\/v2\/posts"}],"about":[{"href":"https:\/\/sindenfermeiro.com.br\/index.php\/wp-json\/wp\/v2\/types\/post"}],"author":[{"embeddable":true,"href":"https:\/\/sindenfermeiro.com.br\/index.php\/wp-json\/wp\/v2\/users\/6"}],"replies":[{"embeddable":true,"href":"https:\/\/sindenfermeiro.com.br\/index.php\/wp-json\/wp\/v2\/comments?post=40769"}],"version-history":[{"count":4,"href":"https:\/\/sindenfermeiro.com.br\/index.php\/wp-json\/wp\/v2\/posts\/40769\/revisions"}],"predecessor-version":[{"id":41527,"href":"https:\/\/sindenfermeiro.com.br\/index.php\/wp-json\/wp\/v2\/posts\/40769\/revisions\/41527"}],"wp:featuredmedia":[{"embeddable":true,"href":"https:\/\/sindenfermeiro.com.br\/index.php\/wp-json\/wp\/v2\/media\/40770"}],"wp:attachment":[{"href":"https:\/\/sindenfermeiro.com.br\/index.php\/wp-json\/wp\/v2\/media?parent=40769"}],"wp:term":[{"taxonomy":"category","embeddable":true,"href":"https:\/\/sindenfermeiro.com.br\/index.php\/wp-json\/wp\/v2\/categories?post=40769"},{"taxonomy":"post_tag","embeddable":true,"href":"https:\/\/sindenfermeiro.com.br\/index.php\/wp-json\/wp\/v2\/tags?post=40769"}],"curies":[{"name":"wp","href":"https:\/\/api.w.org\/{rel}","templated":true}]}}