{"id":40766,"date":"2020-11-24T13:44:51","date_gmt":"2020-11-24T16:44:51","guid":{"rendered":"https:\/\/sindenfermeiro.com.br\/?p=40766"},"modified":"2026-04-26T22:40:43","modified_gmt":"2026-04-27T01:40:43","slug":"nota-de-pesar-jofran-frejat","status":"publish","type":"post","link":"https:\/\/sindenfermeiro.com.br\/index.php\/2020\/11\/24\/nota-de-pesar-jofran-frejat\/","title":{"rendered":"Nota de pesar: Jofran Frejat"},"content":{"rendered":"<p>O Sindicato dos Enfermeiros do Distrito Federal (SindEnfermeiro-DF) lamenta profundamente o falecimento do ex-secret\u00e1rio de Sa\u00fade Jofran Frejat e deixa as suas condol\u00eancias a todos os familiares, amigos e colegas.<\/p>\n<p>Seu compromisso com a sa\u00fade do Distrito Federal \u00e9 um legado que jamais ser\u00e1 esquecido. Na vida p\u00fablica atuou como secret\u00e1rio de Sa\u00fade por quatro vezes e representou o DF na C\u00e2mara Federal por cinco mandatos.<\/p>\n<p>N\u00e3o podemos esquecer as contribui\u00e7\u00f5es de Frejat na reformula\u00e7\u00e3o do sistema p\u00fablico de sa\u00fade do Distrito Federal, al\u00e9m disso, ele tamb\u00e9m foi um dos respons\u00e1veis pela cria\u00e7\u00e3o da Escola Superior de Ci\u00eancias da Sa\u00fade (ESCS).<\/p>\n<p>Seu exemplo e dedica\u00e7\u00e3o \u00e0 sa\u00fade do DF n\u00e3o ser\u00e3o esquecidos. Muito obrigado!<\/p>\n","protected":false},"excerpt":{"rendered":"<p>O Sindicato dos Enfermeiros do Distrito Federal (SindEnfermeiro-DF) lamenta profundamente o falecimento do ex-secret\u00e1rio de Sa\u00fade Jofran Frejat e deixa as suas condol\u00eancias a todos os familiares, amigos e colegas. Seu compromisso com a sa\u00fade do Distrito Federal \u00e9 um legado que jamais ser\u00e1 esquecido. Na vida p\u00fablica atuou como secret\u00e1rio de Sa\u00fade por quatro [&hellip;]<\/p>\n","protected":false},"author":6,"featured_media":40767,"comment_status":"open","ping_status":"open","sticky":false,"template":"","format":"standard","meta":{"footnotes":""},"categories":[6,13,5],"tags":[7,642,641,149,236,21],"class_list":["post-40766","post","type-post","status-publish","format-standard","has-post-thumbnail","hentry","category-noticias","category-rede-privada","category-rede-publica","tag-enfermagem","tag-ex-secretario","tag-frejat","tag-nota-de-pesar","tag-ses","tag-sindenfermeiro"],"_links":{"self":[{"href":"https:\/\/sindenfermeiro.com.br\/index.php\/wp-json\/wp\/v2\/posts\/40766","targetHints":{"allow":["GET"]}}],"collection":[{"href":"https:\/\/sindenfermeiro.com.br\/index.php\/wp-json\/wp\/v2\/posts"}],"about":[{"href":"https:\/\/sindenfermeiro.com.br\/index.php\/wp-json\/wp\/v2\/types\/post"}],"author":[{"embeddable":true,"href":"https:\/\/sindenfermeiro.com.br\/index.php\/wp-json\/wp\/v2\/users\/6"}],"replies":[{"embeddable":true,"href":"https:\/\/sindenfermeiro.com.br\/index.php\/wp-json\/wp\/v2\/comments?post=40766"}],"version-history":[{"count":1,"href":"https:\/\/sindenfermeiro.com.br\/index.php\/wp-json\/wp\/v2\/posts\/40766\/revisions"}],"predecessor-version":[{"id":40768,"href":"https:\/\/sindenfermeiro.com.br\/index.php\/wp-json\/wp\/v2\/posts\/40766\/revisions\/40768"}],"wp:featuredmedia":[{"embeddable":true,"href":"https:\/\/sindenfermeiro.com.br\/index.php\/wp-json\/wp\/v2\/media\/40767"}],"wp:attachment":[{"href":"https:\/\/sindenfermeiro.com.br\/index.php\/wp-json\/wp\/v2\/media?parent=40766"}],"wp:term":[{"taxonomy":"category","embeddable":true,"href":"https:\/\/sindenfermeiro.com.br\/index.php\/wp-json\/wp\/v2\/categories?post=40766"},{"taxonomy":"post_tag","embeddable":true,"href":"https:\/\/sindenfermeiro.com.br\/index.php\/wp-json\/wp\/v2\/tags?post=40766"}],"curies":[{"name":"wp","href":"https:\/\/api.w.org\/{rel}","templated":true}]}}