{"id":40745,"date":"2020-11-19T11:24:11","date_gmt":"2020-11-19T14:24:11","guid":{"rendered":"https:\/\/sindenfermeiro.com.br\/?p=40745"},"modified":"2026-04-26T22:42:56","modified_gmt":"2026-04-27T01:42:56","slug":"sindenfermeiro-entra-com-pedido-de-participacao-como-terceiro-interessado-em-acao-que-questiona-legalidade-do-iges-df","status":"publish","type":"post","link":"https:\/\/sindenfermeiro.com.br\/index.php\/2020\/11\/19\/sindenfermeiro-entra-com-pedido-de-participacao-como-terceiro-interessado-em-acao-que-questiona-legalidade-do-iges-df\/","title":{"rendered":"SindEnfermeiro entra com pedido de participa\u00e7\u00e3o como terceiro interessado em a\u00e7\u00e3o que questiona legalidade do IGES-DF"},"content":{"rendered":"<p><img loading=\"lazy\" decoding=\"async\" class=\"aligncenter wp-image-40639 \" src=\"https:\/\/sindenfermeiro.com.br\/wp-content\/uploads\/2020\/11\/230719-RS-Fachadas-em-Brasi\u0301lia58-960x640-1.jpg\" alt=\"\" width=\"668\" height=\"446\" srcset=\"https:\/\/sindenfermeiro.com.br\/wp-content\/uploads\/2020\/11\/230719-RS-Fachadas-em-Brasi\u0301lia58-960x640-1.jpg 960w, https:\/\/sindenfermeiro.com.br\/wp-content\/uploads\/2020\/11\/230719-RS-Fachadas-em-Brasi\u0301lia58-960x640-1-300x200.jpg 300w, https:\/\/sindenfermeiro.com.br\/wp-content\/uploads\/2020\/11\/230719-RS-Fachadas-em-Brasi\u0301lia58-960x640-1-768x512.jpg 768w\" sizes=\"auto, (max-width: 668px) 100vw, 668px\" \/><\/p>\n<p><span style=\"font-size: 10pt\">Foto: reprodu\u00e7\u00e3o da internet\/Google imagens<\/span><\/p>\n<p>O Sindicato dos Enfermeiros do Distrito Federal (SindEnfermeiro-DF) protocolou, na tarde de ontem (18), o pedido para participar da a\u00e7\u00e3o direta de inconstitucionalidade (ADI) que est\u00e1 tramitando no Supremo Tribunal Federal (STF) para avaliar a legalidade da cria\u00e7\u00e3o do Instituto de Gest\u00e3o Estrat\u00e9gica da Sa\u00fade (IGES-DF).<\/p>\n<p>A a\u00e7\u00e3o, movida pelo partido Rede Sustentabilidade, alega que o instituto viola a Constitui\u00e7\u00e3o Federal ao administrar toda a aten\u00e7\u00e3o secund\u00e1ria de sa\u00fade do DF, inclusive tendo a exclusividade para a constru\u00e7\u00e3o de novas Unidades de Pronto Atendimento (UPAs).<\/p>\n<p>Desde o in\u00edcio das discuss\u00f5es, o sindicato foi contra a cria\u00e7\u00e3o do instituto, e deseja participar da ADI como \u201camicus curiae\u201d \u2013 ou terceiro interessado. Um dos argumentos para o pedido vem dos diversos problemas enfrentados pelas enfermeiras e enfermeiros que atuam pelo IGES desde sua cria\u00e7\u00e3o, em janeiro de 2019.<\/p>\n<p>Outro ponto abordado ressalta que, ao longo do tempo, foram constatados v\u00e1rios ind\u00edcios de que \u201co atual modelo de gest\u00e3o, al\u00e9m de facilitar a implementa\u00e7\u00e3o da corrup\u00e7\u00e3o na sa\u00fade p\u00fablica do DF, n\u00e3o trouxe nenhuma efici\u00eancia ou melhoria no atendimento da popula\u00e7\u00e3o\u201d.<\/p>\n<p>O SindEnfermeiro vai acompanhar de parto cada passo desta a\u00e7\u00e3o, e reafirma que n\u00e3o abre m\u00e3o do seu papel em defesa de um sistema de sa\u00fade p\u00fablico cada vez mais fortalecido, sendo totalmente contr\u00e1rio \u00e0 privatiza\u00e7\u00e3o de um direito b\u00e1sico de toda a popula\u00e7\u00e3o \u2013 afinal, sa\u00fade n\u00e3o \u00e9 uma mercadoria.<\/p>\n","protected":false},"excerpt":{"rendered":"<p>Foto: reprodu\u00e7\u00e3o da internet\/Google imagens O Sindicato dos Enfermeiros do Distrito Federal (SindEnfermeiro-DF) protocolou, na tarde de ontem (18), o pedido para participar da a\u00e7\u00e3o direta de inconstitucionalidade (ADI) que est\u00e1 tramitando no Supremo Tribunal Federal (STF) para avaliar a legalidade da cria\u00e7\u00e3o do Instituto de Gest\u00e3o Estrat\u00e9gica da Sa\u00fade (IGES-DF). A a\u00e7\u00e3o, movida pelo [&hellip;]<\/p>\n","protected":false},"author":6,"featured_media":40639,"comment_status":"open","ping_status":"open","sticky":false,"template":"","format":"standard","meta":{"footnotes":""},"categories":[6,13,5],"tags":[638,120,310,21,281],"class_list":["post-40745","post","type-post","status-publish","format-standard","has-post-thumbnail","hentry","category-noticias","category-rede-privada","category-rede-publica","tag-adi","tag-gdf","tag-iges","tag-sindenfermeiro","tag-stf"],"_links":{"self":[{"href":"https:\/\/sindenfermeiro.com.br\/index.php\/wp-json\/wp\/v2\/posts\/40745","targetHints":{"allow":["GET"]}}],"collection":[{"href":"https:\/\/sindenfermeiro.com.br\/index.php\/wp-json\/wp\/v2\/posts"}],"about":[{"href":"https:\/\/sindenfermeiro.com.br\/index.php\/wp-json\/wp\/v2\/types\/post"}],"author":[{"embeddable":true,"href":"https:\/\/sindenfermeiro.com.br\/index.php\/wp-json\/wp\/v2\/users\/6"}],"replies":[{"embeddable":true,"href":"https:\/\/sindenfermeiro.com.br\/index.php\/wp-json\/wp\/v2\/comments?post=40745"}],"version-history":[{"count":3,"href":"https:\/\/sindenfermeiro.com.br\/index.php\/wp-json\/wp\/v2\/posts\/40745\/revisions"}],"predecessor-version":[{"id":41551,"href":"https:\/\/sindenfermeiro.com.br\/index.php\/wp-json\/wp\/v2\/posts\/40745\/revisions\/41551"}],"wp:featuredmedia":[{"embeddable":true,"href":"https:\/\/sindenfermeiro.com.br\/index.php\/wp-json\/wp\/v2\/media\/40639"}],"wp:attachment":[{"href":"https:\/\/sindenfermeiro.com.br\/index.php\/wp-json\/wp\/v2\/media?parent=40745"}],"wp:term":[{"taxonomy":"category","embeddable":true,"href":"https:\/\/sindenfermeiro.com.br\/index.php\/wp-json\/wp\/v2\/categories?post=40745"},{"taxonomy":"post_tag","embeddable":true,"href":"https:\/\/sindenfermeiro.com.br\/index.php\/wp-json\/wp\/v2\/tags?post=40745"}],"curies":[{"name":"wp","href":"https:\/\/api.w.org\/{rel}","templated":true}]}}