{"id":40725,"date":"2020-11-16T18:00:21","date_gmt":"2020-11-16T21:00:21","guid":{"rendered":"https:\/\/sindenfermeiro.com.br\/?p=40725"},"modified":"2026-04-26T22:45:12","modified_gmt":"2026-04-27T01:45:12","slug":"apos-acao-civil-publica-ajuizada-pelo-sindenfermeiro-justica-determina-que-icdf-pague-enfermeiros","status":"publish","type":"post","link":"https:\/\/sindenfermeiro.com.br\/index.php\/2020\/11\/16\/apos-acao-civil-publica-ajuizada-pelo-sindenfermeiro-justica-determina-que-icdf-pague-enfermeiros\/","title":{"rendered":"Ap\u00f3s A\u00e7\u00e3o Civil P\u00fablica ajuizada pelo SindEnfermeiro , Justi\u00e7a determina que ICDF pague enfermeiros"},"content":{"rendered":"<p style=\"text-align: justify\">O Tribunal Regional do Trabalho da 10\u00aa Regi\u00e3o determinou que o Instituto de Cardiologia do Distrito Federal (ICDF) efetue o pagamento dos sal\u00e1rios atrasados de todos os trabalhadores da institui\u00e7\u00e3o em at\u00e9 48 horas. A decis\u00e3o foi proferida nesta segunda-feira (16), ap\u00f3s o SindEnfermeiro-DF ter protocolado uma A\u00e7\u00e3o Civil P\u00fablica solicitando o pagamento dos sal\u00e1rios em atraso.<\/p>\n<p style=\"text-align: justify\">Na a\u00e7\u00e3o, o sindicado exp\u00f4s toda a situa\u00e7\u00e3o enfrentada pelos enfermeiros do ICDF: o pagamentos dos vencimentos de outubro com mais de 15 dias de atraso, demora no deposito do vale alimenta\u00e7\u00e3o e o atraso no sal\u00e1rio de novembro \u2013 que at\u00e9 hoje (16) n\u00e3o foi efetuado.<\/p>\n<p style=\"text-align: justify\">A Justi\u00e7a concedeu por meio de liminar um prazo de tr\u00eas dias para que a institui\u00e7\u00e3o comprove o pagamento dos sal\u00e1rios, caso isso n\u00e3o ocorra, o ICDF pagar\u00e1 uma multa di\u00e1ria de 10 mil reais pelo n\u00e3o cumprimento da decis\u00e3o judicial. O instituto foi notificado da decis\u00e3o judicial. O prazo para o pagamento \u00e9 at\u00e9 a pr\u00f3xima quinta-feira (19).<\/p>\n<p style=\"text-align: justify\">O Sindicato dos Enfermeiros tamb\u00e9m protocolou nesta segunda, um pedido de media\u00e7\u00e3o junto ao Minist\u00e9rio P\u00fablico do Trabalho (MPT). O intuito desse pedido \u00e9 realizar uma audi\u00eancia entre sindicato, Secretaria de Sa\u00fade e ICDF, mediada\u00a0 pelo MPT, visando sanar o impasse vivido pelos enfermeiros da institui\u00e7\u00e3o.<\/p>\n","protected":false},"excerpt":{"rendered":"<p>O Tribunal Regional do Trabalho da 10\u00aa Regi\u00e3o determinou que o Instituto de Cardiologia do Distrito Federal (ICDF) efetue o pagamento dos sal\u00e1rios atrasados de todos os trabalhadores da institui\u00e7\u00e3o em at\u00e9 48 horas. A decis\u00e3o foi proferida nesta segunda-feira (16), ap\u00f3s o SindEnfermeiro-DF ter protocolado uma A\u00e7\u00e3o Civil P\u00fablica solicitando o pagamento dos sal\u00e1rios [&hellip;]<\/p>\n","protected":false},"author":6,"featured_media":40495,"comment_status":"open","ping_status":"open","sticky":false,"template":"","format":"standard","meta":{"footnotes":""},"categories":[6,13,5],"tags":[594,56],"class_list":["post-40725","post","type-post","status-publish","format-standard","has-post-thumbnail","hentry","category-noticias","category-rede-privada","category-rede-publica","tag-icdf","tag-sindicato"],"_links":{"self":[{"href":"https:\/\/sindenfermeiro.com.br\/index.php\/wp-json\/wp\/v2\/posts\/40725","targetHints":{"allow":["GET"]}}],"collection":[{"href":"https:\/\/sindenfermeiro.com.br\/index.php\/wp-json\/wp\/v2\/posts"}],"about":[{"href":"https:\/\/sindenfermeiro.com.br\/index.php\/wp-json\/wp\/v2\/types\/post"}],"author":[{"embeddable":true,"href":"https:\/\/sindenfermeiro.com.br\/index.php\/wp-json\/wp\/v2\/users\/6"}],"replies":[{"embeddable":true,"href":"https:\/\/sindenfermeiro.com.br\/index.php\/wp-json\/wp\/v2\/comments?post=40725"}],"version-history":[{"count":10,"href":"https:\/\/sindenfermeiro.com.br\/index.php\/wp-json\/wp\/v2\/posts\/40725\/revisions"}],"predecessor-version":[{"id":40735,"href":"https:\/\/sindenfermeiro.com.br\/index.php\/wp-json\/wp\/v2\/posts\/40725\/revisions\/40735"}],"wp:featuredmedia":[{"embeddable":true,"href":"https:\/\/sindenfermeiro.com.br\/index.php\/wp-json\/wp\/v2\/media\/40495"}],"wp:attachment":[{"href":"https:\/\/sindenfermeiro.com.br\/index.php\/wp-json\/wp\/v2\/media?parent=40725"}],"wp:term":[{"taxonomy":"category","embeddable":true,"href":"https:\/\/sindenfermeiro.com.br\/index.php\/wp-json\/wp\/v2\/categories?post=40725"},{"taxonomy":"post_tag","embeddable":true,"href":"https:\/\/sindenfermeiro.com.br\/index.php\/wp-json\/wp\/v2\/tags?post=40725"}],"curies":[{"name":"wp","href":"https:\/\/api.w.org\/{rel}","templated":true}]}}