{"id":40722,"date":"2020-11-16T14:41:36","date_gmt":"2020-11-16T17:41:36","guid":{"rendered":"https:\/\/sindenfermeiro.com.br\/?p=40722"},"modified":"2026-04-26T23:48:43","modified_gmt":"2026-04-27T02:48:43","slug":"apos-assembleia-com-trabalhadores-sindenfermeiro-entra-com-acao-civil-publica-contra-icdf-por-atrasos-salariais","status":"publish","type":"post","link":"https:\/\/sindenfermeiro.com.br\/index.php\/2020\/11\/16\/apos-assembleia-com-trabalhadores-sindenfermeiro-entra-com-acao-civil-publica-contra-icdf-por-atrasos-salariais\/","title":{"rendered":"Ap\u00f3s assembleia com trabalhadores, SindEnfermeiro entra com a\u00e7\u00e3o civil p\u00fablica contra ICDF por atrasos salariais"},"content":{"rendered":"<p><img loading=\"lazy\" decoding=\"async\" class=\"aligncenter wp-image-40723 \" src=\"https:\/\/sindenfermeiro.com.br\/wp-content\/uploads\/2020\/11\/galeria-1-5afb3928d4734-1024x537.jpg\" alt=\"\" width=\"644\" height=\"338\" srcset=\"https:\/\/sindenfermeiro.com.br\/wp-content\/uploads\/2020\/11\/galeria-1-5afb3928d4734-1024x537.jpg 1024w, https:\/\/sindenfermeiro.com.br\/wp-content\/uploads\/2020\/11\/galeria-1-5afb3928d4734-300x157.jpg 300w, https:\/\/sindenfermeiro.com.br\/wp-content\/uploads\/2020\/11\/galeria-1-5afb3928d4734-768x402.jpg 768w, https:\/\/sindenfermeiro.com.br\/wp-content\/uploads\/2020\/11\/galeria-1-5afb3928d4734-1536x805.jpg 1536w, https:\/\/sindenfermeiro.com.br\/wp-content\/uploads\/2020\/11\/galeria-1-5afb3928d4734-2048x1073.jpg 2048w\" sizes=\"auto, (max-width: 644px) 100vw, 644px\" \/><\/p>\n<p><span style=\"font-size: 10pt\">Foto: reprodu\u00e7\u00e3o da internet\/Google imagens\u00a0<\/span><\/p>\n<p>Na manh\u00e3 de hoje (16), o Sindicato dos Enfermeiros do Distrito Federal (SindEnfermeiro-DF) reuniu em assembleia presencial os trabalhadores do Instituto de Cardiologia do Distrito Federal (ICDF), com o objetivo de discutir e apresentar as a\u00e7\u00f5es tomadas pelo sindicato em rela\u00e7\u00e3o aos problemas enfrentados na unidade.<\/p>\n<p>A presidente Dayse Amar\u00edlio e o secret\u00e1rio-geral do sindicato, Jorge Henrique, estiveram presentes na assembleia e conversaram com os profissionais sobre a reuni\u00e3o realizada com a diretoria do instituto, membros da Secretaria de Sa\u00fade (SES-DF) e do SindEnfermeiro para resolver o impasse dos sal\u00e1rios e do vale-alimenta\u00e7\u00e3o atrasados.<\/p>\n<p>Tamb\u00e9m foi apresentada aos trabalhadores a a\u00e7\u00e3o civil p\u00fablica impetrada na \u00faltima sexta-feira (13) contra o ICDF, para que sejam corrigidos os recorrentes problemas de atrasos salariais. E na tarde de hoje, a diretoria do instituto vai participar de nova reuni\u00e3o com o SindEnfermeiro para discutir a situa\u00e7\u00e3o que j\u00e1 se arrasta desde o in\u00edcio de outubro \u2013 quando os trabalhadores denunciaram a falta de pagamento dos sal\u00e1rios, bem como o atraso do vale-alimenta\u00e7\u00e3o.<\/p>\n<p><strong>Entenda a a\u00e7\u00e3o contra o ICDF<\/strong><\/p>\n<p>A a\u00e7\u00e3o impetrada pelo sindicato solicita o pagamento dos sal\u00e1rios atrasados em at\u00e9 48 horas, sob pena de bloqueio das contas para saldar os d\u00e9bitos junto aos colaboradores, al\u00e9m de multa di\u00e1ria de R$ 10 mil \u2013 que deve ser revertida em favor de iniciativas que privilegiem o trabalho da enfermagem. O ICDF tamb\u00e9m ter\u00e1 que pagar uma multa de 10% referente ao atraso salarial do m\u00eas de outubro, com a devida corre\u00e7\u00e3o monet\u00e1ria.<\/p>\n<p>No documento, tamb\u00e9m consta que o instituto deve se responsabilizar em n\u00e3o cometer qualquer pr\u00e1tica de coa\u00e7\u00e3o, orienta\u00e7\u00e3o ou sugest\u00e3o com o objetivo de fazer com que os empregados assinem contracheques com data retroativa ou em branco. Para cada irregularidade do tipo constatada, ser\u00e1 aplicada multa no valor de R$ 5 mil.<\/p>\n<p>Outro ponto destacado trata dos danos coletivos j\u00e1 causados em virtude dos atrasos salariais \u2013 que tem levado v\u00e1rias fam\u00edlias a uma situa\u00e7\u00e3o financeira delicada em plena pandemia. A a\u00e7\u00e3o solicita ao ICDF o pagamento de R$ 100 mil de indeniza\u00e7\u00e3o, corrigido monetariamente enquanto o valor n\u00e3o for devidamente pago.<\/p>\n<p>O SindEnfermeiro disponibiliza todos os seus canais de comunica\u00e7\u00e3o para os devidos esclarecimentos, garantindo ao ICDF o pleno direito de defesa. No entanto, o sindicato estar\u00e1 atento a todos os desdobramentos, e reafirma o seu compromisso inegoci\u00e1vel de defender o direito de cada enfermeira e enfermeiro do Distrito Federal.<\/p>\n","protected":false},"excerpt":{"rendered":"<p>Foto: reprodu\u00e7\u00e3o da internet\/Google imagens\u00a0 Na manh\u00e3 de hoje (16), o Sindicato dos Enfermeiros do Distrito Federal (SindEnfermeiro-DF) reuniu em assembleia presencial os trabalhadores do Instituto de Cardiologia do Distrito Federal (ICDF), com o objetivo de discutir e apresentar as a\u00e7\u00f5es tomadas pelo sindicato em rela\u00e7\u00e3o aos problemas enfrentados na unidade. A presidente Dayse Amar\u00edlio [&hellip;]<\/p>\n","protected":false},"author":6,"featured_media":40723,"comment_status":"open","ping_status":"open","sticky":false,"template":"","format":"standard","meta":{"footnotes":""},"categories":[6,13],"tags":[635,413,636,594,236],"class_list":["post-40722","post","type-post","status-publish","format-standard","has-post-thumbnail","hentry","category-noticias","category-rede-privada","tag-acao-civil-publica","tag-assembleia","tag-atrasos-salariais","tag-icdf","tag-ses"],"_links":{"self":[{"href":"https:\/\/sindenfermeiro.com.br\/index.php\/wp-json\/wp\/v2\/posts\/40722","targetHints":{"allow":["GET"]}}],"collection":[{"href":"https:\/\/sindenfermeiro.com.br\/index.php\/wp-json\/wp\/v2\/posts"}],"about":[{"href":"https:\/\/sindenfermeiro.com.br\/index.php\/wp-json\/wp\/v2\/types\/post"}],"author":[{"embeddable":true,"href":"https:\/\/sindenfermeiro.com.br\/index.php\/wp-json\/wp\/v2\/users\/6"}],"replies":[{"embeddable":true,"href":"https:\/\/sindenfermeiro.com.br\/index.php\/wp-json\/wp\/v2\/comments?post=40722"}],"version-history":[{"count":3,"href":"https:\/\/sindenfermeiro.com.br\/index.php\/wp-json\/wp\/v2\/posts\/40722\/revisions"}],"predecessor-version":[{"id":41537,"href":"https:\/\/sindenfermeiro.com.br\/index.php\/wp-json\/wp\/v2\/posts\/40722\/revisions\/41537"}],"wp:featuredmedia":[{"embeddable":true,"href":"https:\/\/sindenfermeiro.com.br\/index.php\/wp-json\/wp\/v2\/media\/40723"}],"wp:attachment":[{"href":"https:\/\/sindenfermeiro.com.br\/index.php\/wp-json\/wp\/v2\/media?parent=40722"}],"wp:term":[{"taxonomy":"category","embeddable":true,"href":"https:\/\/sindenfermeiro.com.br\/index.php\/wp-json\/wp\/v2\/categories?post=40722"},{"taxonomy":"post_tag","embeddable":true,"href":"https:\/\/sindenfermeiro.com.br\/index.php\/wp-json\/wp\/v2\/tags?post=40722"}],"curies":[{"name":"wp","href":"https:\/\/api.w.org\/{rel}","templated":true}]}}