{"id":40699,"date":"2020-11-06T14:42:38","date_gmt":"2020-11-06T17:42:38","guid":{"rendered":"https:\/\/sindenfermeiro.com.br\/?p=40699"},"modified":"2026-04-30T09:02:56","modified_gmt":"2026-04-30T12:02:56","slug":"atencao-enfermeiros-voce-pode-estar-no-grupo-de-beneficiados-desta-acao-coletiva-da-gtit","status":"publish","type":"post","link":"https:\/\/sindenfermeiro.com.br\/index.php\/2020\/11\/06\/atencao-enfermeiros-voce-pode-estar-no-grupo-de-beneficiados-desta-acao-coletiva-da-gtit\/","title":{"rendered":"ATEN\u00c7\u00c3O ENFERMEIROS: VOC\u00ca PODE ESTAR NO GRUPO DE BENEFICIADOS DESTA A\u00c7\u00c3O COLETIVA DA GTIT"},"content":{"rendered":"<p style=\"text-align: justify\">O Sindicato dos Enfermeiros do Distrito Federal (SindEnfermeiro-DF) promoveu uma a\u00e7\u00e3o em benef\u00edcio dos seus sindicalizados com a inten\u00e7\u00e3o de que o GDF implementasse a Gratifica\u00e7\u00e3o de Titula\u00e7\u00e3o \u00a0(GTIT) e que \u00a0efetuasse os pagamentos retroativos\u00a0 &#8211; para os servidores que tenham direito.<\/p>\n<p style=\"text-align: justify\">Por isso, se voc\u00ea \u00e9 enfermeiro sindicalizado e em algum momento ficou sem receber parcial ou a totalmente a com a mudan\u00e7as das regras de concess\u00e3o, fique atento, pois <strong>os pedidos de nossa a\u00e7\u00e3o foram julgados procedentes e j\u00e1 n\u00e3o cabe mais recurso da senten\u00e7a.<\/strong><\/p>\n<p style=\"text-align: justify\">Agora, \u00e9 necess\u00e1rio promover o cumprimento da senten\u00e7a e apurar os valores que cada trabalhador ter\u00e1 direito.<\/p>\n<p style=\"text-align: justify\">Se voc\u00ea \u00e9 servidor e recebe a GTIT, ficou sem receber a gratifica\u00e7\u00e3o por algum per\u00edodo ou j\u00e1 apresentou requerimento administrativo solicitando o pagamento, procure o SindEnfermeiro para que os valores sejam apurados.<\/p>\n<p style=\"text-align: justify\"><strong>Envie os documentos abaixo para <a href=\"mailto:titulacaosedf@gmail.com\">titulacaosedf@gmail.com<\/a> ou entre em contato pelo telefone (61) 3447-9697<\/strong><\/p>\n<p style=\"text-align: justify\">\u00a0(i) documentos pessoais do servidor;<\/p>\n<p style=\"text-align: justify\">(ii) comprovante de resid\u00eancia com o nome do servidor;<\/p>\n<p style=\"text-align: justify\">(iii) procura\u00e7\u00e3o e<\/p>\n<p style=\"text-align: justify\">(iv) declara\u00e7\u00e3o de hipossufici\u00eancia.<\/p>\n<p style=\"text-align: justify\">(v) contracheque atual<\/p>\n<p style=\"text-align: justify\">(vi) pedido administrativo do pagamento da gratifica\u00e7\u00e3o por titula\u00e7\u00e3o (se houver)<\/p>\n<p style=\"text-align: justify\">(vii) comprovantes certificados dos cursos que d\u00e3o o direito \u00e0 gratifica\u00e7\u00e3o.<\/p>\n","protected":false},"excerpt":{"rendered":"<p>O Sindicato dos Enfermeiros do Distrito Federal (SindEnfermeiro-DF) promoveu uma a\u00e7\u00e3o em benef\u00edcio dos seus sindicalizados com a inten\u00e7\u00e3o de que o GDF implementasse a Gratifica\u00e7\u00e3o de Titula\u00e7\u00e3o \u00a0(GTIT) e que \u00a0efetuasse os pagamentos retroativos\u00a0 &#8211; para os servidores que tenham direito. Por isso, se voc\u00ea \u00e9 enfermeiro sindicalizado e em algum momento ficou sem [&hellip;]<\/p>\n","protected":false},"author":6,"featured_media":40700,"comment_status":"open","ping_status":"open","sticky":false,"template":"","format":"standard","meta":{"footnotes":""},"categories":[334,6,5],"tags":[7,54,633,634,632,236,81,21],"class_list":["post-40699","post","type-post","status-publish","format-standard","has-post-thumbnail","hentry","category-juridico","category-noticias","category-rede-publica","tag-enfermagem","tag-enfermeiros","tag-gratificacao","tag-gratificacao-por-titulacao","tag-gtit","tag-ses","tag-ses-df","tag-sindenfermeiro"],"_links":{"self":[{"href":"https:\/\/sindenfermeiro.com.br\/index.php\/wp-json\/wp\/v2\/posts\/40699","targetHints":{"allow":["GET"]}}],"collection":[{"href":"https:\/\/sindenfermeiro.com.br\/index.php\/wp-json\/wp\/v2\/posts"}],"about":[{"href":"https:\/\/sindenfermeiro.com.br\/index.php\/wp-json\/wp\/v2\/types\/post"}],"author":[{"embeddable":true,"href":"https:\/\/sindenfermeiro.com.br\/index.php\/wp-json\/wp\/v2\/users\/6"}],"replies":[{"embeddable":true,"href":"https:\/\/sindenfermeiro.com.br\/index.php\/wp-json\/wp\/v2\/comments?post=40699"}],"version-history":[{"count":4,"href":"https:\/\/sindenfermeiro.com.br\/index.php\/wp-json\/wp\/v2\/posts\/40699\/revisions"}],"predecessor-version":[{"id":40704,"href":"https:\/\/sindenfermeiro.com.br\/index.php\/wp-json\/wp\/v2\/posts\/40699\/revisions\/40704"}],"wp:featuredmedia":[{"embeddable":true,"href":"https:\/\/sindenfermeiro.com.br\/index.php\/wp-json\/wp\/v2\/media\/40700"}],"wp:attachment":[{"href":"https:\/\/sindenfermeiro.com.br\/index.php\/wp-json\/wp\/v2\/media?parent=40699"}],"wp:term":[{"taxonomy":"category","embeddable":true,"href":"https:\/\/sindenfermeiro.com.br\/index.php\/wp-json\/wp\/v2\/categories?post=40699"},{"taxonomy":"post_tag","embeddable":true,"href":"https:\/\/sindenfermeiro.com.br\/index.php\/wp-json\/wp\/v2\/tags?post=40699"}],"curies":[{"name":"wp","href":"https:\/\/api.w.org\/{rel}","templated":true}]}}