{"id":40607,"date":"2020-10-28T15:12:33","date_gmt":"2020-10-28T18:12:33","guid":{"rendered":"https:\/\/sindenfermeiro.com.br\/?p=40607"},"modified":"2026-04-27T02:54:36","modified_gmt":"2026-04-27T05:54:36","slug":"trabalhadores-da-ubs-5-de-taguatinga-protestam-contra-privatizacao-da-atencao-basica","status":"publish","type":"post","link":"https:\/\/sindenfermeiro.com.br\/index.php\/2020\/10\/28\/trabalhadores-da-ubs-5-de-taguatinga-protestam-contra-privatizacao-da-atencao-basica\/","title":{"rendered":"Trabalhadores da UBS 5 de Taguatinga protestam contra privatiza\u00e7\u00e3o da aten\u00e7\u00e3o b\u00e1sica"},"content":{"rendered":"<p><img loading=\"lazy\" decoding=\"async\" class=\"aligncenter wp-image-40609 \" src=\"https:\/\/sindenfermeiro.com.br\/wp-content\/uploads\/2020\/10\/WhatsApp-Image-2020-10-28-at-13.08.44-1024x576.jpeg\" alt=\"\" width=\"697\" height=\"392\" srcset=\"https:\/\/sindenfermeiro.com.br\/wp-content\/uploads\/2020\/10\/WhatsApp-Image-2020-10-28-at-13.08.44-1024x576.jpeg 1024w, https:\/\/sindenfermeiro.com.br\/wp-content\/uploads\/2020\/10\/WhatsApp-Image-2020-10-28-at-13.08.44-300x169.jpeg 300w, https:\/\/sindenfermeiro.com.br\/wp-content\/uploads\/2020\/10\/WhatsApp-Image-2020-10-28-at-13.08.44-768x432.jpeg 768w, https:\/\/sindenfermeiro.com.br\/wp-content\/uploads\/2020\/10\/WhatsApp-Image-2020-10-28-at-13.08.44.jpeg 1280w\" sizes=\"auto, (max-width: 697px) 100vw, 697px\" \/><\/p>\n<p>Na manh\u00e3 de hoje (28), Dia do Servidor P\u00fablico, os profissionais que atuam na Unidade B\u00e1sica de Sa\u00fade (UBS) n\u00ba 5 de Taguatinga, resolveram protestar contra o decreto assinado ontem (27) pelo presidente da Rep\u00fablica, Jair Bolsonaro, e pelo ministro da Economia Paulo Guedes \u2013 que prev\u00ea a cria\u00e7\u00e3o de um grupo de estudos que viabilize a privatiza\u00e7\u00e3o dos servi\u00e7os de aten\u00e7\u00e3o b\u00e1sica em sa\u00fade no \u00e2mbito federal.<\/p>\n<p>O movimento, formado por trabalhadores de diversos setores da unidade, contou com a participa\u00e7\u00e3o da diretora do SindEnfermeiro, Ursula Nepomoceno \u2013 que atua na UBS, al\u00e9m do apoio de muitos pacientes que, ao chegarem para ser atendidos, se depararam com a manifesta\u00e7\u00e3o dos profissionais.<\/p>\n<p>Em frente \u00e0 unidade, os servidores empunharam cartazes e discursaram para as pessoas que passavam pelo local, pedindo maior aten\u00e7\u00e3o do Estado com a aten\u00e7\u00e3o b\u00e1sica, valoriza\u00e7\u00e3o e melhores condi\u00e7\u00f5es de trabalho para os profissionais, al\u00e9m de refor\u00e7ar a luta contra a privatiza\u00e7\u00e3o do Sistema \u00danico de Sa\u00fade (SUS).<\/p>\n<p>Para \u00darsula, \u201cessa foi uma maneira que os servidores encontraram de se manifestar frente a este \u201cgrande\u201d presente que o governo deu aos trabalhadores, justo no Dia do Servidor\u201d, afirmou.<\/p>\n<p>Projeto abre brecha para fim do SUS<\/p>\n<p>Segundo o texto do decreto 10.530\/2020, \u201ca pol\u00edtica de fomento ao setor de aten\u00e7\u00e3o prim\u00e1ria \u00e0 sa\u00fade est\u00e1 qualificada para participar do Programa de Parcerias de Investimento do Governo Federal (PPI)\u201d.<\/p>\n<p>Na pr\u00e1tica, isso significa que todas as unidades b\u00e1sicas vinculadas ao SUS poder\u00e3o ser entregues para a iniciativa privada, sob o pretensioso pretexto de realiza\u00e7\u00e3o dos investimentos necess\u00e1rios para a moderniza\u00e7\u00e3o e manuten\u00e7\u00e3o dos servi\u00e7os prestados nas unidades do Distrito Federal, estados e munic\u00edpios.<\/p>\n<p>O modelo de parceria p\u00fablico-privada na sa\u00fade j\u00e1 \u00e9 visto desde janeiro de 2019 no DF, onde as Unidades de Pronto Atendimento (UPAs) e alguns hospitais da rede, como o Base, s\u00e3o geridas pelo Instituto de Gest\u00e3o Estrat\u00e9gica da Sa\u00fade (IGESDF). No entanto, a institui\u00e7\u00e3o tem sido fortemente questionada nos \u00faltimos meses no que diz respeito a den\u00fancias de desvio de dinheiro, superfaturamento em contratos e outras irregularidades \u2013 inclusive trabalhistas.<\/p>\n","protected":false},"excerpt":{"rendered":"<p>Na manh\u00e3 de hoje (28), Dia do Servidor P\u00fablico, os profissionais que atuam na Unidade B\u00e1sica de Sa\u00fade (UBS) n\u00ba 5 de Taguatinga, resolveram protestar contra o decreto assinado ontem (27) pelo presidente da Rep\u00fablica, Jair Bolsonaro, e pelo ministro da Economia Paulo Guedes \u2013 que prev\u00ea a cria\u00e7\u00e3o de um grupo de estudos que [&hellip;]<\/p>\n","protected":false},"author":6,"featured_media":40609,"comment_status":"open","ping_status":"open","sticky":false,"template":"","format":"standard","meta":{"footnotes":""},"categories":[6,5],"tags":[242,624,168,165,356],"class_list":["post-40607","post","type-post","status-publish","format-standard","has-post-thumbnail","hentry","category-noticias","category-rede-publica","tag-bolsonaro","tag-privatizacao","tag-privatizacao-do-sus","tag-sus","tag-ubs"],"_links":{"self":[{"href":"https:\/\/sindenfermeiro.com.br\/index.php\/wp-json\/wp\/v2\/posts\/40607","targetHints":{"allow":["GET"]}}],"collection":[{"href":"https:\/\/sindenfermeiro.com.br\/index.php\/wp-json\/wp\/v2\/posts"}],"about":[{"href":"https:\/\/sindenfermeiro.com.br\/index.php\/wp-json\/wp\/v2\/types\/post"}],"author":[{"embeddable":true,"href":"https:\/\/sindenfermeiro.com.br\/index.php\/wp-json\/wp\/v2\/users\/6"}],"replies":[{"embeddable":true,"href":"https:\/\/sindenfermeiro.com.br\/index.php\/wp-json\/wp\/v2\/comments?post=40607"}],"version-history":[{"count":1,"href":"https:\/\/sindenfermeiro.com.br\/index.php\/wp-json\/wp\/v2\/posts\/40607\/revisions"}],"predecessor-version":[{"id":40610,"href":"https:\/\/sindenfermeiro.com.br\/index.php\/wp-json\/wp\/v2\/posts\/40607\/revisions\/40610"}],"wp:featuredmedia":[{"embeddable":true,"href":"https:\/\/sindenfermeiro.com.br\/index.php\/wp-json\/wp\/v2\/media\/40609"}],"wp:attachment":[{"href":"https:\/\/sindenfermeiro.com.br\/index.php\/wp-json\/wp\/v2\/media?parent=40607"}],"wp:term":[{"taxonomy":"category","embeddable":true,"href":"https:\/\/sindenfermeiro.com.br\/index.php\/wp-json\/wp\/v2\/categories?post=40607"},{"taxonomy":"post_tag","embeddable":true,"href":"https:\/\/sindenfermeiro.com.br\/index.php\/wp-json\/wp\/v2\/tags?post=40607"}],"curies":[{"name":"wp","href":"https:\/\/api.w.org\/{rel}","templated":true}]}}