{"id":40596,"date":"2020-10-23T09:29:17","date_gmt":"2020-10-23T12:29:17","guid":{"rendered":"https:\/\/sindenfermeiro.com.br\/?p=40596"},"modified":"2026-04-27T02:56:13","modified_gmt":"2026-04-27T05:56:13","slug":"nota-de-repudio-pedido-de-ibaneis-para-que-50-dos-cargos-comissionados-nao-sejam-destinados-a-concursados","status":"publish","type":"post","link":"https:\/\/sindenfermeiro.com.br\/index.php\/2020\/10\/23\/nota-de-repudio-pedido-de-ibaneis-para-que-50-dos-cargos-comissionados-nao-sejam-destinados-a-concursados\/","title":{"rendered":"NOTA DE REP\u00daDIO: Pedido de Ibaneis para que 50% dos cargos comissionados n\u00e3o sejam destinados a concursados"},"content":{"rendered":"<div id=\"id_5f92cbe7f3e271458271437\" class=\"text_exposed_root text_exposed\" style=\"text-align: justify\">O Sindicato dos Enfermeiros do Distrito Federal vem por meio desta nota expressar seu rep\u00fadio frente \u00e0 decis\u00e3o do governador do Distrito Federal, Ibaneis Rocha (MDB), de ingressar com processo no Supremo Tribunal Federal (STF) contra a obriga\u00e7\u00e3o prevista em lei de destinar 50% dos cargos co<span class=\"text_exposed_show\"><span class=\"text_exposed_show\">missionados para servidores concursados, de acordo com mat\u00e9ria publicada ontem (21) no portal Metr\u00f3poles.<\/span><\/span>Suspender essa medida representa um ataque direto ao servi\u00e7o p\u00fablico e a qualidade prestada \u00e0 popula\u00e7\u00e3o. A atitude do governador Ibaneis s\u00f3 refor\u00e7a uma pr\u00e1tica recorrente nesse governo: usar a m\u00e1quina p\u00fablica como cabide de emprego.<\/p>\n<p>A destina\u00e7\u00e3o de 50% dos cargos em comiss\u00e3o a funcion\u00e1rios de carreira consta na Lei Org\u00e2nica do Distrito Federal (LODF) e em outras tr\u00eas leis distritais. Essa medida \u00e9 de suma import\u00e2ncia para a manuten\u00e7\u00e3o da qualidade dentro das institui\u00e7\u00f5es p\u00fablicas do GDF, evitando-se que a administra\u00e7\u00e3o p\u00fablica vire um \u201cpuxadinho\u201d ou sirva a interesses que n\u00e3o seja os da popula\u00e7\u00e3o.<\/p>\n<p>O SindEnfermeiro-DF reitera a sua posi\u00e7\u00e3o de vigil\u00e2ncia em defesa da manuten\u00e7\u00e3o do percentual de 50% dos cargos comissionados aos servidores de carreira, da convoca\u00e7\u00e3o dos enfermeiros aprovados no certame de 2018 e da transpar\u00eancia e aplica\u00e7\u00e3o dos recursos p\u00fablicos nas reais necessidades de toda a popula\u00e7\u00e3o do DF.<\/p>\n<p>Estaremos atentos aos desdobramentos que envolvem o pedido de Ibaneis ao STF, pois n\u00e3o \u00e9 aceit\u00e1vel em hip\u00f3tese alguma a cria\u00e7\u00e3o de mais cabides de emprego no funcionalismo do Distrito Federal.<\/p>\n<\/div>\n<div id=\"fbPhotoSnowliftProductMiniListHscroll\" class=\"fbCommerceProductMiniListHscroll\"><\/div>\n<div id=\"fbPhotoSnowliftLegacyTagList\" class=\"pts fbPhotoLegacyTagList\">\n<div><\/div>\n<\/div>\n<div id=\"fbPhotoSnowliftCallToActionButton\" class=\"fbPhotosPhotoButtons\"><\/div>\n<div id=\"fbPhotoSnowliftPhotoFundraiser\"><\/div>\n<div id=\"fbPhotoSnowliftOwnerButtons\" class=\"mvm fbPhotosPhotoOwnerButtons stat_elem\">\n<div id=\"photosTruncatingUIButtonGroup\" class=\"_51xa _3-8m _3-90\"><\/div>\n<\/div>\n","protected":false},"excerpt":{"rendered":"<p>O Sindicato dos Enfermeiros do Distrito Federal vem por meio desta nota expressar seu rep\u00fadio frente \u00e0 decis\u00e3o do governador do Distrito Federal, Ibaneis Rocha (MDB), de ingressar com processo no Supremo Tribunal Federal (STF) contra a obriga\u00e7\u00e3o prevista em lei de destinar 50% dos cargos comissionados para servidores concursados, de acordo com mat\u00e9ria publicada [&hellip;]<\/p>\n","protected":false},"author":6,"featured_media":40597,"comment_status":"open","ping_status":"open","sticky":false,"template":"","format":"standard","meta":{"footnotes":""},"categories":[6,5],"tags":[623,120,8,81,21,281],"class_list":["post-40596","post","type-post","status-publish","format-standard","has-post-thumbnail","hentry","category-noticias","category-rede-publica","tag-cargos-comissionados","tag-gdf","tag-ibaneis-rocha","tag-ses-df","tag-sindenfermeiro","tag-stf"],"_links":{"self":[{"href":"https:\/\/sindenfermeiro.com.br\/index.php\/wp-json\/wp\/v2\/posts\/40596","targetHints":{"allow":["GET"]}}],"collection":[{"href":"https:\/\/sindenfermeiro.com.br\/index.php\/wp-json\/wp\/v2\/posts"}],"about":[{"href":"https:\/\/sindenfermeiro.com.br\/index.php\/wp-json\/wp\/v2\/types\/post"}],"author":[{"embeddable":true,"href":"https:\/\/sindenfermeiro.com.br\/index.php\/wp-json\/wp\/v2\/users\/6"}],"replies":[{"embeddable":true,"href":"https:\/\/sindenfermeiro.com.br\/index.php\/wp-json\/wp\/v2\/comments?post=40596"}],"version-history":[{"count":3,"href":"https:\/\/sindenfermeiro.com.br\/index.php\/wp-json\/wp\/v2\/posts\/40596\/revisions"}],"predecessor-version":[{"id":40600,"href":"https:\/\/sindenfermeiro.com.br\/index.php\/wp-json\/wp\/v2\/posts\/40596\/revisions\/40600"}],"wp:featuredmedia":[{"embeddable":true,"href":"https:\/\/sindenfermeiro.com.br\/index.php\/wp-json\/wp\/v2\/media\/40597"}],"wp:attachment":[{"href":"https:\/\/sindenfermeiro.com.br\/index.php\/wp-json\/wp\/v2\/media?parent=40596"}],"wp:term":[{"taxonomy":"category","embeddable":true,"href":"https:\/\/sindenfermeiro.com.br\/index.php\/wp-json\/wp\/v2\/categories?post=40596"},{"taxonomy":"post_tag","embeddable":true,"href":"https:\/\/sindenfermeiro.com.br\/index.php\/wp-json\/wp\/v2\/tags?post=40596"}],"curies":[{"name":"wp","href":"https:\/\/api.w.org\/{rel}","templated":true}]}}