{"id":40593,"date":"2020-10-22T09:39:21","date_gmt":"2020-10-22T12:39:21","guid":{"rendered":"https:\/\/sindenfermeiro.com.br\/?p=40593"},"modified":"2026-04-27T02:54:00","modified_gmt":"2026-04-27T05:54:00","slug":"entenda-como-funciona-a-decisao-do-stf-que-converte-o-tempo-de-atividade-insalubre-em-tempo-de-servico-comum","status":"publish","type":"post","link":"https:\/\/sindenfermeiro.com.br\/index.php\/2020\/10\/22\/entenda-como-funciona-a-decisao-do-stf-que-converte-o-tempo-de-atividade-insalubre-em-tempo-de-servico-comum\/","title":{"rendered":"Entenda como funciona a decis\u00e3o do STF que converte o tempo de atividade insalubre em tempo de servi\u00e7o comum"},"content":{"rendered":"<div id=\"attachment_40594\" style=\"width: 606px\" class=\"wp-caption aligncenter\"><img loading=\"lazy\" decoding=\"async\" aria-describedby=\"caption-attachment-40594\" class=\"wp-image-40594 \" src=\"https:\/\/sindenfermeiro.com.br\/wp-content\/uploads\/2020\/10\/brasil-inseguranca-2.jpg\" alt=\"\" width=\"596\" height=\"398\" srcset=\"https:\/\/sindenfermeiro.com.br\/wp-content\/uploads\/2020\/10\/brasil-inseguranca-2.jpg 1024w, https:\/\/sindenfermeiro.com.br\/wp-content\/uploads\/2020\/10\/brasil-inseguranca-2-300x200.jpg 300w, https:\/\/sindenfermeiro.com.br\/wp-content\/uploads\/2020\/10\/brasil-inseguranca-2-768x512.jpg 768w\" sizes=\"auto, (max-width: 596px) 100vw, 596px\" \/><p id=\"caption-attachment-40594\" class=\"wp-caption-text\">Foto: Adriano Kirihara<\/p><\/div>\n<p>No in\u00edcio de setembro, o Supremo Tribunal Federal (STF) decidiu que os trabalhadores do servi\u00e7o p\u00fablico t\u00eam direito a converter o per\u00edodo trabalhado em atividades insalubres para a contagem da aposentadoria por tempo de servi\u00e7o \u2013 de acordo com as regras do Regime Geral de Previd\u00eancia Social (RGPS).<\/p>\n<p>A medida \u00e9 v\u00e1lida para todos os trabalhadores que se aposentaram ou t\u00eam tempo de contribui\u00e7\u00e3o em atividade especial at\u00e9 a promulga\u00e7\u00e3o da reforma previdenci\u00e1ria, no ano passado.<\/p>\n<p>Para os trabalhadores que n\u00e3o possuem tempo de contribui\u00e7\u00e3o em atividade especial, mas exerceram atividades insalubres em determinado per\u00edodo, a decis\u00e3o permite que o per\u00edodo seja convertido em tempo de servi\u00e7o comum.<\/p>\n<p>Na pr\u00e1tica, isso significa que o servidor pode acrescentar a contagem diferenciada ao seu per\u00edodo j\u00e1 trabalhado para verificar a possibilidade de enquadramento em outra regra de aposentadoria \u2013 como a de tempo de servi\u00e7o.<\/p>\n<p><em><strong>De acordo com as normas vigentes, cada ano de trabalho em regime especial vale:<\/strong><\/em><\/p>\n<p><strong>Um ano e dois meses, para as mulheres e;<\/strong><\/p>\n<p><strong>Um ano e quatro meses, para os homens.<\/strong><\/p>\n<p>Por fim, os servidores que exercem atividades especiais a partir da promulga\u00e7\u00e3o da reforma de Previd\u00eancia \u2013 sancionada e aprovada em 13 de novembro do ano passado \u2013 n\u00e3o t\u00eam direito ao benef\u00edcio, pois a nova regra determina que os tempos de contagem para a aposentadoria e as normas vigentes ficam a cargo de cada unidade da Federa\u00e7\u00e3o \u2013 nesse caso, o Governo do Distrito Federal (GDF).<\/p>\n","protected":false},"excerpt":{"rendered":"<p>No in\u00edcio de setembro, o Supremo Tribunal Federal (STF) decidiu que os trabalhadores do servi\u00e7o p\u00fablico t\u00eam direito a converter o per\u00edodo trabalhado em atividades insalubres para a contagem da aposentadoria por tempo de servi\u00e7o \u2013 de acordo com as regras do Regime Geral de Previd\u00eancia Social (RGPS). A medida \u00e9 v\u00e1lida para todos os [&hellip;]<\/p>\n","protected":false},"author":6,"featured_media":40594,"comment_status":"open","ping_status":"open","sticky":false,"template":"","format":"standard","meta":{"footnotes":""},"categories":[6,5],"tags":[263,4,281],"class_list":["post-40593","post","type-post","status-publish","format-standard","has-post-thumbnail","hentry","category-noticias","category-rede-publica","tag-aposentadoria-especial","tag-insalubridade","tag-stf"],"_links":{"self":[{"href":"https:\/\/sindenfermeiro.com.br\/index.php\/wp-json\/wp\/v2\/posts\/40593","targetHints":{"allow":["GET"]}}],"collection":[{"href":"https:\/\/sindenfermeiro.com.br\/index.php\/wp-json\/wp\/v2\/posts"}],"about":[{"href":"https:\/\/sindenfermeiro.com.br\/index.php\/wp-json\/wp\/v2\/types\/post"}],"author":[{"embeddable":true,"href":"https:\/\/sindenfermeiro.com.br\/index.php\/wp-json\/wp\/v2\/users\/6"}],"replies":[{"embeddable":true,"href":"https:\/\/sindenfermeiro.com.br\/index.php\/wp-json\/wp\/v2\/comments?post=40593"}],"version-history":[{"count":1,"href":"https:\/\/sindenfermeiro.com.br\/index.php\/wp-json\/wp\/v2\/posts\/40593\/revisions"}],"predecessor-version":[{"id":40595,"href":"https:\/\/sindenfermeiro.com.br\/index.php\/wp-json\/wp\/v2\/posts\/40593\/revisions\/40595"}],"wp:featuredmedia":[{"embeddable":true,"href":"https:\/\/sindenfermeiro.com.br\/index.php\/wp-json\/wp\/v2\/media\/40594"}],"wp:attachment":[{"href":"https:\/\/sindenfermeiro.com.br\/index.php\/wp-json\/wp\/v2\/media?parent=40593"}],"wp:term":[{"taxonomy":"category","embeddable":true,"href":"https:\/\/sindenfermeiro.com.br\/index.php\/wp-json\/wp\/v2\/categories?post=40593"},{"taxonomy":"post_tag","embeddable":true,"href":"https:\/\/sindenfermeiro.com.br\/index.php\/wp-json\/wp\/v2\/tags?post=40593"}],"curies":[{"name":"wp","href":"https:\/\/api.w.org\/{rel}","templated":true}]}}