{"id":40491,"date":"2020-10-19T12:22:57","date_gmt":"2020-10-19T15:22:57","guid":{"rendered":"https:\/\/sindenfermeiro.com.br\/?p=40491"},"modified":"2026-04-26T22:42:14","modified_gmt":"2026-04-27T01:42:14","slug":"icdf-enfermeiros-e-sindicato-decidem-pela-manutencao-do-estado-de-greve","status":"publish","type":"post","link":"https:\/\/sindenfermeiro.com.br\/index.php\/2020\/10\/19\/icdf-enfermeiros-e-sindicato-decidem-pela-manutencao-do-estado-de-greve\/","title":{"rendered":"ICDF: Enfermeiros decidem pela manuten\u00e7\u00e3o do estado de greve"},"content":{"rendered":"<style type=\"text\/css\">\n#foogallery-gallery-40500 .fg-image { width: 640px; }<\/style>\n\t\t\t<div class=\"foogallery foogallery-container foogallery-image-viewer foogallery-link-image foogallery-lightbox-none fg-center fg-image-viewer fg-ready fg-light fg-border-thin fg-shadow-outline fg-loading-default fg-loaded-fade-in fg-caption-hover fg-hover-fade fg-hover-zoom\" id=\"foogallery-gallery-40500\" data-foogallery=\"{&quot;item&quot;:{&quot;showCaptionTitle&quot;:true,&quot;showCaptionDescription&quot;:true},&quot;lazy&quot;:true,&quot;template&quot;:{&quot;loop&quot;:true}}\" style=\"--fg-title-line-clamp: 0; --fg-description-line-clamp: 0;\" >\n\t<div class=\"fiv-inner\">\n\t\t<div class=\"fiv-inner-container\">\n\t\t\t<div class=\"fg-item fg-type-image fg-idle\"><figure class=\"fg-item-inner\"><a href=\"https:\/\/sindenfermeiro.com.br\/wp-content\/uploads\/2020\/10\/00a4a590-c68d-405d-99de-e0c41a8ef771.jpg\" data-attachment-id=\"40498\" data-type=\"image\" class=\"fg-thumb\"><span class=\"fg-image-wrap\"><img fetchpriority=\"high\" decoding=\"async\" width=\"640\" height=\"360\" class=\"skip-lazy fg-image\" data-src-fg=\"https:\/\/sindenfermeiro.com.br\/wp-content\/uploads\/cache\/2020\/10\/00a4a590-c68d-405d-99de-e0c41a8ef771\/937171808.jpg\" src=\"data:image\/svg+xml,%3Csvg%20xmlns%3D%22http%3A%2F%2Fwww.w3.org%2F2000%2Fsvg%22%20width%3D%22640%22%20height%3D%22360%22%20viewBox%3D%220%200%20640%20360%22%3E%3C%2Fsvg%3E\" loading=\"eager\"><\/span><span class=\"fg-image-overlay\"><\/span><\/a><\/figure><div class=\"fg-loader\"><\/div><\/div><div class=\"fg-item fg-type-image fg-idle\"><figure class=\"fg-item-inner\"><a href=\"https:\/\/sindenfermeiro.com.br\/wp-content\/uploads\/2020\/10\/e4f9cdb4-98bf-4f9a-9d4a-fc9deb83034c.jpg\" data-attachment-id=\"40499\" data-type=\"image\" class=\"fg-thumb\"><span class=\"fg-image-wrap\"><img decoding=\"async\" width=\"640\" height=\"360\" class=\"skip-lazy fg-image\" data-src-fg=\"https:\/\/sindenfermeiro.com.br\/wp-content\/uploads\/cache\/2020\/10\/e4f9cdb4-98bf-4f9a-9d4a-fc9deb83034c\/2311341446.jpg\" src=\"data:image\/svg+xml,%3Csvg%20xmlns%3D%22http%3A%2F%2Fwww.w3.org%2F2000%2Fsvg%22%20width%3D%22640%22%20height%3D%22360%22%20viewBox%3D%220%200%20640%20360%22%3E%3C%2Fsvg%3E\" loading=\"eager\"><\/span><span class=\"fg-image-overlay\"><\/span><\/a><\/figure><div class=\"fg-loader\"><\/div><\/div><div class=\"fg-item fg-type-image fg-idle\"><figure class=\"fg-item-inner\"><a href=\"https:\/\/sindenfermeiro.com.br\/wp-content\/uploads\/2020\/10\/521823e7-729a-4d52-a38c-719df0ccae6c.jpg\" data-attachment-id=\"40497\" data-type=\"image\" class=\"fg-thumb\"><span class=\"fg-image-wrap\"><img decoding=\"async\" width=\"640\" height=\"360\" class=\"skip-lazy fg-image\" data-src-fg=\"https:\/\/sindenfermeiro.com.br\/wp-content\/uploads\/cache\/2020\/10\/521823e7-729a-4d52-a38c-719df0ccae6c\/466988539.jpg\" src=\"data:image\/svg+xml,%3Csvg%20xmlns%3D%22http%3A%2F%2Fwww.w3.org%2F2000%2Fsvg%22%20width%3D%22640%22%20height%3D%22360%22%20viewBox%3D%220%200%20640%20360%22%3E%3C%2Fsvg%3E\" loading=\"eager\"><\/span><span class=\"fg-image-overlay\"><\/span><\/a><\/figure><div class=\"fg-loader\"><\/div><\/div><div class=\"fg-item fg-type-image fg-idle\"><figure class=\"fg-item-inner\"><a href=\"https:\/\/sindenfermeiro.com.br\/wp-content\/uploads\/2020\/10\/ee91d159-f15b-4e2b-98df-96d3fd9261e1.jpg\" data-attachment-id=\"40496\" data-type=\"image\" class=\"fg-thumb\"><span class=\"fg-image-wrap\"><img decoding=\"async\" width=\"640\" height=\"360\" class=\"skip-lazy fg-image\" data-src-fg=\"https:\/\/sindenfermeiro.com.br\/wp-content\/uploads\/cache\/2020\/10\/ee91d159-f15b-4e2b-98df-96d3fd9261e1\/3908460953.jpg\" src=\"data:image\/svg+xml,%3Csvg%20xmlns%3D%22http%3A%2F%2Fwww.w3.org%2F2000%2Fsvg%22%20width%3D%22640%22%20height%3D%22360%22%20viewBox%3D%220%200%20640%20360%22%3E%3C%2Fsvg%3E\" loading=\"eager\"><\/span><span class=\"fg-image-overlay\"><\/span><\/a><\/figure><div class=\"fg-loader\"><\/div><\/div><div class=\"fg-item fg-type-image fg-idle\"><figure class=\"fg-item-inner\"><a href=\"https:\/\/sindenfermeiro.com.br\/wp-content\/uploads\/2020\/10\/8c01563a-994e-4c45-9551-669647133491.jpg\" data-attachment-id=\"40495\" data-type=\"image\" class=\"fg-thumb\"><span class=\"fg-image-wrap\"><img decoding=\"async\" width=\"640\" height=\"360\" class=\"skip-lazy fg-image\" data-src-fg=\"https:\/\/sindenfermeiro.com.br\/wp-content\/uploads\/cache\/2020\/10\/8c01563a-994e-4c45-9551-669647133491\/3319727066.jpg\" src=\"data:image\/svg+xml,%3Csvg%20xmlns%3D%22http%3A%2F%2Fwww.w3.org%2F2000%2Fsvg%22%20width%3D%22640%22%20height%3D%22360%22%20viewBox%3D%220%200%20640%20360%22%3E%3C%2Fsvg%3E\" loading=\"eager\"><\/span><span class=\"fg-image-overlay\"><\/span><\/a><\/figure><div class=\"fg-loader\"><\/div><\/div><div class=\"fg-item fg-type-image fg-idle\"><figure class=\"fg-item-inner\"><a href=\"https:\/\/sindenfermeiro.com.br\/wp-content\/uploads\/2020\/10\/ecf615c8-88c5-4da9-8099-48d3e2469c90.jpg\" data-attachment-id=\"40494\" data-type=\"image\" class=\"fg-thumb\"><span class=\"fg-image-wrap\"><img decoding=\"async\" width=\"640\" height=\"360\" class=\"skip-lazy fg-image\" data-src-fg=\"https:\/\/sindenfermeiro.com.br\/wp-content\/uploads\/cache\/2020\/10\/ecf615c8-88c5-4da9-8099-48d3e2469c90\/2411834899.jpg\" src=\"data:image\/svg+xml,%3Csvg%20xmlns%3D%22http%3A%2F%2Fwww.w3.org%2F2000%2Fsvg%22%20width%3D%22640%22%20height%3D%22360%22%20viewBox%3D%220%200%20640%20360%22%3E%3C%2Fsvg%3E\" loading=\"eager\"><\/span><span class=\"fg-image-overlay\"><\/span><\/a><\/figure><div class=\"fg-loader\"><\/div><\/div><div class=\"fg-item fg-type-image fg-idle\"><figure class=\"fg-item-inner\"><a href=\"https:\/\/sindenfermeiro.com.br\/wp-content\/uploads\/2020\/10\/da869315-d55d-4f86-bd4d-63908c60f85b.jpg\" data-attachment-id=\"40493\" data-type=\"image\" class=\"fg-thumb\"><span class=\"fg-image-wrap\"><img decoding=\"async\" width=\"640\" height=\"360\" class=\"skip-lazy fg-image\" data-src-fg=\"https:\/\/sindenfermeiro.com.br\/wp-content\/uploads\/cache\/2020\/10\/da869315-d55d-4f86-bd4d-63908c60f85b\/4090233090.jpg\" src=\"data:image\/svg+xml,%3Csvg%20xmlns%3D%22http%3A%2F%2Fwww.w3.org%2F2000%2Fsvg%22%20width%3D%22640%22%20height%3D%22360%22%20viewBox%3D%220%200%20640%20360%22%3E%3C%2Fsvg%3E\" loading=\"eager\"><\/span><span class=\"fg-image-overlay\"><\/span><\/a><\/figure><div class=\"fg-loader\"><\/div><\/div>\t\t<\/div>\n\t\t<div class=\"fiv-ctrls\">\n\t\t\t<button type=\"button\" class=\"fiv-prev\" title=\"Prev\"><span>Prev<\/span><\/button>\n\t\t\t<label class=\"fiv-count\"><span class=\"fiv-count-current\">1<\/span>of<span class=\"fiv-count-total\">7<\/span><\/label>\n\t\t\t<button type=\"button\" class=\"fiv-next\" title=\"Next\"><span>Next<\/span><\/button>\n\t\t<\/div>\n\t<\/div>\n<\/div>\n<p style=\"text-align: justify\">Enfermeiros, t\u00e9cnicos em enfermagem e outros trabalhadores do Instituto de Cardiologia do Distrito Federal (ICDF) se reuniram na manh\u00e3 desta segunda-feira (19), para tratar da situa\u00e7\u00e3o enfrentada por eles. Al\u00e9m disso, tamb\u00e9m aconteceu a assembleia dos enfermeiros e dos t\u00e9cnicos em enfermagem e durante o encontro, as duas categorias decidiram pela manuten\u00e7\u00e3o do estado de greve. Com sal\u00e1rios e vale-transporte atrasados, e sem receber vale-alimenta\u00e7\u00e3o h\u00e1 quase tr\u00eas meses, os trabalhadores procuram uma solu\u00e7\u00e3o para o impasse.<\/p>\n<p style=\"text-align: justify\">De acordo com o secret\u00e1rio-geral do SinEnfermeiro-DF, Jorge Henrique, foi informado que o GDF sinalizou o processo para o pagamento dos profissionais. \u201cTivemos informa\u00e7\u00f5es de que o Governo debitou 8 milh\u00f5es na conta do BRB para ser transferido ao ICDF. A dire\u00e7\u00e3o da institui\u00e7\u00e3o sinalizou que haver\u00e1 o pagamento dos sal\u00e1rios atrasados desses profissionais\u201d, apontou Jorge.<\/p>\n<p style=\"text-align: justify\">Diante dessa situa\u00e7\u00e3o, os profissionais decidiram na assembleia, por manterem o estado de greve at\u00e9 o pagamento \u2013 que deve ser efetua\u00e7\u00e3o na quarta-feira -, se n\u00e3o houver uma solu\u00e7\u00e3o para o impasse, a partir de quinta-feira (22), os trabalhadores entrar\u00e3o de greve.<\/p>\n<p style=\"text-align: justify\"><strong>A import\u00e2ncia para a categoria<\/strong><\/p>\n<p style=\"text-align: justify\">Para a presidente do SinEnfermeiro, Dayse Amar\u00edlio, a movimenta\u00e7\u00e3o dos enfermeiros e das outras categoria atingidas pelos atrasos representa uma situa\u00e7\u00e3o muito maior. \u201c\u00c9 muito al\u00e9m do sal\u00e1rio, que j\u00e1 \u00e9 algo muito preocupante. As pessoas est\u00e3o sem condi\u00e7\u00f5es para vir trabalhar. Vamos continuar com a mobiliza\u00e7\u00e3o, existe uma sinaliza\u00e7\u00e3o de pagamento\u201d, pontuou Dayse.<\/p>\n<p style=\"text-align: justify\">\u201cQueremos que a coopera\u00e7\u00e3o pol\u00edtica, n\u00e3o s\u00f3 dos parlamentares, mas tamb\u00e9m dos \u00f3rg\u00e3os de controle, como Minist\u00e9rio P\u00fablico e Conselho de Sa\u00fade, para que saibamos a verdade do que est\u00e1 acontecendo com o ICDF, pois ele representa um atendimento t\u00e3o importante para a popula\u00e7\u00e3o!\u201d, finalizou a presidente.<\/p>\n<p style=\"text-align: justify\"><strong>A mobiliza\u00e7\u00e3o continua<\/strong><\/p>\n<p style=\"text-align: justify\">Nesta ter\u00e7a-feira (20), os enfermeiros da ICDF, t\u00e9cnicos em enfermagem e demais categorias\u00a0 far\u00e3o uma mobiliza\u00e7\u00e3o a partir das 14 horas em frente ao Hospital das For\u00e7as Armadas (HFA) \u2013 onde o ICDF est\u00e1 localizado. A inten\u00e7\u00e3o \u00e9 mostrar que a categoria est\u00e1 unida e n\u00e3o ficar\u00e1 inerte frente a essa situa\u00e7\u00e3o.<\/p>\n","protected":false},"excerpt":{"rendered":"<p>Enfermeiros, t\u00e9cnicos em enfermagem e outros trabalhadores do Instituto de Cardiologia do Distrito Federal (ICDF) se reuniram na manh\u00e3 desta segunda-feira (19), para tratar da situa\u00e7\u00e3o enfrentada por eles. Al\u00e9m disso, tamb\u00e9m aconteceu a assembleia dos enfermeiros e dos t\u00e9cnicos em enfermagem e durante o encontro, as duas categorias decidiram pela manuten\u00e7\u00e3o do estado de [&hellip;]<\/p>\n","protected":false},"author":6,"featured_media":40498,"comment_status":"open","ping_status":"open","sticky":false,"template":"","format":"standard","meta":{"footnotes":""},"categories":[6,13],"tags":[7,120,621,594,622,21,56],"class_list":["post-40491","post","type-post","status-publish","format-standard","has-post-thumbnail","hentry","category-noticias","category-rede-privada","tag-enfermagem","tag-gdf","tag-greve","tag-icdf","tag-pagamentos","tag-sindenfermeiro","tag-sindicato"],"_links":{"self":[{"href":"https:\/\/sindenfermeiro.com.br\/index.php\/wp-json\/wp\/v2\/posts\/40491","targetHints":{"allow":["GET"]}}],"collection":[{"href":"https:\/\/sindenfermeiro.com.br\/index.php\/wp-json\/wp\/v2\/posts"}],"about":[{"href":"https:\/\/sindenfermeiro.com.br\/index.php\/wp-json\/wp\/v2\/types\/post"}],"author":[{"embeddable":true,"href":"https:\/\/sindenfermeiro.com.br\/index.php\/wp-json\/wp\/v2\/users\/6"}],"replies":[{"embeddable":true,"href":"https:\/\/sindenfermeiro.com.br\/index.php\/wp-json\/wp\/v2\/comments?post=40491"}],"version-history":[{"count":11,"href":"https:\/\/sindenfermeiro.com.br\/index.php\/wp-json\/wp\/v2\/posts\/40491\/revisions"}],"predecessor-version":[{"id":40510,"href":"https:\/\/sindenfermeiro.com.br\/index.php\/wp-json\/wp\/v2\/posts\/40491\/revisions\/40510"}],"wp:featuredmedia":[{"embeddable":true,"href":"https:\/\/sindenfermeiro.com.br\/index.php\/wp-json\/wp\/v2\/media\/40498"}],"wp:attachment":[{"href":"https:\/\/sindenfermeiro.com.br\/index.php\/wp-json\/wp\/v2\/media?parent=40491"}],"wp:term":[{"taxonomy":"category","embeddable":true,"href":"https:\/\/sindenfermeiro.com.br\/index.php\/wp-json\/wp\/v2\/categories?post=40491"},{"taxonomy":"post_tag","embeddable":true,"href":"https:\/\/sindenfermeiro.com.br\/index.php\/wp-json\/wp\/v2\/tags?post=40491"}],"curies":[{"name":"wp","href":"https:\/\/api.w.org\/{rel}","templated":true}]}}