{"id":40488,"date":"2020-10-16T11:15:18","date_gmt":"2020-10-16T14:15:18","guid":{"rendered":"https:\/\/sindenfermeiro.com.br\/?p=40488"},"modified":"2026-04-26T22:41:55","modified_gmt":"2026-04-27T01:41:55","slug":"com-pagamentos-atrasados-enfermeiros-do-icdf-declaram-estado-de-greve","status":"publish","type":"post","link":"https:\/\/sindenfermeiro.com.br\/index.php\/2020\/10\/16\/com-pagamentos-atrasados-enfermeiros-do-icdf-declaram-estado-de-greve\/","title":{"rendered":"Com pagamentos atrasados, enfermeiros do ICDF declaram estado de greve"},"content":{"rendered":"<p><span style=\"font-size: 10pt\">Foto: reprodu\u00e7\u00e3o da internet\/Google imagens<\/span><\/p>\n<p style=\"text-align: justify\">Com sal\u00e1rios atrasados e sem receber vale-alimenta\u00e7\u00e3o h\u00e1 quase tr\u00eas meses, enfermeiros do Instituto de Cardiologia do Distrito Federal (ICDF) decretaram estado de greve. A decis\u00e3o aconteceu durante a assembleia virtual organizada pelo Sindicato dos Enfermeiros do Distrito Federal (SindEnfermeiro-DF), na \u00faltima quinta-feira (15).<\/p>\n<p style=\"text-align: justify\">Mais de 90 enfermeiros participaram da reuni\u00e3o e puderam expor a situa\u00e7\u00e3o por eles enfrentada. Al\u00e9m dos trabalhadores, a assembleia contou com a participa\u00e7\u00e3o da presidente do SindEnfermeiro, Dayse Amar\u00edlio, do secret\u00e1rio-geral Jorge Henrique, dos diretores Tarc\u00edsio Faria e Hugo Bicalho e de Jacqueline Sousa, advogada do sindicato.<\/p>\n<p style=\"text-align: justify\">Jorge Henrique expos aos participantes os encaminhamentos da \u00faltima assembleia com a categoria e todo o hist\u00f3rico de negocia\u00e7\u00f5es que foi feito com a dire\u00e7\u00e3o do ICDF. \u201cSabemos que existe um problema entre o GDF e o ICDF, um problema de repasse que o ICDF disse que n\u00e3o tem \u2013 repasse de verba. Voc\u00eas profissionais n\u00e3o s\u00e3o culpados disso, ningu\u00e9m trabalha de gra\u00e7a hoje em dia\u201d, pontuou Jorge.<\/p>\n<p style=\"text-align: justify\"><strong>Import\u00e2ncia de documentos<\/strong><\/p>\n<p style=\"text-align: justify\">A presidente do SindEnfermeiro, Dayse Amar\u00edlio, abordou o processo feito pelo sindicato diante da situa\u00e7\u00e3o enfrentada pelos trabalhadores e ressaltou a import\u00e2ncia dos enfermeiros encaminharem documentos que comprovem os problemas. \u201c\u00c9 importante para a formaliza\u00e7\u00e3o das den\u00fancias, que os enfermeiros mandem o contracheque. Porque assim, podemos notificar o hospital, formalizar as den\u00fancias no Minist\u00e9rio P\u00fablico do Trabalho e fazer todos os tr\u00e2mites jur\u00eddicos\u201d, destacou Dayse.<\/p>\n<p style=\"text-align: justify\">De acordo com alguns enfermeiros, muitos trabalhadores n\u00e3o t\u00eam condi\u00e7\u00f5es se quer para comprar alimentos \u2013 em especial aqueles que n\u00e3o possuem outros v\u00ednculos empregat\u00edcios \u2013 e por isso, houve uma \u201cvaquinha\u201d coletiva para ajudar esses profissionais que estavam passando fome. Outra situa\u00e7\u00e3o descrita na assembleia \u00e9 a falta de equipamentos de prote\u00e7\u00e3o individual e insumos b\u00e1sicos \u2013 como adrenalina \u2013 para e execu\u00e7\u00e3o de procedimentos.<\/p>\n<p style=\"text-align: justify\">A advogada do sindicato explicou aos participantes todo o rito necess\u00e1rio para que uma greve seja deflagrada, assim como o percentual de trabalhadores que devem continuar trabalhando, os \u00f3rg\u00e3os que devem ser comunicados e poss\u00edveis san\u00e7\u00f5es que podem ser aplicadas aos grevistas.<\/p>\n<p style=\"text-align: justify\"><strong>Encaminhamentos<\/strong><\/p>\n<p style=\"text-align: justify\">No final da assembleia, os participantes votaram tr\u00eas encaminhamentos gerais. O primeiro foi a autoriza\u00e7\u00e3o para que o SindEnfermeiro represente coletivamente todos os enfermeiros trabalhadores do ICDF, junto ao Minist\u00e9rio P\u00fablico do Trabalho DF e a Justi\u00e7a do Trabalho no que diz respeito as irregularidades (atraso nos sal\u00e1rios e no vale-refei\u00e7\u00e3o).<\/p>\n<p style=\"text-align: justify\">O segundo encaminhamento foi a deflagra\u00e7\u00e3o do estado de greve &#8211; com a notifica\u00e7\u00e3o dos \u00f3rg\u00e3os de controle pelo SindEnfermeiro &#8211; \u00a0at\u00e9 a regulariza\u00e7\u00e3o do pagamento dos enfermeiros da institui\u00e7\u00e3o ou at\u00e9 \u00a0\u00a0assembleia geral com os enfermeiros do ICDF. \u00a0O terceiro e \u00faltimo encaminhamento foi sobre a mobiliza\u00e7\u00e3o e assembleia presencial com indicativo de greve, que acontecer\u00e1 na segunda-feira, 19 de outubro, \u00e0s 8 da manh\u00e3.<\/p>\n<p style=\"text-align: justify\">Todos os encaminhamentos foram aprovados por unanimidade e diante dessa situa\u00e7\u00e3o, os enfermeiros declararam estado de greve.<\/p>\n","protected":false},"excerpt":{"rendered":"<p>Foto: reprodu\u00e7\u00e3o da internet\/Google imagens Com sal\u00e1rios atrasados e sem receber vale-alimenta\u00e7\u00e3o h\u00e1 quase tr\u00eas meses, enfermeiros do Instituto de Cardiologia do Distrito Federal (ICDF) decretaram estado de greve. A decis\u00e3o aconteceu durante a assembleia virtual organizada pelo Sindicato dos Enfermeiros do Distrito Federal (SindEnfermeiro-DF), na \u00faltima quinta-feira (15). Mais de 90 enfermeiros participaram da [&hellip;]<\/p>\n","protected":false},"author":6,"featured_media":40479,"comment_status":"open","ping_status":"open","sticky":false,"template":"","format":"standard","meta":{"footnotes":""},"categories":[6,13],"tags":[7,120,621,594,81,44],"class_list":["post-40488","post","type-post","status-publish","format-standard","has-post-thumbnail","hentry","category-noticias","category-rede-privada","tag-enfermagem","tag-gdf","tag-greve","tag-icdf","tag-ses-df","tag-sindenfermeiro-df"],"_links":{"self":[{"href":"https:\/\/sindenfermeiro.com.br\/index.php\/wp-json\/wp\/v2\/posts\/40488","targetHints":{"allow":["GET"]}}],"collection":[{"href":"https:\/\/sindenfermeiro.com.br\/index.php\/wp-json\/wp\/v2\/posts"}],"about":[{"href":"https:\/\/sindenfermeiro.com.br\/index.php\/wp-json\/wp\/v2\/types\/post"}],"author":[{"embeddable":true,"href":"https:\/\/sindenfermeiro.com.br\/index.php\/wp-json\/wp\/v2\/users\/6"}],"replies":[{"embeddable":true,"href":"https:\/\/sindenfermeiro.com.br\/index.php\/wp-json\/wp\/v2\/comments?post=40488"}],"version-history":[{"count":4,"href":"https:\/\/sindenfermeiro.com.br\/index.php\/wp-json\/wp\/v2\/posts\/40488\/revisions"}],"predecessor-version":[{"id":41534,"href":"https:\/\/sindenfermeiro.com.br\/index.php\/wp-json\/wp\/v2\/posts\/40488\/revisions\/41534"}],"wp:featuredmedia":[{"embeddable":true,"href":"https:\/\/sindenfermeiro.com.br\/index.php\/wp-json\/wp\/v2\/media\/40479"}],"wp:attachment":[{"href":"https:\/\/sindenfermeiro.com.br\/index.php\/wp-json\/wp\/v2\/media?parent=40488"}],"wp:term":[{"taxonomy":"category","embeddable":true,"href":"https:\/\/sindenfermeiro.com.br\/index.php\/wp-json\/wp\/v2\/categories?post=40488"},{"taxonomy":"post_tag","embeddable":true,"href":"https:\/\/sindenfermeiro.com.br\/index.php\/wp-json\/wp\/v2\/tags?post=40488"}],"curies":[{"name":"wp","href":"https:\/\/api.w.org\/{rel}","templated":true}]}}