{"id":40478,"date":"2020-10-13T13:56:27","date_gmt":"2020-10-13T16:56:27","guid":{"rendered":"https:\/\/sindenfermeiro.com.br\/?p=40478"},"modified":"2026-04-26T22:43:48","modified_gmt":"2026-04-27T01:43:48","slug":"denuncia-enfermeiros-do-icdf-estao-com-salario-e-dois-meses-de-vale-alimentacao-atrasados","status":"publish","type":"post","link":"https:\/\/sindenfermeiro.com.br\/index.php\/2020\/10\/13\/denuncia-enfermeiros-do-icdf-estao-com-salario-e-dois-meses-de-vale-alimentacao-atrasados\/","title":{"rendered":"DEN\u00daNCIA: Enfermeiros do ICDF est\u00e3o com sal\u00e1rio e dois meses de vale-alimenta\u00e7\u00e3o atrasados"},"content":{"rendered":"<p><img loading=\"lazy\" decoding=\"async\" class=\"aligncenter wp-image-40479 \" src=\"https:\/\/sindenfermeiro.com.br\/wp-content\/uploads\/2020\/10\/icdf.jpg\" alt=\"\" width=\"620\" height=\"349\" srcset=\"https:\/\/sindenfermeiro.com.br\/wp-content\/uploads\/2020\/10\/icdf.jpg 984w, https:\/\/sindenfermeiro.com.br\/wp-content\/uploads\/2020\/10\/icdf-300x169.jpg 300w, https:\/\/sindenfermeiro.com.br\/wp-content\/uploads\/2020\/10\/icdf-768x432.jpg 768w\" sizes=\"auto, (max-width: 620px) 100vw, 620px\" \/><\/p>\n<p><span style=\"font-size: 10pt\">Foto: reprodu\u00e7\u00e3o da internet\/Google imagens\u00a0<\/span><\/p>\n<p>O Sindicato dos Enfermeiros do Distrito Federal (SindEnfermeiro-DF) comunica que est\u00e1 apurando mais informa\u00e7\u00f5es sobre as den\u00fancias de atrasos nos vencimentos dos profissionais de enfermagem do Instituto de Cardiologia do Distrito Federal (ICDF).<\/p>\n<p>De acordo com as informa\u00e7\u00f5es recebidas, os trabalhadores da enfermagem do ICDF est\u00e3o com o sal\u00e1rio referente ao m\u00eas de outubro atrasado. Al\u00e9m disso, o vale-alimenta\u00e7\u00e3o tamb\u00e9m n\u00e3o \u00e9 pago h\u00e1 dois meses, e os profissionais est\u00e3o tendo que custear as despesas alimentares do pr\u00f3prio bolso.<\/p>\n<p>O departamento jur\u00eddico do sindicato tentou entrar em contato com a diretoria do ICDF para obter mais informa\u00e7\u00f5es sobre o problema &#8211; que prometeu a regulariza\u00e7\u00e3o das pend\u00eancias at\u00e9 a \u00faltima sexta-feira (09). No entanto, os valores ainda n\u00e3o foram quitados junto aos trabalhadores.<\/p>\n<p>Enquanto entidade representativa da enfermagem, o SindEnfermeiro estar\u00e1 acompanhando de perto o caso, e disponibiliza os seus canais de comunica\u00e7\u00e3o para que o instituto possa se manifestar e prestar esclarecimentos. No entanto, caso n\u00e3o haja uma resposta positiva para a regulariza\u00e7\u00e3o das pend\u00eancias, o sindicato vai acionar os \u00f3rg\u00e3os competentes para garantir o pagamento dos valores aos trabalhadores.<\/p>\n","protected":false},"excerpt":{"rendered":"<p>Foto: reprodu\u00e7\u00e3o da internet\/Google imagens\u00a0 O Sindicato dos Enfermeiros do Distrito Federal (SindEnfermeiro-DF) comunica que est\u00e1 apurando mais informa\u00e7\u00f5es sobre as den\u00fancias de atrasos nos vencimentos dos profissionais de enfermagem do Instituto de Cardiologia do Distrito Federal (ICDF). De acordo com as informa\u00e7\u00f5es recebidas, os trabalhadores da enfermagem do ICDF est\u00e3o com o sal\u00e1rio referente [&hellip;]<\/p>\n","protected":false},"author":6,"featured_media":40479,"comment_status":"open","ping_status":"open","sticky":false,"template":"","format":"standard","meta":{"footnotes":""},"categories":[6,13],"tags":[619,108,594,620,618],"class_list":["post-40478","post","type-post","status-publish","format-standard","has-post-thumbnail","hentry","category-noticias","category-rede-privada","tag-atrasos","tag-denuncia","tag-icdf","tag-vale-alimentacao","tag-vale-transporte"],"_links":{"self":[{"href":"https:\/\/sindenfermeiro.com.br\/index.php\/wp-json\/wp\/v2\/posts\/40478","targetHints":{"allow":["GET"]}}],"collection":[{"href":"https:\/\/sindenfermeiro.com.br\/index.php\/wp-json\/wp\/v2\/posts"}],"about":[{"href":"https:\/\/sindenfermeiro.com.br\/index.php\/wp-json\/wp\/v2\/types\/post"}],"author":[{"embeddable":true,"href":"https:\/\/sindenfermeiro.com.br\/index.php\/wp-json\/wp\/v2\/users\/6"}],"replies":[{"embeddable":true,"href":"https:\/\/sindenfermeiro.com.br\/index.php\/wp-json\/wp\/v2\/comments?post=40478"}],"version-history":[{"count":6,"href":"https:\/\/sindenfermeiro.com.br\/index.php\/wp-json\/wp\/v2\/posts\/40478\/revisions"}],"predecessor-version":[{"id":41548,"href":"https:\/\/sindenfermeiro.com.br\/index.php\/wp-json\/wp\/v2\/posts\/40478\/revisions\/41548"}],"wp:featuredmedia":[{"embeddable":true,"href":"https:\/\/sindenfermeiro.com.br\/index.php\/wp-json\/wp\/v2\/media\/40479"}],"wp:attachment":[{"href":"https:\/\/sindenfermeiro.com.br\/index.php\/wp-json\/wp\/v2\/media?parent=40478"}],"wp:term":[{"taxonomy":"category","embeddable":true,"href":"https:\/\/sindenfermeiro.com.br\/index.php\/wp-json\/wp\/v2\/categories?post=40478"},{"taxonomy":"post_tag","embeddable":true,"href":"https:\/\/sindenfermeiro.com.br\/index.php\/wp-json\/wp\/v2\/tags?post=40478"}],"curies":[{"name":"wp","href":"https:\/\/api.w.org\/{rel}","templated":true}]}}