{"id":40469,"date":"2020-10-08T13:49:41","date_gmt":"2020-10-08T16:49:41","guid":{"rendered":"https:\/\/sindenfermeiro.com.br\/?p=40469"},"modified":"2026-04-27T04:11:41","modified_gmt":"2026-04-27T07:11:41","slug":"sindenfermeiro-volta-ao-hmib-para-ouvir-esclarecimentos-da-diretoria-sobre-denuncias-de-irregularidades","status":"publish","type":"post","link":"https:\/\/sindenfermeiro.com.br\/index.php\/2020\/10\/08\/sindenfermeiro-volta-ao-hmib-para-ouvir-esclarecimentos-da-diretoria-sobre-denuncias-de-irregularidades\/","title":{"rendered":"SindEnfermeiro volta ao HMIB para ouvir esclarecimentos da diretoria sobre den\u00fancias de irregularidades"},"content":{"rendered":"<p><img loading=\"lazy\" decoding=\"async\" class=\"aligncenter wp-image-40471 \" src=\"https:\/\/sindenfermeiro.com.br\/wp-content\/uploads\/2020\/10\/WhatsApp-Image-2020-10-07-at-16.16.59.jpeg\" alt=\"\" width=\"566\" height=\"424\" srcset=\"https:\/\/sindenfermeiro.com.br\/wp-content\/uploads\/2020\/10\/WhatsApp-Image-2020-10-07-at-16.16.59.jpeg 1280w, https:\/\/sindenfermeiro.com.br\/wp-content\/uploads\/2020\/10\/WhatsApp-Image-2020-10-07-at-16.16.59-300x225.jpeg 300w, https:\/\/sindenfermeiro.com.br\/wp-content\/uploads\/2020\/10\/WhatsApp-Image-2020-10-07-at-16.16.59-1024x768.jpeg 1024w, https:\/\/sindenfermeiro.com.br\/wp-content\/uploads\/2020\/10\/WhatsApp-Image-2020-10-07-at-16.16.59-768x576.jpeg 768w\" sizes=\"auto, (max-width: 566px) 100vw, 566px\" \/><\/p>\n<p>O Sindicato dos Enfermeiros do Distrito Federal (SindEnfermeiro-DF) esteve ontem (07) no Hospital Materno Infantil de Bras\u00edlia (HMIB) \u2013 a convite da atual gest\u00e3o da unidade \u2013 para ouvir os esclarecimentos da diretoria sobre as irregularidades encontradas na \u00faltima visita, realizada no in\u00edcio do m\u00eas de outubro.<\/p>\n<p>A presidente do SindEnfermeiro, Dayse Amar\u00edlio, e o diretor executivo Marcio da Mata foram recebidos por (membros da gest\u00e3o do hospital), que apresentaram as propostas de readequa\u00e7\u00e3o dos espa\u00e7os da unidade, bem como as a\u00e7\u00f5es que vem sendo tomadas para melhorar os processos de trabalho dos profissionais.<\/p>\n<p>Durante a visita, Marcio lembrou as irregularidades encontradas anteriormente, e ressaltou a import\u00e2ncia da participa\u00e7\u00e3o conjunta dos servidores na constru\u00e7\u00e3o das din\u00e2micas de trabalho \u2013 apontando ainda que \u201cos trabalhadores precisam se sentir parte importante desse processo\u201d. A diretoria do HMIB se comprometeu a atender as reivindica\u00e7\u00f5es.<\/p>\n<p>O SindEnfermeiro reafirma o seu papel na defesa de condi\u00e7\u00f5es dignas de trabalho para todos os profissionais da enfermagem no Distrito Federal, e estar\u00e1 atento \u00e0 situa\u00e7\u00e3o no HMIB. Al\u00e9m disso, nos pr\u00f3ximos dias, novas visitas \u00e0 unidade ser\u00e3o realizadas para averiguar o cumprimento dos termos estabelecidos durante o encontro.<\/p>\n","protected":false},"excerpt":{"rendered":"<p>O Sindicato dos Enfermeiros do Distrito Federal (SindEnfermeiro-DF) esteve ontem (07) no Hospital Materno Infantil de Bras\u00edlia (HMIB) \u2013 a convite da atual gest\u00e3o da unidade \u2013 para ouvir os esclarecimentos da diretoria sobre as irregularidades encontradas na \u00faltima visita, realizada no in\u00edcio do m\u00eas de outubro. A presidente do SindEnfermeiro, Dayse Amar\u00edlio, e o [&hellip;]<\/p>\n","protected":false},"author":6,"featured_media":40471,"comment_status":"open","ping_status":"open","sticky":false,"template":"","format":"standard","meta":{"footnotes":""},"categories":[6,5],"tags":[248,617,21,540],"class_list":["post-40469","post","type-post","status-publish","format-standard","has-post-thumbnail","hentry","category-noticias","category-rede-publica","tag-hmib","tag-irregularidades","tag-sindenfermeiro","tag-visita"],"_links":{"self":[{"href":"https:\/\/sindenfermeiro.com.br\/index.php\/wp-json\/wp\/v2\/posts\/40469","targetHints":{"allow":["GET"]}}],"collection":[{"href":"https:\/\/sindenfermeiro.com.br\/index.php\/wp-json\/wp\/v2\/posts"}],"about":[{"href":"https:\/\/sindenfermeiro.com.br\/index.php\/wp-json\/wp\/v2\/types\/post"}],"author":[{"embeddable":true,"href":"https:\/\/sindenfermeiro.com.br\/index.php\/wp-json\/wp\/v2\/users\/6"}],"replies":[{"embeddable":true,"href":"https:\/\/sindenfermeiro.com.br\/index.php\/wp-json\/wp\/v2\/comments?post=40469"}],"version-history":[{"count":1,"href":"https:\/\/sindenfermeiro.com.br\/index.php\/wp-json\/wp\/v2\/posts\/40469\/revisions"}],"predecessor-version":[{"id":40472,"href":"https:\/\/sindenfermeiro.com.br\/index.php\/wp-json\/wp\/v2\/posts\/40469\/revisions\/40472"}],"wp:featuredmedia":[{"embeddable":true,"href":"https:\/\/sindenfermeiro.com.br\/index.php\/wp-json\/wp\/v2\/media\/40471"}],"wp:attachment":[{"href":"https:\/\/sindenfermeiro.com.br\/index.php\/wp-json\/wp\/v2\/media?parent=40469"}],"wp:term":[{"taxonomy":"category","embeddable":true,"href":"https:\/\/sindenfermeiro.com.br\/index.php\/wp-json\/wp\/v2\/categories?post=40469"},{"taxonomy":"post_tag","embeddable":true,"href":"https:\/\/sindenfermeiro.com.br\/index.php\/wp-json\/wp\/v2\/tags?post=40469"}],"curies":[{"name":"wp","href":"https:\/\/api.w.org\/{rel}","templated":true}]}}