{"id":40467,"date":"2020-10-09T09:29:13","date_gmt":"2020-10-09T12:29:13","guid":{"rendered":"https:\/\/sindenfermeiro.com.br\/?p=40467"},"modified":"2026-04-27T02:52:41","modified_gmt":"2026-04-27T05:52:41","slug":"insalubridade-dos-enfermeiros-o-que-voce-precisa-saber","status":"publish","type":"post","link":"https:\/\/sindenfermeiro.com.br\/index.php\/2020\/10\/09\/insalubridade-dos-enfermeiros-o-que-voce-precisa-saber\/","title":{"rendered":"Insalubridade dos enfermeiros: o que voc\u00ea precisa saber"},"content":{"rendered":"<p><span style=\"font-size: 10pt\">Foto: reprodu\u00e7\u00e3o da internet\/Google imagens<\/span><\/p>\n<p style=\"text-align: justify\">Nos dias 29 de julho, 13 de agosto e 04 de setembro foi publicada a senten\u00e7a, o ac\u00f3rd\u00e3o e o transito em julgado \u2013 respectivamente \u2013 a respeito da a\u00e7\u00e3o sobre o desconto de insalubridade dos enfermeiros da Secretaria de Sa\u00fade em afastamentos legais. Ficou estabelecido ent\u00e3o, que n\u00e3o haveria mais descontos do adicional de insalubridade em afastamentos previstos na Lei Complementar 840\/2011.<\/p>\n<p style=\"text-align: justify\">A decis\u00e3o tamb\u00e9m definiu que os passivos relativos aos \u00faltimos cinco anos ser\u00e3o objeto de uma a\u00e7\u00e3o de cumprimento de senten\u00e7a. O trabalho de identifica\u00e7\u00e3o e levantamento dos valores que o GDF dever\u00e1 ressarcir aos enfermeiros j\u00e1 teve in\u00edcio. Haver\u00e1 um detalhamento individual do valor que cada enfermeiro receber\u00e1, como explica do diretor executivo do SindEnfermeiro-DF, M\u00e1rcio da Mata.<\/p>\n<p style=\"text-align: justify\">\u201cEsse trabalho possui certa complexidade, por conta disso, j\u00e1 iniciamos esse procedimento de forma priorit\u00e1ria e c\u00e9lere, atrav\u00e9s de nossas assessorias jur\u00eddica e cont\u00e1bil, para que possamos cumprir ao nosso sindicalizado mais essa vit\u00f3ria relativa ao adicional de insalubridade\u201d, destaca M\u00e1rcio.<\/p>\n<p><strong>Cancelamento definitivo<\/strong><\/p>\n<p style=\"text-align: justify\">A presidente do SindEnfermeiro, Dayse Amar\u00edlio, reitera que a suspens\u00e3o do desconto \u00e9 definitiva e que haver\u00e1 devolu\u00e7\u00e3o do que foi descontado. \u201cA devolu\u00e7\u00e3o dos valores dos \u00faltimos cinco anos far\u00e1 parte dessa a\u00e7\u00e3o de execu\u00e7\u00e3o de senten\u00e7a. Em breve traremos mais boas noticias sobre esse assunto. Essa \u00e9 mais uma vit\u00f3ria conquistada pelos enfermeiros\u201d, finaliza Dayse.<\/p>\n<p style=\"text-align: justify\">O SindEnfermeiro destaca que se houver eventuais descontos no contracheque dos enfermeiros ap\u00f3s 04 de setembro (data do tr\u00e2nsito em julgado):<\/p>\n<ul>\n<li style=\"text-align: justify\"><em><strong>\u00c9 necess\u00e1rio abrir uma administrativamente via SEI, afim de que se impe\u00e7a os descontos e coloque a <a href=\"https:\/\/sindenfermeiro.com.br\/wp-content\/uploads\/2020\/09\/SEI_GDF-46493624-Circular.pdf\">circular<\/a> em anexo;\u00a0<\/strong><\/em><\/li>\n<\/ul>\n<p style=\"text-align: justify\">Quais quer d\u00favidas, questionamentos ou informa\u00e7\u00f5es, basta entrar em contato com o escrit\u00f3rio \u00c1lvaro Castro Advogados Associados &#8211;\u00a0 contratado para cuidar exclusivamente desse assunto &#8211;\u00a0 pelo telefone\u00a0<strong> (61) \u00a03226-0953<\/strong>, ou pelos email : <strong>alvarocastro.adv@gmail.com<\/strong> ou <strong>i.castro@alvarocastroaca.com.br .<\/strong><\/p>\n<p style=\"text-align: justify\">\n","protected":false},"excerpt":{"rendered":"<p>Foto: reprodu\u00e7\u00e3o da internet\/Google imagens Nos dias 29 de julho, 13 de agosto e 04 de setembro foi publicada a senten\u00e7a, o ac\u00f3rd\u00e3o e o transito em julgado \u2013 respectivamente \u2013 a respeito da a\u00e7\u00e3o sobre o desconto de insalubridade dos enfermeiros da Secretaria de Sa\u00fade em afastamentos legais. Ficou estabelecido ent\u00e3o, que n\u00e3o haveria [&hellip;]<\/p>\n","protected":false},"author":6,"featured_media":40475,"comment_status":"open","ping_status":"open","sticky":false,"template":"","format":"standard","meta":{"footnotes":""},"categories":[6,5],"tags":[7,4,81,21],"class_list":["post-40467","post","type-post","status-publish","format-standard","has-post-thumbnail","hentry","category-noticias","category-rede-publica","tag-enfermagem","tag-insalubridade","tag-ses-df","tag-sindenfermeiro"],"_links":{"self":[{"href":"https:\/\/sindenfermeiro.com.br\/index.php\/wp-json\/wp\/v2\/posts\/40467","targetHints":{"allow":["GET"]}}],"collection":[{"href":"https:\/\/sindenfermeiro.com.br\/index.php\/wp-json\/wp\/v2\/posts"}],"about":[{"href":"https:\/\/sindenfermeiro.com.br\/index.php\/wp-json\/wp\/v2\/types\/post"}],"author":[{"embeddable":true,"href":"https:\/\/sindenfermeiro.com.br\/index.php\/wp-json\/wp\/v2\/users\/6"}],"replies":[{"embeddable":true,"href":"https:\/\/sindenfermeiro.com.br\/index.php\/wp-json\/wp\/v2\/comments?post=40467"}],"version-history":[{"count":7,"href":"https:\/\/sindenfermeiro.com.br\/index.php\/wp-json\/wp\/v2\/posts\/40467\/revisions"}],"predecessor-version":[{"id":41520,"href":"https:\/\/sindenfermeiro.com.br\/index.php\/wp-json\/wp\/v2\/posts\/40467\/revisions\/41520"}],"wp:featuredmedia":[{"embeddable":true,"href":"https:\/\/sindenfermeiro.com.br\/index.php\/wp-json\/wp\/v2\/media\/40475"}],"wp:attachment":[{"href":"https:\/\/sindenfermeiro.com.br\/index.php\/wp-json\/wp\/v2\/media?parent=40467"}],"wp:term":[{"taxonomy":"category","embeddable":true,"href":"https:\/\/sindenfermeiro.com.br\/index.php\/wp-json\/wp\/v2\/categories?post=40467"},{"taxonomy":"post_tag","embeddable":true,"href":"https:\/\/sindenfermeiro.com.br\/index.php\/wp-json\/wp\/v2\/tags?post=40467"}],"curies":[{"name":"wp","href":"https:\/\/api.w.org\/{rel}","templated":true}]}}