{"id":40455,"date":"2020-10-02T16:02:07","date_gmt":"2020-10-02T19:02:07","guid":{"rendered":"https:\/\/sindenfermeiro.com.br\/?p=40455"},"modified":"2026-04-26T22:42:33","modified_gmt":"2026-04-27T01:42:33","slug":"nota-de-repudio-secretaria-extraordinaria-da-familia","status":"publish","type":"post","link":"https:\/\/sindenfermeiro.com.br\/index.php\/2020\/10\/02\/nota-de-repudio-secretaria-extraordinaria-da-familia\/","title":{"rendered":"NOTA DE REP\u00daDIO \u2013 Secretaria Extraordin\u00e1ria da Fam\u00edlia"},"content":{"rendered":"<p><img loading=\"lazy\" decoding=\"async\" class=\"aligncenter wp-image-40456 \" src=\"https:\/\/sindenfermeiro.com.br\/wp-content\/uploads\/2020\/10\/WhatsApp-Image-2020-10-02-at-13.24.07.jpeg\" alt=\"\" width=\"600\" height=\"600\" srcset=\"https:\/\/sindenfermeiro.com.br\/wp-content\/uploads\/2020\/10\/WhatsApp-Image-2020-10-02-at-13.24.07.jpeg 1280w, https:\/\/sindenfermeiro.com.br\/wp-content\/uploads\/2020\/10\/WhatsApp-Image-2020-10-02-at-13.24.07-300x300.jpeg 300w, https:\/\/sindenfermeiro.com.br\/wp-content\/uploads\/2020\/10\/WhatsApp-Image-2020-10-02-at-13.24.07-1024x1024.jpeg 1024w, https:\/\/sindenfermeiro.com.br\/wp-content\/uploads\/2020\/10\/WhatsApp-Image-2020-10-02-at-13.24.07-150x150.jpeg 150w, https:\/\/sindenfermeiro.com.br\/wp-content\/uploads\/2020\/10\/WhatsApp-Image-2020-10-02-at-13.24.07-768x768.jpeg 768w\" sizes=\"auto, (max-width: 600px) 100vw, 600px\" \/><\/p>\n<p>O Sindicato dos Enfermeiros do Distrito Federal (SindEnfermeiro-DF), vem por meio desta nota se manifestar a respeito do Decreto 41.245, publicado no Di\u00e1rio Oficial (DODF) na \u00faltima segunda-feira (28), e que estabelece a cria\u00e7\u00e3o da Secretaria Extraordin\u00e1ria da Fam\u00edlia na estrutura organizacional do Governo do Distrito Federal (GDF).<\/p>\n<p>A princ\u00edpio, \u00e9 fundamental salientar que o DF j\u00e1 possui uma secretaria voltada para as quest\u00f5es de ordem social, familiar e de desenvolvimento humano \u2013 a SEDES, o que torna desnecess\u00e1ria a cria\u00e7\u00e3o de uma nova pasta com esse vi\u00e9s. Al\u00e9m disso, n\u00e3o est\u00e3o claros quais s\u00e3o os objetivos da nova pasta, e n\u00e3o houve at\u00e9 o momento nenhum esclarecimento das reais atribui\u00e7\u00f5es dessa nova secretaria.<\/p>\n<p>A abertura de 59 novos cargos para ocupar a nova secretaria tamb\u00e9m causa grande estranheza, pois ocorre pouco tempo ap\u00f3s a debandada do apoio parlamentar \u00e0 cria\u00e7\u00e3o da CPI da Pandemia para apurar as irregularidades na Secretaria de Sa\u00fade (SES-DF) \u2013 fator que gera grande desconfian\u00e7a quanto \u00e0 pr\u00e1tica de tr\u00e1fico de influ\u00eancia.<\/p>\n<p>Outro ponto que chama aten\u00e7\u00e3o \u00e9 que a quest\u00e3o or\u00e7ament\u00e1ria dentro do GDF tem sido um dos principais argumentos para barrar pautas que s\u00e3o de interesse de todo o funcionalismo p\u00fablico, como o pagamento da terceira parcela do reajuste para os servidores, concedida em 2013 e que, apesar de ter sido uma das promessas de campanha do atual governador, ainda n\u00e3o foi paga aos servidores.<\/p>\n<p>No decreto que cria a Secretaria Extraordin\u00e1ria da Fam\u00edlia \u2013 chefiada por um pastor, est\u00e1 estabelecida a cria\u00e7\u00e3o da \u201cDiretoria de Assuntos Religiosos\u201d. No entanto, uma das principais atribui\u00e7\u00f5es da nossa Constitui\u00e7\u00e3o \u00e9 promover a separa\u00e7\u00e3o do Estado e da religi\u00e3o, e evitar a promo\u00e7\u00e3o da persegui\u00e7\u00e3o religiosa de determinados credos. \u00c9 importante que representantes de todos os segmentos religiosos participem da constru\u00e7\u00e3o pol\u00edtica do pa\u00eds, mas \u00e9 ainda mais importante que a religi\u00e3o n\u00e3o seja uma pauta pol\u00edtica.<\/p>\n<p>Colocadas as quest\u00f5es acima, o SindEnfermeiro-DF reitera a sua posi\u00e7\u00e3o de vigil\u00e2ncia em defesa da correta aplica\u00e7\u00e3o dos recursos p\u00fablicos nas reais necessidades de toda a popula\u00e7\u00e3o do DF,\u00a0e estar\u00e1 atento aos desdobramentos que envolvem a cria\u00e7\u00e3o de mais um poss\u00edvel cabide de empregos no funcionalismo do Distrito Federal. O GDF precisa se explicar.<\/p>\n","protected":false},"excerpt":{"rendered":"<p>O Sindicato dos Enfermeiros do Distrito Federal (SindEnfermeiro-DF), vem por meio desta nota se manifestar a respeito do Decreto 41.245, publicado no Di\u00e1rio Oficial (DODF) na \u00faltima segunda-feira (28), e que estabelece a cria\u00e7\u00e3o da Secretaria Extraordin\u00e1ria da Fam\u00edlia na estrutura organizacional do Governo do Distrito Federal (GDF). A princ\u00edpio, \u00e9 fundamental salientar que o [&hellip;]<\/p>\n","protected":false},"author":6,"featured_media":40456,"comment_status":"open","ping_status":"open","sticky":false,"template":"","format":"standard","meta":{"footnotes":""},"categories":[6,13,5],"tags":[120,251,615],"class_list":["post-40455","post","type-post","status-publish","format-standard","has-post-thumbnail","hentry","category-noticias","category-rede-privada","category-rede-publica","tag-gdf","tag-nota-de-repudio","tag-secretaria-da-familia"],"_links":{"self":[{"href":"https:\/\/sindenfermeiro.com.br\/index.php\/wp-json\/wp\/v2\/posts\/40455","targetHints":{"allow":["GET"]}}],"collection":[{"href":"https:\/\/sindenfermeiro.com.br\/index.php\/wp-json\/wp\/v2\/posts"}],"about":[{"href":"https:\/\/sindenfermeiro.com.br\/index.php\/wp-json\/wp\/v2\/types\/post"}],"author":[{"embeddable":true,"href":"https:\/\/sindenfermeiro.com.br\/index.php\/wp-json\/wp\/v2\/users\/6"}],"replies":[{"embeddable":true,"href":"https:\/\/sindenfermeiro.com.br\/index.php\/wp-json\/wp\/v2\/comments?post=40455"}],"version-history":[{"count":1,"href":"https:\/\/sindenfermeiro.com.br\/index.php\/wp-json\/wp\/v2\/posts\/40455\/revisions"}],"predecessor-version":[{"id":40457,"href":"https:\/\/sindenfermeiro.com.br\/index.php\/wp-json\/wp\/v2\/posts\/40455\/revisions\/40457"}],"wp:featuredmedia":[{"embeddable":true,"href":"https:\/\/sindenfermeiro.com.br\/index.php\/wp-json\/wp\/v2\/media\/40456"}],"wp:attachment":[{"href":"https:\/\/sindenfermeiro.com.br\/index.php\/wp-json\/wp\/v2\/media?parent=40455"}],"wp:term":[{"taxonomy":"category","embeddable":true,"href":"https:\/\/sindenfermeiro.com.br\/index.php\/wp-json\/wp\/v2\/categories?post=40455"},{"taxonomy":"post_tag","embeddable":true,"href":"https:\/\/sindenfermeiro.com.br\/index.php\/wp-json\/wp\/v2\/tags?post=40455"}],"curies":[{"name":"wp","href":"https:\/\/api.w.org\/{rel}","templated":true}]}}