{"id":40450,"date":"2020-10-02T13:19:26","date_gmt":"2020-10-02T16:19:26","guid":{"rendered":"https:\/\/sindenfermeiro.com.br\/?p=40450"},"modified":"2026-04-27T04:11:46","modified_gmt":"2026-04-27T07:11:46","slug":"sindenfermeiro-vai-ate-hmib-apurar-denuncias-contra-diretoria-do-hospital","status":"publish","type":"post","link":"https:\/\/sindenfermeiro.com.br\/index.php\/2020\/10\/02\/sindenfermeiro-vai-ate-hmib-apurar-denuncias-contra-diretoria-do-hospital\/","title":{"rendered":"SindEnfermeiro vai at\u00e9 HMIB apurar den\u00fancias contra diretoria do hospital"},"content":{"rendered":"<p style=\"text-align: justify\">Na manh\u00e3 desta sexta (02), o Sindicato dos Enfermeiros do Distrito Federal (SindEnfermeiro-DF) foi at\u00e9 o Hospital Materno Infantil de Bras\u00edlia (HMIB) apurar den\u00fancias sobre a forma com que as diretorias geral, de assist\u00eancia e administrativa da institui\u00e7\u00e3o t\u00eam atuado diante da reestrutura\u00e7\u00e3o dos espa\u00e7os, dos servi\u00e7os e a forma de tratamento com todos os servidores, n\u00e3o s\u00f3 da enfermagem.<\/p>\n<p style=\"text-align: justify\">De acordo com a presidente do SindEnfermeiro, Dayse Amar\u00edlio, \u201cdiversas categorias expressaram seu descontentamento com a forma intransigente e desrespeitosa com que a dire\u00e7\u00e3o se comporta com o servidores\u201d, relatou Dayse. Al\u00e9m da presidente, ao diretor executivo do sindicato, M\u00e1rcio da Mata, tamb\u00e9m participou da visita.<\/p>\n<p style=\"text-align: justify\">O SindEnfermeiro se reunir\u00e1 com outras representa\u00e7\u00f5es dos trabalhadores se solicitar\u00e1 uma reuni\u00e3o com a diretoria do HMIB para resolver o impasse, al\u00e9m disso, tamb\u00e9m ser\u00e1 solicitado um encontro com a dire\u00e7\u00e3o da institui\u00e7\u00e3o.<\/p>\n","protected":false},"excerpt":{"rendered":"<p>Na manh\u00e3 desta sexta (02), o Sindicato dos Enfermeiros do Distrito Federal (SindEnfermeiro-DF) foi at\u00e9 o Hospital Materno Infantil de Bras\u00edlia (HMIB) apurar den\u00fancias sobre a forma com que as diretorias geral, de assist\u00eancia e administrativa da institui\u00e7\u00e3o t\u00eam atuado diante da reestrutura\u00e7\u00e3o dos espa\u00e7os, dos servi\u00e7os e a forma de tratamento com todos os [&hellip;]<\/p>\n","protected":false},"author":6,"featured_media":40451,"comment_status":"open","ping_status":"open","sticky":false,"template":"","format":"standard","meta":{"footnotes":""},"categories":[6,5],"tags":[108,7,209,54,109,248,43,81,56,614],"class_list":["post-40450","post","type-post","status-publish","format-standard","has-post-thumbnail","hentry","category-noticias","category-rede-publica","tag-denuncia","tag-enfermagem","tag-enfermeiras","tag-enfermeiros","tag-fiscaliza-sindenfermeiro","tag-hmib","tag-saude","tag-ses-df","tag-sindicato","tag-trabalhador"],"_links":{"self":[{"href":"https:\/\/sindenfermeiro.com.br\/index.php\/wp-json\/wp\/v2\/posts\/40450","targetHints":{"allow":["GET"]}}],"collection":[{"href":"https:\/\/sindenfermeiro.com.br\/index.php\/wp-json\/wp\/v2\/posts"}],"about":[{"href":"https:\/\/sindenfermeiro.com.br\/index.php\/wp-json\/wp\/v2\/types\/post"}],"author":[{"embeddable":true,"href":"https:\/\/sindenfermeiro.com.br\/index.php\/wp-json\/wp\/v2\/users\/6"}],"replies":[{"embeddable":true,"href":"https:\/\/sindenfermeiro.com.br\/index.php\/wp-json\/wp\/v2\/comments?post=40450"}],"version-history":[{"count":3,"href":"https:\/\/sindenfermeiro.com.br\/index.php\/wp-json\/wp\/v2\/posts\/40450\/revisions"}],"predecessor-version":[{"id":40454,"href":"https:\/\/sindenfermeiro.com.br\/index.php\/wp-json\/wp\/v2\/posts\/40450\/revisions\/40454"}],"wp:featuredmedia":[{"embeddable":true,"href":"https:\/\/sindenfermeiro.com.br\/index.php\/wp-json\/wp\/v2\/media\/40451"}],"wp:attachment":[{"href":"https:\/\/sindenfermeiro.com.br\/index.php\/wp-json\/wp\/v2\/media?parent=40450"}],"wp:term":[{"taxonomy":"category","embeddable":true,"href":"https:\/\/sindenfermeiro.com.br\/index.php\/wp-json\/wp\/v2\/categories?post=40450"},{"taxonomy":"post_tag","embeddable":true,"href":"https:\/\/sindenfermeiro.com.br\/index.php\/wp-json\/wp\/v2\/tags?post=40450"}],"curies":[{"name":"wp","href":"https:\/\/api.w.org\/{rel}","templated":true}]}}